{"id":82822,"date":"2026-08-31T10:55:39","date_gmt":"2026-08-31T13:55:39","guid":{"rendered":"https:\/\/insurancecorp.com.br\/pt\/?p=82822"},"modified":"2026-08-31T10:55:39","modified_gmt":"2026-08-31T13:55:39","slug":"sompo-destaca-papel-estrategico-do-seguro-garantia-em-debate-sobre-a-modernizacao-das-concessoes-e-ppps","status":"publish","type":"post","link":"https:\/\/insurancecorp.com.br\/pt\/2026\/08\/31\/sompo-destaca-papel-estrategico-do-seguro-garantia-em-debate-sobre-a-modernizacao-das-concessoes-e-ppps\/","title":{"rendered":"Sompo destaca papel estrat\u00e9gico do Seguro Garantia em debate sobre a moderniza\u00e7\u00e3o das concess\u00f5es e PPPs"},"content":{"rendered":"<p align=\"justify\">A <a href=\"https:\/\/sompo.com.br\/\" target=\"_blank\" rel=\"noopener noreferrer\"><b>Sompo<\/b><\/a>, subsidi\u00e1ria da empresa respons\u00e1vel pelas opera\u00e7\u00f5es de seguro e resseguro do Grupo Sompo Holdings fora do Jap\u00e3o, participou do <a href=\"https:\/\/www.faroldainfraestrutura.com.br\/\" target=\"_blank\" rel=\"noopener noreferrer\">III Legal Infra Summit | JOTA Farol da Infraestrutura<\/a>, realizado em 26 de agosto, na Arena B3, em S\u00e3o Paulo. Patrocinadora do encontro, a companhia esteve representada por Jo\u00e3o Alfredo Di Girolamo Filho, Diretor de Garantia da Sompo, no painel \u201c<i>Os Novos Mecanismos Contratuais e Extracontratuais e as Novas Modelagens de Concess\u00f5es e PPPs<\/i>\u201d, que reuniu especialistas dos setores p\u00fablico, financeiro, jur\u00eddico, segurador e de infraestrutura para discutir os avan\u00e7os regulat\u00f3rios que v\u00eam transformando o ambiente de investimentos no Pa\u00eds.<\/p>\n<p align=\"justify\">Moderado por Ang\u00e9lica Petian, s\u00f3cia-diretora do <a href=\"https:\/\/vernalhapereira.com.br\/\" target=\"_blank\" rel=\"noopener noreferrer\">Vernalha Pereira<\/a>, o painel contou ainda com a participa\u00e7\u00e3o de Marcelo Fonseca, diretor interino da <a href=\"https:\/\/www.gov.br\/antt\/pt-br\" target=\"_blank\" rel=\"noopener noreferrer\">Ag\u00eancia Nacional de Transportes Terrestres &#8211; ANTT<\/a>; Daniel Ken, advogado e chefe do Departamento Jur\u00eddico de Infraestrutura do <a href=\"https:\/\/www.bndes.gov.br\/wps\/portal\/site\/home\" target=\"_blank\" rel=\"noopener noreferrer\">BNDES \u2013 Banco Nacional do Desenvolvimento<\/a>; Renata Dantas, Investment Officer da <a href=\"https:\/\/www.ifc.org\/en\/about\" target=\"_blank\" rel=\"noopener noreferrer\">Corpora\u00e7\u00e3o Financeira Internacional<\/a> (<i>IFC, na sigla em ingl\u00eas, institui\u00e7\u00e3o membro do Grupo Banco Mundial e maior institui\u00e7\u00e3o global de desenvolvimento focada no setor privado em mercados emergentes<\/i>); e Andr\u00e9 Dabus, diretor de Infraestrutura e Constru\u00e7\u00e3o da Marsh Risk.<\/p>\n<p align=\"justify\">Durante o debate, os especialistas destacaram a evolu\u00e7\u00e3o dos contratos de infraestrutura rumo a modelos mais flex\u00edveis e adaptativos, capazes de responder a riscos clim\u00e1ticos, tecnol\u00f3gicos e econ\u00f4micos cada vez mais complexos. Temas como compartilhamento de riscos cr\u00edticos, mecanismos de liquidez, programas de resili\u00eancia clim\u00e1tica, solu\u00e7\u00f5es consensuais de conflitos e moderniza\u00e7\u00e3o das matrizes de riscos estiveram entre os principais pontos discutidos.<\/p>\n<p align=\"justify\">Para Jo\u00e3o Alfredo Di Girolamo Filho, o avan\u00e7o das concess\u00f5es e PPPs passa necessariamente pelo fortalecimento dos mecanismos de mitiga\u00e7\u00e3o de riscos e pelo alinhamento entre os diversos agentes envolvidos na estrutura\u00e7\u00e3o dos projetos.<\/p>\n<p align=\"justify\">\u201cO Seguro Garantia deixou de ser apenas um instrumento acess\u00f3rio para se tornar um elemento estrat\u00e9gico na viabiliza\u00e7\u00e3o e na bancabilidade dos empreendimentos de infraestrutura. Quanto mais clara for a aloca\u00e7\u00e3o dos riscos e mais previs\u00edvel for o ambiente regulat\u00f3rio, maior ser\u00e1 a capacidade do mercado segurador de oferecer solu\u00e7\u00f5es aderentes \u00e0s necessidades dos projetos e contribuir para a atra\u00e7\u00e3o de investimentos de longo prazo\u201d, afirma.<\/p>\n<p align=\"justify\">O executivo destacou ainda que a participa\u00e7\u00e3o do setor segurador nas discuss\u00f5es sobre modelagem contratual \u00e9 fundamental para uma precifica\u00e7\u00e3o adequada dos riscos e para a constru\u00e7\u00e3o de estruturas sustent\u00e1veis ao longo de todo o ciclo de vida das concess\u00f5es.<\/p>\n<p align=\"justify\">\u201cA sofistica\u00e7\u00e3o das matrizes de risco e a cria\u00e7\u00e3o de mecanismos de compartilhamento entre poder concedente, concession\u00e1rios, financiadores e seguradoras s\u00e3o fatores essenciais para ampliar a seguran\u00e7a jur\u00eddica dos contratos. Isso gera previsibilidade aos investidores e fortalece a capacidade de execu\u00e7\u00e3o dos projetos\u201d, acrescenta Di Girolamo Filho.<\/p>\n<h4 align=\"justify\">Ambiente regulat\u00f3rio, seguran\u00e7a jur\u00eddica e retomada de obras<\/h4>\n<p align=\"justify\">Entre os aspectos legais debatidos durante o painel, ganhou destaque a evolu\u00e7\u00e3o das matrizes de risco, a consolida\u00e7\u00e3o de mecanismos consensuais para renegocia\u00e7\u00e3o de contratos e o aperfei\u00e7oamento da pol\u00edtica de seguros aplicada aos projetos de infraestrutura. A discuss\u00e3o evidenciou a import\u00e2ncia de instrumentos que permitam maior previsibilidade financeira, preservem o equil\u00edbrio econ\u00f4mico-financeiro dos contratos e ofere\u00e7am respostas mais eficazes diante de eventos extraordin\u00e1rios.<\/p>\n<p align=\"justify\">Nesse contexto, o Seguro Garantia foi apontado como uma ferramenta relevante para mitigar riscos de inadimpl\u00eancia contratual e contribuir para a continuidade dos empreendimentos. Quest\u00f5es relacionadas \u00e0s cl\u00e1usulas de retomada de obras (<i>step-in rights<\/i>), \u00e0 necessidade de regulamenta\u00e7\u00e3o mais clara para sua operacionaliza\u00e7\u00e3o e aos mecanismos de renova\u00e7\u00e3o obrigat\u00f3ria em contratos de longo prazo tamb\u00e9m estiveram entre os temas abordados.<\/p>\n<p align=\"justify\">A discuss\u00e3o refor\u00e7ou ainda a import\u00e2ncia de dispositivos previstos no marco legal das contrata\u00e7\u00f5es p\u00fablicas, especialmente aqueles que ampliam as possibilidades de acompanhamento da execu\u00e7\u00e3o contratual, monitoramento de riscos e ado\u00e7\u00e3o de medidas destinadas \u00e0 continuidade das obras e servi\u00e7os em casos de inadimplemento, fortalecendo a governan\u00e7a e a capacidade de entrega dos projetos.<\/p>\n<h4 align=\"justify\">Perspectivas positivas para a infraestrutura brasileira<\/h4>\n<p align=\"justify\">O debate sobre a moderniza\u00e7\u00e3o dos contratos de infraestrutura ocorre em um momento de forte protagonismo do setor privado e de amplia\u00e7\u00e3o da carteira de projetos estruturados no Pa\u00eds. Segundo o <a href=\"https:\/\/www.abdib.org.br\/wp-content\/uploads\/2026\/08\/202607-EYP_15a-Barometro-da-Infraestrutura_VF.pdf\" target=\"_blank\" rel=\"noopener noreferrer\">15\u00ba Bar\u00f4metro da Infraestrutura Brasileira<\/a>, realizado pela <a href=\"https:\/\/www.abdib.org.br\/\" target=\"_blank\" rel=\"noopener noreferrer\">ABDIB (Associa\u00e7\u00e3o Brasileira da Infraestrutura e Ind\u00fastrias de Base)<\/a> em parceria com a <a href=\"https:\/\/www.ey.com\/pt_br\/services\/strategy\/parthenon\" target=\"_blank\" rel=\"noopener noreferrer\">EY-Parthenon<\/a>, o setor privado respondeu por aproximadamente 80% dos investimentos em infraestrutura realizados em 2025, refor\u00e7ando seu papel central na expans\u00e3o da capacidade de investimento nacional. O estudo destaca ainda a exist\u00eancia de uma ampla carteira de projetos de concess\u00f5es e PPPs em estrutura\u00e7\u00e3o, com potencial para impulsionar novos aportes nos pr\u00f3ximos anos.<\/p>\n<p align=\"justify\">J\u00e1 o <a href=\"https:\/\/www.abdib.org.br\/wp-content\/uploads\/2025\/11\/Livro-Azul-da-Infraestrutura-2025-miolo-R04-pag-a-pag_FINAL.pdf\" target=\"_blank\" rel=\"noopener noreferrer\">Livro Azul da Infraestrutura 2025<\/a>, tamb\u00e9m publicado pela ABDIB, estima em cerca de R$ 280 bilh\u00f5es os investimentos em infraestrutura em 2025, configurando um novo recorde da s\u00e9rie hist\u00f3rica iniciada em 2010. Apesar desse avan\u00e7o, o Pa\u00eds ainda enfrenta um d\u00e9ficit relevante de investimentos, especialmente nos segmentos de transporte, log\u00edstica e saneamento b\u00e1sico. O estudo projeta que o Brasil necessita investir aproximadamente R$ 497,7 bilh\u00f5es por ano para atender adequadamente suas necessidades de infraestrutura, o que representa um hiato anual de cerca de R$ 217,8 bilh\u00f5es em rela\u00e7\u00e3o ao volume atualmente investido.<\/p>\n<p align=\"justify\">As perspectivas para os pr\u00f3ximos anos permanecem favor\u00e1veis. O Livro Azul da Infraestrutura 2025 identifica 469 projetos de concess\u00e3o e PPPs em estrutura\u00e7\u00e3o, nos \u00e2mbitos federal, estadual e municipal, abrangendo \u00e1reas como transportes, energia, saneamento, mobilidade urbana e infraestrutura social. Juntos, esses projetos somam cerca de R$ 757,3 bilh\u00f5es em investimentos previstos, com destaque para os setores de rodovias (R$ 209,5 bilh\u00f5es), ferrovias (R$ 183,3 bilh\u00f5es), mobilidade urbana (R$ 174,6 bilh\u00f5es) e saneamento (R$ 81,1 bilh\u00f5es).<\/p>\n<p align=\"justify\">Para o mercado de Seguro Garantia, esse cen\u00e1rio refor\u00e7a a necessidade de estruturas contratuais cada vez mais robustas, mecanismos eficientes de compartilhamento de riscos e instrumentos que assegurem a bancabilidade e a continuidade dos projetos ao longo de todo o ciclo de execu\u00e7\u00e3o, especialmente diante da crescente participa\u00e7\u00e3o da iniciativa privada na expans\u00e3o da infraestrutura nacional.<\/p>\n<p align=\"justify\"><strong>Assessoria Sompo\u00a0<\/strong><\/p>\n","protected":false},"excerpt":{"rendered":"<p>A Sompo, subsidi\u00e1ria da empresa respons\u00e1vel pelas opera\u00e7\u00f5es de seguro e resseguro do Grupo Sompo Holdings fora do Jap\u00e3o, participou do III Legal Infra Summit | JOTA Farol da Infraestrutura, realizado em 26 de agosto, na Arena B3, em S\u00e3o Paulo. Patrocinadora do encontro, a companhia esteve representada por Jo\u00e3o Alfredo Di Girolamo Filho, Diretor [&hellip;]<\/p>\n","protected":false},"author":2,"featured_media":82824,"comment_status":"open","ping_status":"open","sticky":false,"template":"","format":"standard","meta":[],"categories":[10236],"tags":[1340,16548,884,7176],"jetpack_featured_media_url":"https:\/\/insurancecorp.com.br\/pt\/wp-content\/uploads\/2026\/08\/Joao-Alfredo-Di-Girolamo-Filho-SOMPO-26-scaled-e1788184430787.jpg","yoast_head":"<!-- This site is optimized with the Yoast SEO plugin v14.8 - https:\/\/yoast.com\/wordpress\/plugins\/seo\/ -->\n<title>Sompo destaca papel estrat\u00e9gico do Seguro Garantia em debate sobre a moderniza\u00e7\u00e3o das concess\u00f5es e PPPs | Revista Insurance Corp | PT-BR<\/title>\n<meta name=\"robots\" content=\"index, follow\" \/>\n<meta name=\"googlebot\" content=\"index, follow, max-snippet:-1, max-image-preview:large, max-video-preview:-1\" \/>\n<meta name=\"bingbot\" content=\"index, follow, max-snippet:-1, max-image-preview:large, max-video-preview:-1\" \/>\n<link rel=\"canonical\" href=\"https:\/\/insurancecorp.com.br\/pt\/2026\/08\/31\/sompo-destaca-papel-estrategico-do-seguro-garantia-em-debate-sobre-a-modernizacao-das-concessoes-e-ppps\/\" \/>\n<meta property=\"og:locale\" content=\"pt_BR\" \/>\n<meta property=\"og:type\" content=\"article\" \/>\n<meta property=\"og:title\" content=\"Sompo destaca papel estrat\u00e9gico do Seguro Garantia em debate sobre a moderniza\u00e7\u00e3o das concess\u00f5es e PPPs | Revista Insurance Corp | PT-BR\" \/>\n<meta property=\"og:description\" content=\"A Sompo, subsidi\u00e1ria da empresa respons\u00e1vel pelas opera\u00e7\u00f5es de seguro e resseguro do Grupo Sompo Holdings fora do Jap\u00e3o, participou do III Legal Infra Summit | JOTA Farol da Infraestrutura, realizado em 26 de agosto, na Arena B3, em S\u00e3o Paulo. Patrocinadora do encontro, a companhia esteve representada por Jo\u00e3o Alfredo Di Girolamo Filho, Diretor [&hellip;]\" \/>\n<meta property=\"og:url\" content=\"https:\/\/insurancecorp.com.br\/pt\/2026\/08\/31\/sompo-destaca-papel-estrategico-do-seguro-garantia-em-debate-sobre-a-modernizacao-das-concessoes-e-ppps\/\" \/>\n<meta property=\"og:site_name\" content=\"Revista Insurance Corp | PT-BR\" \/>\n<meta property=\"article:publisher\" content=\"https:\/\/www.facebook.com\/RevistaInsuranceCorp\/\" \/>\n<meta property=\"article:published_time\" content=\"2026-08-31T13:55:39+00:00\" \/>\n<meta property=\"og:image\" content=\"https:\/\/insurancecorp.com.br\/pt\/wp-content\/uploads\/2026\/08\/Joao-Alfredo-Di-Girolamo-Filho-SOMPO-26-scaled-e1788184430787.jpg\" \/>\n\t<meta property=\"og:image:width\" content=\"2560\" \/>\n\t<meta property=\"og:image:height\" content=\"1120\" \/>\n<meta name=\"twitter:card\" content=\"summary\" \/>\n<script type=\"application\/ld+json\" class=\"yoast-schema-graph\">{\"@context\":\"https:\/\/schema.org\",\"@graph\":[{\"@type\":\"Organization\",\"@id\":\"https:\/\/insurancecorp.com.br\/pt\/#organization\",\"name\":\"Revista Insurance Corp\",\"url\":\"https:\/\/insurancecorp.com.br\/pt\/\",\"sameAs\":[\"https:\/\/www.facebook.com\/RevistaInsuranceCorp\/\"],\"logo\":{\"@type\":\"ImageObject\",\"@id\":\"https:\/\/insurancecorp.com.br\/pt\/#logo\",\"inLanguage\":\"pt-BR\",\"url\":\"\",\"caption\":\"Revista Insurance Corp\"},\"image\":{\"@id\":\"https:\/\/insurancecorp.com.br\/pt\/#logo\"}},{\"@type\":\"WebSite\",\"@id\":\"https:\/\/insurancecorp.com.br\/pt\/#website\",\"url\":\"https:\/\/insurancecorp.com.br\/pt\/\",\"name\":\"Revista Insurance Corp | PT-BR\",\"description\":\"A \\u00fanica revista bil\\u00edngue voltada ao mercado de seguro.\",\"publisher\":{\"@id\":\"https:\/\/insurancecorp.com.br\/pt\/#organization\"},\"potentialAction\":[{\"@type\":\"SearchAction\",\"target\":\"https:\/\/insurancecorp.com.br\/pt\/?s={search_term_string}\",\"query-input\":\"required name=search_term_string\"}],\"inLanguage\":\"pt-BR\"},{\"@type\":\"ImageObject\",\"@id\":\"https:\/\/insurancecorp.com.br\/pt\/2026\/08\/31\/sompo-destaca-papel-estrategico-do-seguro-garantia-em-debate-sobre-a-modernizacao-das-concessoes-e-ppps\/#primaryimage\",\"inLanguage\":\"pt-BR\",\"url\":\"https:\/\/insurancecorp.com.br\/pt\/wp-content\/uploads\/2026\/08\/Joao-Alfredo-Di-Girolamo-Filho-SOMPO-26-scaled-e1788184430787.jpg\",\"width\":2560,\"height\":1120},{\"@type\":\"WebPage\",\"@id\":\"https:\/\/insurancecorp.com.br\/pt\/2026\/08\/31\/sompo-destaca-papel-estrategico-do-seguro-garantia-em-debate-sobre-a-modernizacao-das-concessoes-e-ppps\/#webpage\",\"url\":\"https:\/\/insurancecorp.com.br\/pt\/2026\/08\/31\/sompo-destaca-papel-estrategico-do-seguro-garantia-em-debate-sobre-a-modernizacao-das-concessoes-e-ppps\/\",\"name\":\"Sompo destaca papel estrat\\u00e9gico do Seguro Garantia em debate sobre a moderniza\\u00e7\\u00e3o das concess\\u00f5es e PPPs | Revista Insurance Corp | PT-BR\",\"isPartOf\":{\"@id\":\"https:\/\/insurancecorp.com.br\/pt\/#website\"},\"primaryImageOfPage\":{\"@id\":\"https:\/\/insurancecorp.com.br\/pt\/2026\/08\/31\/sompo-destaca-papel-estrategico-do-seguro-garantia-em-debate-sobre-a-modernizacao-das-concessoes-e-ppps\/#primaryimage\"},\"datePublished\":\"2026-08-31T13:55:39+00:00\",\"dateModified\":\"2026-08-31T13:55:39+00:00\",\"inLanguage\":\"pt-BR\",\"potentialAction\":[{\"@type\":\"ReadAction\",\"target\":[\"https:\/\/insurancecorp.com.br\/pt\/2026\/08\/31\/sompo-destaca-papel-estrategico-do-seguro-garantia-em-debate-sobre-a-modernizacao-das-concessoes-e-ppps\/\"]}]},{\"@type\":\"Article\",\"@id\":\"https:\/\/insurancecorp.com.br\/pt\/2026\/08\/31\/sompo-destaca-papel-estrategico-do-seguro-garantia-em-debate-sobre-a-modernizacao-das-concessoes-e-ppps\/#article\",\"isPartOf\":{\"@id\":\"https:\/\/insurancecorp.com.br\/pt\/2026\/08\/31\/sompo-destaca-papel-estrategico-do-seguro-garantia-em-debate-sobre-a-modernizacao-das-concessoes-e-ppps\/#webpage\"},\"author\":{\"@id\":\"https:\/\/insurancecorp.com.br\/pt\/#\/schema\/person\/1b69c8cf325f0b7167f1b171f52df4af\"},\"headline\":\"Sompo destaca papel estrat\\u00e9gico do Seguro Garantia em debate sobre a moderniza\\u00e7\\u00e3o das concess\\u00f5es e PPPs\",\"datePublished\":\"2026-08-31T13:55:39+00:00\",\"dateModified\":\"2026-08-31T13:55:39+00:00\",\"mainEntityOfPage\":{\"@id\":\"https:\/\/insurancecorp.com.br\/pt\/2026\/08\/31\/sompo-destaca-papel-estrategico-do-seguro-garantia-em-debate-sobre-a-modernizacao-das-concessoes-e-ppps\/#webpage\"},\"commentCount\":0,\"publisher\":{\"@id\":\"https:\/\/insurancecorp.com.br\/pt\/#organization\"},\"image\":{\"@id\":\"https:\/\/insurancecorp.com.br\/pt\/2026\/08\/31\/sompo-destaca-papel-estrategico-do-seguro-garantia-em-debate-sobre-a-modernizacao-das-concessoes-e-ppps\/#primaryimage\"},\"keywords\":\"debate,PPPs,seguro garantia,Sompo\",\"articleSection\":\"Sompo\",\"inLanguage\":\"pt-BR\",\"potentialAction\":[{\"@type\":\"CommentAction\",\"name\":\"Comment\",\"target\":[\"https:\/\/insurancecorp.com.br\/pt\/2026\/08\/31\/sompo-destaca-papel-estrategico-do-seguro-garantia-em-debate-sobre-a-modernizacao-das-concessoes-e-ppps\/#respond\"]}]},{\"@type\":\"Person\",\"@id\":\"https:\/\/insurancecorp.com.br\/pt\/#\/schema\/person\/1b69c8cf325f0b7167f1b171f52df4af\",\"name\":\"Publica\\u00e7\\u00e3o\",\"image\":{\"@type\":\"ImageObject\",\"@id\":\"https:\/\/insurancecorp.com.br\/pt\/#personlogo\",\"inLanguage\":\"pt-BR\",\"url\":\"https:\/\/secure.gravatar.com\/avatar\/17226f1f60486eb25d4c6b301ffed37f?s=96&d=mm&r=g\",\"caption\":\"Publica\\u00e7\\u00e3o\"}}]}<\/script>\n<!-- \/ Yoast SEO plugin. -->","_links":{"self":[{"href":"https:\/\/insurancecorp.com.br\/pt\/wp-json\/wp\/v2\/posts\/82822"}],"collection":[{"href":"https:\/\/insurancecorp.com.br\/pt\/wp-json\/wp\/v2\/posts"}],"about":[{"href":"https:\/\/insurancecorp.com.br\/pt\/wp-json\/wp\/v2\/types\/post"}],"author":[{"embeddable":true,"href":"https:\/\/insurancecorp.com.br\/pt\/wp-json\/wp\/v2\/users\/2"}],"replies":[{"embeddable":true,"href":"https:\/\/insurancecorp.com.br\/pt\/wp-json\/wp\/v2\/comments?post=82822"}],"version-history":[{"count":1,"href":"https:\/\/insurancecorp.com.br\/pt\/wp-json\/wp\/v2\/posts\/82822\/revisions"}],"predecessor-version":[{"id":82826,"href":"https:\/\/insurancecorp.com.br\/pt\/wp-json\/wp\/v2\/posts\/82822\/revisions\/82826"}],"wp:featuredmedia":[{"embeddable":true,"href":"https:\/\/insurancecorp.com.br\/pt\/wp-json\/wp\/v2\/media\/82824"}],"wp:attachment":[{"href":"https:\/\/insurancecorp.com.br\/pt\/wp-json\/wp\/v2\/media?parent=82822"}],"wp:term":[{"taxonomy":"category","embeddable":true,"href":"https:\/\/insurancecorp.com.br\/pt\/wp-json\/wp\/v2\/categories?post=82822"},{"taxonomy":"post_tag","embeddable":true,"href":"https:\/\/insurancecorp.com.br\/pt\/wp-json\/wp\/v2\/tags?post=82822"}],"curies":[{"name":"wp","href":"https:\/\/api.w.org\/{rel}","templated":true}]}}