{"id":82814,"date":"2026-08-31T10:08:15","date_gmt":"2026-08-31T13:08:15","guid":{"rendered":"https:\/\/insurancecorp.com.br\/pt\/?p=82814"},"modified":"2026-08-31T10:08:15","modified_gmt":"2026-08-31T13:08:15","slug":"sicredi-dexis-encerra-rodada-do-plano-safra-com-mais-de-3-mil-associados-impactados","status":"publish","type":"post","link":"https:\/\/insurancecorp.com.br\/pt\/2026\/08\/31\/sicredi-dexis-encerra-rodada-do-plano-safra-com-mais-de-3-mil-associados-impactados\/","title":{"rendered":"Sicredi Dexis encerra rodada do Plano Safra com mais de 3 mil associados impactados"},"content":{"rendered":"<p align=\"justify\">Ap\u00f3s cerca de 30 dias de encontros voltados a produtores rurais para divulgar as diretrizes do Plano Safra 2026\/2027, a Sicredi Dexis encerrou a a\u00e7\u00e3o com um balan\u00e7o expressivo: foram 64 eventos, que reuniram produtores de todos os munic\u00edpios onde a cooperativa atua, impactando mais de 3 mil associados. Os encontros, somados ao atendimento pr\u00f3ximo, j\u00e1 resultaram em aproximadamente R$ 573 milh\u00f5es em cr\u00e9dito liberado.<\/p>\n<p align=\"justify\">Os encontros reuniram tamb\u00e9m parceiros comerciais, promovendo a exposi\u00e7\u00e3o de equipamentos e gerando novas oportunidades de neg\u00f3cios no campo. \u201cConsideramos este momento de divulga\u00e7\u00e3o do Plano Safra de extrema relev\u00e2ncia para a cooperativa\u201d, destaca Vitor Pasquini, gerente de Desenvolvimento do Agroneg\u00f3cio.<\/p>\n<p align=\"justify\">Al\u00e9m de detalhar as diretrizes do novo Plano Safra, Pasquini avalia que os eventos fortaleceram a proximidade com o produtor rural e reafirmaram a confian\u00e7a na institui\u00e7\u00e3o. \u201cApresentamos as principais mudan\u00e7as em rela\u00e7\u00e3o ao ciclo anterior e refor\u00e7amos solu\u00e7\u00f5es que impulsionam a produ\u00e7\u00e3o e levam mais qualidade de vida ao campo\u201d, afirma.<\/p>\n<h4 align=\"justify\">Atendimento pr\u00f3ximo e personalizado<\/h4>\n<p align=\"justify\">O formato das reuni\u00f5es deste ano foi um dos grandes destaques. A cooperativa substituiu os grandes eventos por encontros menores e mais regionalizados. Com isso, as equipes de ger\u00eancia puderam sentar com grupos reduzidos de produtores, entender as demandas individuais de cada propriedade e oferecer orienta\u00e7\u00f5es mais assertivas.<\/p>\n<p align=\"justify\">\u201cEsse momento \u00e9 muito aguardado pelos produtores. Eles precisam de informa\u00e7\u00f5es claras para tomar decis\u00f5es estrat\u00e9gicas que realmente contribuam para o desenvolvimento de suas atividades\u201d, refor\u00e7a o gerente.<\/p>\n<p align=\"justify\">A aprova\u00e7\u00e3o do formato refletiu na avalia\u00e7\u00e3o dos participantes. O produtor Fl\u00e1vio Benedito Concei\u00e7\u00e3o, que esteve no encontro de Londrina (PR), ressaltou a import\u00e2ncia do espa\u00e7o para sanar d\u00favidas antes de definir os investimentos da safra. J\u00e1 o produtor Jerri Augusto da Silva destacou o papel consultivo da institui\u00e7\u00e3o: &#8220;A cooperativa n\u00e3o atua apenas na concess\u00e3o de cr\u00e9dito, mas nos apoia na tomada de decis\u00f5es, no planejamento e na execu\u00e7\u00e3o pr\u00e1tica do neg\u00f3cio.&#8221;<\/p>\n<h4 align=\"justify\">Valores liberados<\/h4>\n<p align=\"justify\">At\u00e9 o momento, a Sicredi Dexis j\u00e1 disponibilizou R$ 572.836.184,25 em recursos do Plano Safra 2026\/2027 para produtores rurais do Paran\u00e1 e de S\u00e3o Paulo, totalizando 1.524 opera\u00e7\u00f5es de cr\u00e9dito.<\/p>\n<p align=\"justify\">As opera\u00e7\u00f5es destinadas \u00e0 agricultura familiar (Pronaf) representam 7% do total. J\u00e1 o Programa Nacional de Apoio ao M\u00e9dio Produtor Rural (Pronamp) responde por 32%, enquanto, a CPR (que atende a todos os p\u00fablicos), por 17% e os demais, por 44%.<\/p>\n<p align=\"justify\">A expectativa da Sicredi Dexis \u00e9 liberar R$ 4,5 bilh\u00f5es em opera\u00e7\u00f5es at\u00e9 30 de junho de 2027.<\/p>\n<p align=\"justify\"><strong>Engenho da Noticia<\/strong><\/p>\n","protected":false},"excerpt":{"rendered":"<p>Ap\u00f3s cerca de 30 dias de encontros voltados a produtores rurais para divulgar as diretrizes do Plano Safra 2026\/2027, a Sicredi Dexis encerrou a a\u00e7\u00e3o com um balan\u00e7o expressivo: foram 64 eventos, que reuniram produtores de todos os munic\u00edpios onde a cooperativa atua, impactando mais de 3 mil associados. Os encontros, somados ao atendimento pr\u00f3ximo, [&hellip;]<\/p>\n","protected":false},"author":2,"featured_media":82818,"comment_status":"open","ping_status":"open","sticky":false,"template":"","format":"standard","meta":[],"categories":[17103],"tags":[7903,5816,13013,17585,13792,15252,17584],"jetpack_featured_media_url":"https:\/\/insurancecorp.com.br\/pt\/wp-content\/uploads\/2026\/08\/apresentacao-plano-safra-Caconde.jpg","yoast_head":"<!-- This site is optimized with the Yoast SEO plugin v14.8 - https:\/\/yoast.com\/wordpress\/plugins\/seo\/ -->\n<title>Sicredi Dexis encerra rodada do Plano Safra com mais de 3 mil associados impactados | Revista Insurance Corp | PT-BR<\/title>\n<meta name=\"robots\" content=\"index, follow\" \/>\n<meta name=\"googlebot\" content=\"index, follow, max-snippet:-1, max-image-preview:large, max-video-preview:-1\" \/>\n<meta name=\"bingbot\" content=\"index, follow, max-snippet:-1, max-image-preview:large, max-video-preview:-1\" \/>\n<link rel=\"canonical\" href=\"https:\/\/insurancecorp.com.br\/pt\/2026\/08\/31\/sicredi-dexis-encerra-rodada-do-plano-safra-com-mais-de-3-mil-associados-impactados\/\" \/>\n<meta property=\"og:locale\" content=\"pt_BR\" \/>\n<meta property=\"og:type\" content=\"article\" \/>\n<meta property=\"og:title\" content=\"Sicredi Dexis encerra rodada do Plano Safra com mais de 3 mil associados impactados | Revista Insurance Corp | PT-BR\" \/>\n<meta property=\"og:description\" content=\"Ap\u00f3s cerca de 30 dias de encontros voltados a produtores rurais para divulgar as diretrizes do Plano Safra 2026\/2027, a Sicredi Dexis encerrou a a\u00e7\u00e3o com um balan\u00e7o expressivo: foram 64 eventos, que reuniram produtores de todos os munic\u00edpios onde a cooperativa atua, impactando mais de 3 mil associados. Os encontros, somados ao atendimento pr\u00f3ximo, [&hellip;]\" \/>\n<meta property=\"og:url\" content=\"https:\/\/insurancecorp.com.br\/pt\/2026\/08\/31\/sicredi-dexis-encerra-rodada-do-plano-safra-com-mais-de-3-mil-associados-impactados\/\" \/>\n<meta property=\"og:site_name\" content=\"Revista Insurance Corp | PT-BR\" \/>\n<meta property=\"article:publisher\" content=\"https:\/\/www.facebook.com\/RevistaInsuranceCorp\/\" \/>\n<meta property=\"article:published_time\" content=\"2026-08-31T13:08:15+00:00\" \/>\n<meta property=\"og:image\" content=\"https:\/\/insurancecorp.com.br\/pt\/wp-content\/uploads\/2026\/08\/apresentacao-plano-safra-Caconde.jpg\" \/>\n\t<meta property=\"og:image:width\" content=\"733\" \/>\n\t<meta property=\"og:image:height\" content=\"440\" \/>\n<meta name=\"twitter:card\" content=\"summary\" \/>\n<script type=\"application\/ld+json\" class=\"yoast-schema-graph\">{\"@context\":\"https:\/\/schema.org\",\"@graph\":[{\"@type\":\"Organization\",\"@id\":\"https:\/\/insurancecorp.com.br\/pt\/#organization\",\"name\":\"Revista Insurance Corp\",\"url\":\"https:\/\/insurancecorp.com.br\/pt\/\",\"sameAs\":[\"https:\/\/www.facebook.com\/RevistaInsuranceCorp\/\"],\"logo\":{\"@type\":\"ImageObject\",\"@id\":\"https:\/\/insurancecorp.com.br\/pt\/#logo\",\"inLanguage\":\"pt-BR\",\"url\":\"\",\"caption\":\"Revista Insurance Corp\"},\"image\":{\"@id\":\"https:\/\/insurancecorp.com.br\/pt\/#logo\"}},{\"@type\":\"WebSite\",\"@id\":\"https:\/\/insurancecorp.com.br\/pt\/#website\",\"url\":\"https:\/\/insurancecorp.com.br\/pt\/\",\"name\":\"Revista Insurance Corp | PT-BR\",\"description\":\"A \\u00fanica revista bil\\u00edngue voltada ao mercado de seguro.\",\"publisher\":{\"@id\":\"https:\/\/insurancecorp.com.br\/pt\/#organization\"},\"potentialAction\":[{\"@type\":\"SearchAction\",\"target\":\"https:\/\/insurancecorp.com.br\/pt\/?s={search_term_string}\",\"query-input\":\"required name=search_term_string\"}],\"inLanguage\":\"pt-BR\"},{\"@type\":\"ImageObject\",\"@id\":\"https:\/\/insurancecorp.com.br\/pt\/2026\/08\/31\/sicredi-dexis-encerra-rodada-do-plano-safra-com-mais-de-3-mil-associados-impactados\/#primaryimage\",\"inLanguage\":\"pt-BR\",\"url\":\"https:\/\/insurancecorp.com.br\/pt\/wp-content\/uploads\/2026\/08\/apresentacao-plano-safra-Caconde.jpg\",\"width\":733,\"height\":440},{\"@type\":\"WebPage\",\"@id\":\"https:\/\/insurancecorp.com.br\/pt\/2026\/08\/31\/sicredi-dexis-encerra-rodada-do-plano-safra-com-mais-de-3-mil-associados-impactados\/#webpage\",\"url\":\"https:\/\/insurancecorp.com.br\/pt\/2026\/08\/31\/sicredi-dexis-encerra-rodada-do-plano-safra-com-mais-de-3-mil-associados-impactados\/\",\"name\":\"Sicredi Dexis encerra rodada do Plano Safra com mais de 3 mil associados impactados | Revista Insurance Corp | PT-BR\",\"isPartOf\":{\"@id\":\"https:\/\/insurancecorp.com.br\/pt\/#website\"},\"primaryImageOfPage\":{\"@id\":\"https:\/\/insurancecorp.com.br\/pt\/2026\/08\/31\/sicredi-dexis-encerra-rodada-do-plano-safra-com-mais-de-3-mil-associados-impactados\/#primaryimage\"},\"datePublished\":\"2026-08-31T13:08:15+00:00\",\"dateModified\":\"2026-08-31T13:08:15+00:00\",\"inLanguage\":\"pt-BR\",\"potentialAction\":[{\"@type\":\"ReadAction\",\"target\":[\"https:\/\/insurancecorp.com.br\/pt\/2026\/08\/31\/sicredi-dexis-encerra-rodada-do-plano-safra-com-mais-de-3-mil-associados-impactados\/\"]}]},{\"@type\":\"Article\",\"@id\":\"https:\/\/insurancecorp.com.br\/pt\/2026\/08\/31\/sicredi-dexis-encerra-rodada-do-plano-safra-com-mais-de-3-mil-associados-impactados\/#article\",\"isPartOf\":{\"@id\":\"https:\/\/insurancecorp.com.br\/pt\/2026\/08\/31\/sicredi-dexis-encerra-rodada-do-plano-safra-com-mais-de-3-mil-associados-impactados\/#webpage\"},\"author\":{\"@id\":\"https:\/\/insurancecorp.com.br\/pt\/#\/schema\/person\/1b69c8cf325f0b7167f1b171f52df4af\"},\"headline\":\"Sicredi Dexis encerra rodada do Plano Safra com mais de 3 mil associados impactados\",\"datePublished\":\"2026-08-31T13:08:15+00:00\",\"dateModified\":\"2026-08-31T13:08:15+00:00\",\"mainEntityOfPage\":{\"@id\":\"https:\/\/insurancecorp.com.br\/pt\/2026\/08\/31\/sicredi-dexis-encerra-rodada-do-plano-safra-com-mais-de-3-mil-associados-impactados\/#webpage\"},\"commentCount\":0,\"publisher\":{\"@id\":\"https:\/\/insurancecorp.com.br\/pt\/#organization\"},\"image\":{\"@id\":\"https:\/\/insurancecorp.com.br\/pt\/2026\/08\/31\/sicredi-dexis-encerra-rodada-do-plano-safra-com-mais-de-3-mil-associados-impactados\/#primaryimage\"},\"keywords\":\"3 mil,associados,encerra,impactados,plano Safra,rodada,Sicredi Dexis\",\"articleSection\":\"Sicredi\",\"inLanguage\":\"pt-BR\",\"potentialAction\":[{\"@type\":\"CommentAction\",\"name\":\"Comment\",\"target\":[\"https:\/\/insurancecorp.com.br\/pt\/2026\/08\/31\/sicredi-dexis-encerra-rodada-do-plano-safra-com-mais-de-3-mil-associados-impactados\/#respond\"]}]},{\"@type\":\"Person\",\"@id\":\"https:\/\/insurancecorp.com.br\/pt\/#\/schema\/person\/1b69c8cf325f0b7167f1b171f52df4af\",\"name\":\"Publica\\u00e7\\u00e3o\",\"image\":{\"@type\":\"ImageObject\",\"@id\":\"https:\/\/insurancecorp.com.br\/pt\/#personlogo\",\"inLanguage\":\"pt-BR\",\"url\":\"https:\/\/secure.gravatar.com\/avatar\/17226f1f60486eb25d4c6b301ffed37f?s=96&d=mm&r=g\",\"caption\":\"Publica\\u00e7\\u00e3o\"}}]}<\/script>\n<!-- \/ Yoast SEO plugin. -->","_links":{"self":[{"href":"https:\/\/insurancecorp.com.br\/pt\/wp-json\/wp\/v2\/posts\/82814"}],"collection":[{"href":"https:\/\/insurancecorp.com.br\/pt\/wp-json\/wp\/v2\/posts"}],"about":[{"href":"https:\/\/insurancecorp.com.br\/pt\/wp-json\/wp\/v2\/types\/post"}],"author":[{"embeddable":true,"href":"https:\/\/insurancecorp.com.br\/pt\/wp-json\/wp\/v2\/users\/2"}],"replies":[{"embeddable":true,"href":"https:\/\/insurancecorp.com.br\/pt\/wp-json\/wp\/v2\/comments?post=82814"}],"version-history":[{"count":1,"href":"https:\/\/insurancecorp.com.br\/pt\/wp-json\/wp\/v2\/posts\/82814\/revisions"}],"predecessor-version":[{"id":82819,"href":"https:\/\/insurancecorp.com.br\/pt\/wp-json\/wp\/v2\/posts\/82814\/revisions\/82819"}],"wp:featuredmedia":[{"embeddable":true,"href":"https:\/\/insurancecorp.com.br\/pt\/wp-json\/wp\/v2\/media\/82818"}],"wp:attachment":[{"href":"https:\/\/insurancecorp.com.br\/pt\/wp-json\/wp\/v2\/media?parent=82814"}],"wp:term":[{"taxonomy":"category","embeddable":true,"href":"https:\/\/insurancecorp.com.br\/pt\/wp-json\/wp\/v2\/categories?post=82814"},{"taxonomy":"post_tag","embeddable":true,"href":"https:\/\/insurancecorp.com.br\/pt\/wp-json\/wp\/v2\/tags?post=82814"}],"curies":[{"name":"wp","href":"https:\/\/api.w.org\/{rel}","templated":true}]}}