{"id":8120,"date":"2019-05-17T16:40:07","date_gmt":"2019-05-17T19:40:07","guid":{"rendered":"https:\/\/insurancecorp.com.br\/pt\/?p=8120"},"modified":"2019-05-17T16:40:07","modified_gmt":"2019-05-17T19:40:07","slug":"seminario-da-marsh-jlt-discute-os-riscos-de-ataques-ciberneticos","status":"publish","type":"post","link":"https:\/\/insurancecorp.com.br\/pt\/2019\/05\/17\/seminario-da-marsh-jlt-discute-os-riscos-de-ataques-ciberneticos\/","title":{"rendered":"Semin\u00e1rio da Marsh\/JLT discute os riscos de ataques cibern\u00e9ticos"},"content":{"rendered":"<p>Foto:\u00a0Marta Schuh, especialista em riscos cibern\u00e9ticos da Marsh\/JLT<\/p>\n<table>\n<tbody>\n<tr>\n<td width=\"557\"><strong>O Cyber Security View reuniu 200 representantes de empresas brasileiras em S\u00e3o Paulo para debater as principais medidas de preven\u00e7\u00e3o contra incidentes virtuais<\/strong><\/p>\n<p>Empres\u00e1rios, executivos e especialistas em tecnologia da informa\u00e7\u00e3o e em seguran\u00e7a digital se reuniram na tarde da \u00faltima quinta-feira, dia 16 de maio, no Cyber Security View 2019 para debater um assunto que atrai a aten\u00e7\u00e3o de companhias dos mais variados portes e perfis: os riscos de ataques cibern\u00e9ticos e vazamento de informa\u00e7\u00f5es depositadas em bases de dados. Durante aproximadamente cinco horas, 200 representantes das principais empresas brasileiras ouviram profissionais do setor de seguros corporativos e especialistas em seguran\u00e7a digital sobre as tend\u00eancias do setor e principalmente a crescente necessidade de medidas de preven\u00e7\u00e3o contra esse tipo de ataque como tamb\u00e9m de mitiga\u00e7\u00e3o de danos caso eles venham a ocorrer.<\/p>\n<p>\u201cHoje, na Am\u00e9rica do Norte, os seguros contra os ataques cibern\u00e9ticos j\u00e1 movimentam US$ 4 bilh\u00f5es de d\u00f3lares por ano e est\u00e3o entre os principais itens das carteiras das seguradoras. No Brasil, esse \u00e9 um segmento que s\u00f3 agora come\u00e7a a ser visto com aten\u00e7\u00e3o, mas \u00e9 inevit\u00e1vel que venha a crescer\u201d, disse Alvaro Eyler, diretor de Risk Management da Marsh\/JLT, empresa organizadora do evento, ao lado das seguradoras AIG, Zurich, Generali e Chubb.<\/p>\n<p>Os seguros para riscos cibern\u00e9ticos come\u00e7aram a ser oferecidos no pa\u00eds em 2012. Adotados inicialmente por multinacionais alinhadas com as estrat\u00e9gias de suas matrizes europeias e americanas, ganharam nova dimens\u00e3o a partir da Lei Geral de Prote\u00e7\u00e3o de Dados (LGPD), que prev\u00ea que a ado\u00e7\u00e3o de medidas de conformidade pelas empresas brasileiras at\u00e9 agosto de 2020. Pela nova lei, epis\u00f3dios de vazamentos de dados pessoais podem render multas de at\u00e9 R$ 50 milh\u00f5es de reais. \u201cA LGPD estabelece novos conceitos para dados pessoais e altera os mecanismos de transfer\u00eancias de riscos entre as empresas. Com isso, \u00e9 preciso estarmos preparados para essa nova realidade no Brasil, assim como as companhias t\u00eam se preparado nos Estados Unidos e na Europa\u201d, alertou o advogado Marcos Bruno, do escrit\u00f3rio Opice Blum e Associados, especializado na \u00e1rea de direito digital.<\/p>\n<p>O Cyber Security View 2019 teve a participa\u00e7\u00e3o do promotor Kenn Kern, da Procuradoria de Justi\u00e7a da Cidade de Nova York, que falou sobre as alian\u00e7as de entidades p\u00fablicas e privadas para preven\u00e7\u00e3o e conten\u00e7\u00e3o de ataques em Nova York e no estado do Michigan. O delegado da Policia Federal Luiz Roberto de Godoy, tra\u00e7ou um contraponto brasileiro aos programas apresentados por Kern, ao discorrer a respeito do assunto sob o ponto de vista das autoridades brasileiras. \u201cN\u00f3s ainda temos restri\u00e7\u00f5es a parcerias com empresas e institui\u00e7\u00f5es privadas na \u00e1rea digital e isso \u00e9 uma quest\u00e3o que inevitavelmente ter\u00e1 que ser revista. N\u00e3o h\u00e1 combate ao crime digital sem troca de informa\u00e7\u00f5es entre governos e empresas\u201d, disse o delegado.<\/p>\n<p>Na segunda parte do evento, o jornalista Pedro Doria conduziu um debate entre representantes de empresas que j\u00e1 enfrentam as amea\u00e7as digitais em suas opera\u00e7\u00f5es. Alexandre Frasson (Tribanco), Thiago Galv\u00e3o, (VLI), Felipe Melo (T-Systems) e Rog\u00e9rio Junior (Localiza) discutiram sobre os desafios que t\u00eam em suas opera\u00e7\u00f5es com a nova legisla\u00e7\u00e3o e como a ferramenta de seguros se encaixa em tal cen\u00e1rio.<\/p>\n<p>Em outro painel, Marta Helena Schuh, especialista em riscos cibern\u00e9ticos da Marsh\/JLT, conversou com Hellen Fernandes (Zurich), Mariana Ortiz (Generali), Sandra Cabrera (Chubb) e Thiago Lino (AIG) sobre os mais recentes casos de ciberataques, no Brasil e no exterior. \u201cNossos dados apontam que uma em cada tr\u00eas empresas de m\u00e9dio e grande porte no Brasil sofreu algum tipo de incidente com vazamento de dados nos \u00faltimos 12 meses. \u00c9 um \u00edndice alarmante\u201d, disse Marta.<\/p>\n<p><strong>LGA Comunica\u00e7\u00e3o<\/strong><\/td>\n<\/tr>\n<\/tbody>\n<\/table>\n","protected":false},"excerpt":{"rendered":"<p>Foto:\u00a0Marta Schuh, especialista em riscos cibern\u00e9ticos da Marsh\/JLT O Cyber Security View reuniu 200 representantes de empresas brasileiras em S\u00e3o Paulo para debater as principais medidas de preven\u00e7\u00e3o contra incidentes virtuais Empres\u00e1rios, executivos e especialistas em tecnologia da informa\u00e7\u00e3o e em seguran\u00e7a digital se reuniram na tarde da \u00faltima quinta-feira, dia 16 de maio, no [&hellip;]<\/p>\n","protected":false},"author":2,"featured_media":8121,"comment_status":"open","ping_status":"open","sticky":false,"template":"","format":"standard","meta":[],"categories":[247],"tags":[],"jetpack_featured_media_url":"https:\/\/insurancecorp.com.br\/pt\/wp-content\/uploads\/2019\/05\/Cardoso-15.jpg","yoast_head":"<!-- This site is optimized with the Yoast SEO plugin v14.8 - https:\/\/yoast.com\/wordpress\/plugins\/seo\/ -->\n<title>Semin\u00e1rio da Marsh\/JLT discute os riscos de ataques cibern\u00e9ticos | Revista Insurance Corp | PT-BR<\/title>\n<meta name=\"robots\" content=\"index, follow\" \/>\n<meta name=\"googlebot\" content=\"index, follow, max-snippet:-1, max-image-preview:large, max-video-preview:-1\" \/>\n<meta name=\"bingbot\" content=\"index, follow, max-snippet:-1, max-image-preview:large, max-video-preview:-1\" \/>\n<link rel=\"canonical\" href=\"https:\/\/insurancecorp.com.br\/pt\/2019\/05\/17\/seminario-da-marsh-jlt-discute-os-riscos-de-ataques-ciberneticos\/\" \/>\n<meta property=\"og:locale\" content=\"pt_BR\" \/>\n<meta property=\"og:type\" content=\"article\" \/>\n<meta property=\"og:title\" content=\"Semin\u00e1rio da Marsh\/JLT discute os riscos de ataques cibern\u00e9ticos | Revista Insurance Corp | PT-BR\" \/>\n<meta property=\"og:description\" content=\"Foto:\u00a0Marta Schuh, especialista em riscos cibern\u00e9ticos da Marsh\/JLT O Cyber Security View reuniu 200 representantes de empresas brasileiras em S\u00e3o Paulo para debater as principais medidas de preven\u00e7\u00e3o contra incidentes virtuais Empres\u00e1rios, executivos e especialistas em tecnologia da informa\u00e7\u00e3o e em seguran\u00e7a digital se reuniram na tarde da \u00faltima quinta-feira, dia 16 de maio, no [&hellip;]\" \/>\n<meta property=\"og:url\" content=\"https:\/\/insurancecorp.com.br\/pt\/2019\/05\/17\/seminario-da-marsh-jlt-discute-os-riscos-de-ataques-ciberneticos\/\" \/>\n<meta property=\"og:site_name\" content=\"Revista Insurance Corp | PT-BR\" \/>\n<meta property=\"article:publisher\" content=\"https:\/\/www.facebook.com\/RevistaInsuranceCorp\/\" \/>\n<meta property=\"article:published_time\" content=\"2019-05-17T19:40:07+00:00\" \/>\n<meta property=\"og:image\" content=\"https:\/\/insurancecorp.com.br\/pt\/wp-content\/uploads\/2019\/05\/Cardoso-15-1024x683.jpg\" \/>\n\t<meta property=\"og:image:width\" content=\"1024\" \/>\n\t<meta property=\"og:image:height\" content=\"683\" \/>\n<meta name=\"twitter:card\" content=\"summary\" \/>\n<script type=\"application\/ld+json\" class=\"yoast-schema-graph\">{\"@context\":\"https:\/\/schema.org\",\"@graph\":[{\"@type\":\"Organization\",\"@id\":\"https:\/\/insurancecorp.com.br\/pt\/#organization\",\"name\":\"Revista Insurance Corp\",\"url\":\"https:\/\/insurancecorp.com.br\/pt\/\",\"sameAs\":[\"https:\/\/www.facebook.com\/RevistaInsuranceCorp\/\"],\"logo\":{\"@type\":\"ImageObject\",\"@id\":\"https:\/\/insurancecorp.com.br\/pt\/#logo\",\"inLanguage\":\"pt-BR\",\"url\":\"\",\"caption\":\"Revista Insurance Corp\"},\"image\":{\"@id\":\"https:\/\/insurancecorp.com.br\/pt\/#logo\"}},{\"@type\":\"WebSite\",\"@id\":\"https:\/\/insurancecorp.com.br\/pt\/#website\",\"url\":\"https:\/\/insurancecorp.com.br\/pt\/\",\"name\":\"Revista Insurance Corp | PT-BR\",\"description\":\"A \\u00fanica revista bil\\u00edngue voltada ao mercado de seguro.\",\"publisher\":{\"@id\":\"https:\/\/insurancecorp.com.br\/pt\/#organization\"},\"potentialAction\":[{\"@type\":\"SearchAction\",\"target\":\"https:\/\/insurancecorp.com.br\/pt\/?s={search_term_string}\",\"query-input\":\"required name=search_term_string\"}],\"inLanguage\":\"pt-BR\"},{\"@type\":\"ImageObject\",\"@id\":\"https:\/\/insurancecorp.com.br\/pt\/2019\/05\/17\/seminario-da-marsh-jlt-discute-os-riscos-de-ataques-ciberneticos\/#primaryimage\",\"inLanguage\":\"pt-BR\",\"url\":\"https:\/\/insurancecorp.com.br\/pt\/wp-content\/uploads\/2019\/05\/Cardoso-15.jpg\",\"width\":6000,\"height\":4000},{\"@type\":\"WebPage\",\"@id\":\"https:\/\/insurancecorp.com.br\/pt\/2019\/05\/17\/seminario-da-marsh-jlt-discute-os-riscos-de-ataques-ciberneticos\/#webpage\",\"url\":\"https:\/\/insurancecorp.com.br\/pt\/2019\/05\/17\/seminario-da-marsh-jlt-discute-os-riscos-de-ataques-ciberneticos\/\",\"name\":\"Semin\\u00e1rio da Marsh\/JLT discute os riscos de ataques cibern\\u00e9ticos | Revista Insurance Corp | PT-BR\",\"isPartOf\":{\"@id\":\"https:\/\/insurancecorp.com.br\/pt\/#website\"},\"primaryImageOfPage\":{\"@id\":\"https:\/\/insurancecorp.com.br\/pt\/2019\/05\/17\/seminario-da-marsh-jlt-discute-os-riscos-de-ataques-ciberneticos\/#primaryimage\"},\"datePublished\":\"2019-05-17T19:40:07+00:00\",\"dateModified\":\"2019-05-17T19:40:07+00:00\",\"inLanguage\":\"pt-BR\",\"potentialAction\":[{\"@type\":\"ReadAction\",\"target\":[\"https:\/\/insurancecorp.com.br\/pt\/2019\/05\/17\/seminario-da-marsh-jlt-discute-os-riscos-de-ataques-ciberneticos\/\"]}]},{\"@type\":\"Article\",\"@id\":\"https:\/\/insurancecorp.com.br\/pt\/2019\/05\/17\/seminario-da-marsh-jlt-discute-os-riscos-de-ataques-ciberneticos\/#article\",\"isPartOf\":{\"@id\":\"https:\/\/insurancecorp.com.br\/pt\/2019\/05\/17\/seminario-da-marsh-jlt-discute-os-riscos-de-ataques-ciberneticos\/#webpage\"},\"author\":{\"@id\":\"https:\/\/insurancecorp.com.br\/pt\/#\/schema\/person\/1b69c8cf325f0b7167f1b171f52df4af\"},\"headline\":\"Semin\\u00e1rio da Marsh\/JLT discute os riscos de ataques cibern\\u00e9ticos\",\"datePublished\":\"2019-05-17T19:40:07+00:00\",\"dateModified\":\"2019-05-17T19:40:07+00:00\",\"mainEntityOfPage\":{\"@id\":\"https:\/\/insurancecorp.com.br\/pt\/2019\/05\/17\/seminario-da-marsh-jlt-discute-os-riscos-de-ataques-ciberneticos\/#webpage\"},\"commentCount\":0,\"publisher\":{\"@id\":\"https:\/\/insurancecorp.com.br\/pt\/#organization\"},\"image\":{\"@id\":\"https:\/\/insurancecorp.com.br\/pt\/2019\/05\/17\/seminario-da-marsh-jlt-discute-os-riscos-de-ataques-ciberneticos\/#primaryimage\"},\"articleSection\":\"Marsh\/JLT\",\"inLanguage\":\"pt-BR\",\"potentialAction\":[{\"@type\":\"CommentAction\",\"name\":\"Comment\",\"target\":[\"https:\/\/insurancecorp.com.br\/pt\/2019\/05\/17\/seminario-da-marsh-jlt-discute-os-riscos-de-ataques-ciberneticos\/#respond\"]}]},{\"@type\":\"Person\",\"@id\":\"https:\/\/insurancecorp.com.br\/pt\/#\/schema\/person\/1b69c8cf325f0b7167f1b171f52df4af\",\"name\":\"Publica\\u00e7\\u00e3o\",\"image\":{\"@type\":\"ImageObject\",\"@id\":\"https:\/\/insurancecorp.com.br\/pt\/#personlogo\",\"inLanguage\":\"pt-BR\",\"url\":\"https:\/\/secure.gravatar.com\/avatar\/17226f1f60486eb25d4c6b301ffed37f?s=96&d=mm&r=g\",\"caption\":\"Publica\\u00e7\\u00e3o\"}}]}<\/script>\n<!-- \/ Yoast SEO plugin. -->","_links":{"self":[{"href":"https:\/\/insurancecorp.com.br\/pt\/wp-json\/wp\/v2\/posts\/8120"}],"collection":[{"href":"https:\/\/insurancecorp.com.br\/pt\/wp-json\/wp\/v2\/posts"}],"about":[{"href":"https:\/\/insurancecorp.com.br\/pt\/wp-json\/wp\/v2\/types\/post"}],"author":[{"embeddable":true,"href":"https:\/\/insurancecorp.com.br\/pt\/wp-json\/wp\/v2\/users\/2"}],"replies":[{"embeddable":true,"href":"https:\/\/insurancecorp.com.br\/pt\/wp-json\/wp\/v2\/comments?post=8120"}],"version-history":[{"count":1,"href":"https:\/\/insurancecorp.com.br\/pt\/wp-json\/wp\/v2\/posts\/8120\/revisions"}],"predecessor-version":[{"id":8122,"href":"https:\/\/insurancecorp.com.br\/pt\/wp-json\/wp\/v2\/posts\/8120\/revisions\/8122"}],"wp:featuredmedia":[{"embeddable":true,"href":"https:\/\/insurancecorp.com.br\/pt\/wp-json\/wp\/v2\/media\/8121"}],"wp:attachment":[{"href":"https:\/\/insurancecorp.com.br\/pt\/wp-json\/wp\/v2\/media?parent=8120"}],"wp:term":[{"taxonomy":"category","embeddable":true,"href":"https:\/\/insurancecorp.com.br\/pt\/wp-json\/wp\/v2\/categories?post=8120"},{"taxonomy":"post_tag","embeddable":true,"href":"https:\/\/insurancecorp.com.br\/pt\/wp-json\/wp\/v2\/tags?post=8120"}],"curies":[{"name":"wp","href":"https:\/\/api.w.org\/{rel}","templated":true}]}}