{"id":79193,"date":"2026-04-30T15:11:05","date_gmt":"2026-04-30T18:11:05","guid":{"rendered":"https:\/\/insurancecorp.com.br\/pt\/?p=79193"},"modified":"2026-04-30T15:11:05","modified_gmt":"2026-04-30T18:11:05","slug":"zurich-amplia-capacitacao-em-tecnologia-para-mulheres","status":"publish","type":"post","link":"https:\/\/insurancecorp.com.br\/pt\/2026\/04\/30\/zurich-amplia-capacitacao-em-tecnologia-para-mulheres\/","title":{"rendered":"Zurich amplia capacita\u00e7\u00e3o em tecnologia para mulheres"},"content":{"rendered":"<p align=\"justify\">A Zurich refor\u00e7a sua estrat\u00e9gia de inclus\u00e3o e capacita\u00e7\u00e3o em tecnologia ao apoiar uma nova edi\u00e7\u00e3o da\u00a0PrograMaria\u00a0Sprint, iniciativa voltada \u00e0 forma\u00e7\u00e3o de mulheres e pessoas de g\u00eaneros\u00a0minorizados\u00a0em Intelig\u00eancia Artificial Generativa. Realizada em parceria com a\u00a0PrograMaria\u00a0e com a Globo, a imers\u00e3o online acontece entre\u00a011\u00a0e 18 de maio e busca ampliar o acesso ao conhecimento em tecnologias emergentes, al\u00e9m de incentivar maior participa\u00e7\u00e3o feminina no setor. As inscri\u00e7\u00f5es\u00a0est\u00e3o abertas\u00a0no site da\u00a0PrograMaria.\u00a0Ainda vale destacar que as vagas s\u00e3o ilimitadas\u00a0e gratuitas.<\/p>\n<p align=\"justify\">Dados de mercado evidenciam a relev\u00e2ncia da iniciativa. Segundo estudo do IBGE, mulheres representam apenas 15% dos estudantes em cursos de computa\u00e7\u00e3o. Al\u00e9m disso, apenas 20% dos cargos no mercado de Tecnologia da Informa\u00e7\u00e3o s\u00e3o ocupados por mulheres, de acordo com pesquisa da Softex em parceria com a\u00a0Brasscom. Esse panorama refor\u00e7a a necessidade de a\u00e7\u00f5es que promovam forma\u00e7\u00e3o t\u00e9cnica e ampliem oportunidades em \u00e1reas estrat\u00e9gicas para o futuro do trabalho.<\/p>\n<p align=\"justify\">A iniciativa integra a agenda do GT\u00a0IncluiTech, grupo interno da Zurich\u00a0dedicado a\u00a0a\u00e7\u00f5es de letramento digital para o p\u00fablico interno e externo. A proposta \u00e9 conectar\u00a0tecnologia, impacto social e inova\u00e7\u00e3o respons\u00e1vel, ao mesmo tempo em que fortalece o desenvolvimento de talentos e a constru\u00e7\u00e3o de um ambiente mais\u00a0diverso\u00a0na tecnologia.<\/p>\n<p align=\"justify\">&#8220;Acreditamos que ampliar o acesso ao conhecimento em tecnologia \u00e9 fundamental para reduzir desigualdades e preparar profissionais para os desafios do futuro. Iniciativas como essa contribuem para formar talentos mais diversos e impulsionar a inova\u00e7\u00e3o de forma respons\u00e1vel&#8221;, afirma\u00a0Zilea\u00a0Barrilari, diretora de Tecnologia da Informa\u00e7\u00e3o da Zurich Seguros.<\/p>\n<h4>Jornada de aprendizado<\/h4>\n<p align=\"justify\">A\u00a0PrograMaria\u00a0Sprint oferece uma jornada estruturada de aprendizado, com\u00a0conte\u00fados\u00a0ao vivo e materiais complementares, abordando desde fundamentos de IA generativa at\u00e9 aplica\u00e7\u00f5es pr\u00e1ticas no mercado. Entre os temas est\u00e3o t\u00e9cnicas de\u00a0prompting, automa\u00e7\u00e3o de tarefas, agentes de intelig\u00eancia artificial e uso \u00e9tico da tecnologia. Ao final, as participantes podem integrar um workshop de networking voltado \u00e0 conex\u00e3o com oportunidades profissionais.<\/p>\n<p align=\"justify\">Na pr\u00e1tica, o impacto da iniciativa tamb\u00e9m aparece na trajet\u00f3ria de quem participa da Sprint. &#8220;A\u00a0PrograMaria\u00a0me mostrou que tecnologia n\u00e3o tem g\u00eanero, tem oportunidade\u00a0e foi\u00a0minha porta de entrada para\u00a0esse\u00a0universo. Por meio de um programa estruturado e acess\u00edvel, desenvolvi uma capacidade anal\u00edtica que transformou minha forma de trabalhar e foi essencial em uma transi\u00e7\u00e3o de carreira muito importante. Desde ent\u00e3o, aplico esses conhecimentos no meu dia a dia. Recomendo a experi\u00eancia a todas as mulheres que querem se aventurar no universo tech&#8221;, afirma\u00a0Michelle Sousa,\u00a0analista de Neg\u00f3cios da diretoria\u00a0de Parcerias, da Zurich Seguros e\u00a0participante de uma edi\u00e7\u00e3o anterior da\u00a0PrograMaria\u00a0Sprint.<\/p>\n<p align=\"justify\">O relato da Michelle\u00a0traduz, em dimens\u00e3o individual, o potencial transformador da iniciativa. Voltada a colaboradoras, parceiras de neg\u00f3cio e corretoras, a Sprint prop\u00f5e uma experi\u00eancia que conecta tecnologia, inova\u00e7\u00e3o e o compromisso cont\u00ednuo da Zurich com o letramento digital. Um impacto que ganha ainda mais for\u00e7a por meio de parcerias estrat\u00e9gicas.\u00a0&#8220;Parcerias com empresas como a Zurich s\u00e3o fundamentais para ampliar o alcance de iniciativas como a Sprint e garantir que mais mulheres e pessoas de g\u00eaneros\u00a0minorizados\u00a0tenham acesso a\u00a0trilhas de aprendizado\u00a0relevantes e oportunidades concretas na tecnologia&#8221;, afirma Iana Chan, fundadora da\u00a0PrograMaria.<\/p>\n<p align=\"justify\">Al\u00e9m de contribuir para a forma\u00e7\u00e3o t\u00e9cnica, a iniciativa tamb\u00e9m fortalece a estrat\u00e9gia da Zurich na atra\u00e7\u00e3o e desenvolvimento de talentos. A participa\u00e7\u00e3o na Sprint inclui a\u00e7\u00f5es de marca empregadora, produ\u00e7\u00e3o de conte\u00fados e intera\u00e7\u00e3o com a comunidade, al\u00e9m de acesso a um banco de talentos diverso,\u00a0o que amplia a\u00a0possibilidades de recrutamento e conex\u00e3o com profissionais qualificadas.<\/p>\n<p align=\"justify\">&#8220;Nosso objetivo \u00e9 ampliar a presen\u00e7a feminina em \u00e1reas de tecnologia dentro e fora da companhia, criando oportunidades reais de desenvolvimento e acesso a carreiras cada vez mais relevantes no mercado&#8221;, finaliza\u00a0Zilea\u00a0Barrilari.<\/p>\n<h5>Servi\u00e7o<\/h5>\n<p align=\"justify\"><b>PrograMaria\u00a0Sprint: IA Generativa\u00a0no trabalho<\/b><\/p>\n<p><b>Per\u00edodo:<\/b>\u00a0de 11 a 18 de maio de 2026<br \/>\n<b>Valor:<\/b>\u00a0gratuito<br \/>\n<b>Formato:<\/b>\u00a0online<br \/>\n<b>Inscri\u00e7\u00f5es:<\/b>\u00a0<a id=\"v1OWAf585d73c-41bd-53fe-a5a3-adfb194dc40e\" class=\"v1x_x_x_x_x_x_Hyperlink v1x_x_x_x_x_x_SCXW164809762 v1x_x_x_x_x_x_BCX0 v1x_x_x_x_x_x_OWAAutoLink\" href=\"https:\/\/www.programaria.org\/\" target=\"_blank\" rel=\"noopener noreferrer\"><u>site da PrograMaria<\/u><\/a><b><i><\/i><\/b><\/p>\n<p align=\"justify\"><strong>Fato Relevante<\/strong><\/p>\n","protected":false},"excerpt":{"rendered":"<p>A Zurich refor\u00e7a sua estrat\u00e9gia de inclus\u00e3o e capacita\u00e7\u00e3o em tecnologia ao apoiar uma nova edi\u00e7\u00e3o da\u00a0PrograMaria\u00a0Sprint, iniciativa voltada \u00e0 forma\u00e7\u00e3o de mulheres e pessoas de g\u00eaneros\u00a0minorizados\u00a0em Intelig\u00eancia Artificial Generativa. Realizada em parceria com a\u00a0PrograMaria\u00a0e com a Globo, a imers\u00e3o online acontece entre\u00a011\u00a0e 18 de maio e busca ampliar o acesso ao conhecimento em tecnologias [&hellip;]<\/p>\n","protected":false},"author":2,"featured_media":79194,"comment_status":"open","ping_status":"open","sticky":false,"template":"","format":"standard","meta":[],"categories":[479],"tags":[7116,7144,7307,15431,725,885,13053],"jetpack_featured_media_url":"https:\/\/insurancecorp.com.br\/pt\/wp-content\/uploads\/2026\/04\/Creditos_Raquel-Santos-scaled-e1777572608404.jpg","yoast_head":"<!-- This site is optimized with the Yoast SEO plugin v14.8 - https:\/\/yoast.com\/wordpress\/plugins\/seo\/ -->\n<title>Zurich amplia capacita\u00e7\u00e3o em tecnologia para mulheres | Revista Insurance Corp | PT-BR<\/title>\n<meta name=\"robots\" content=\"index, follow\" \/>\n<meta name=\"googlebot\" content=\"index, follow, max-snippet:-1, max-image-preview:large, max-video-preview:-1\" \/>\n<meta name=\"bingbot\" content=\"index, follow, max-snippet:-1, max-image-preview:large, max-video-preview:-1\" \/>\n<link rel=\"canonical\" href=\"https:\/\/insurancecorp.com.br\/pt\/2026\/04\/30\/zurich-amplia-capacitacao-em-tecnologia-para-mulheres\/\" \/>\n<meta property=\"og:locale\" content=\"pt_BR\" \/>\n<meta property=\"og:type\" content=\"article\" \/>\n<meta property=\"og:title\" content=\"Zurich amplia capacita\u00e7\u00e3o em tecnologia para mulheres | Revista Insurance Corp | PT-BR\" \/>\n<meta property=\"og:description\" content=\"A Zurich refor\u00e7a sua estrat\u00e9gia de inclus\u00e3o e capacita\u00e7\u00e3o em tecnologia ao apoiar uma nova edi\u00e7\u00e3o da\u00a0PrograMaria\u00a0Sprint, iniciativa voltada \u00e0 forma\u00e7\u00e3o de mulheres e pessoas de g\u00eaneros\u00a0minorizados\u00a0em Intelig\u00eancia Artificial Generativa. Realizada em parceria com a\u00a0PrograMaria\u00a0e com a Globo, a imers\u00e3o online acontece entre\u00a011\u00a0e 18 de maio e busca ampliar o acesso ao conhecimento em tecnologias [&hellip;]\" \/>\n<meta property=\"og:url\" content=\"https:\/\/insurancecorp.com.br\/pt\/2026\/04\/30\/zurich-amplia-capacitacao-em-tecnologia-para-mulheres\/\" \/>\n<meta property=\"og:site_name\" content=\"Revista Insurance Corp | PT-BR\" \/>\n<meta property=\"article:publisher\" content=\"https:\/\/www.facebook.com\/RevistaInsuranceCorp\/\" \/>\n<meta property=\"article:published_time\" content=\"2026-04-30T18:11:05+00:00\" \/>\n<meta property=\"og:image\" content=\"https:\/\/insurancecorp.com.br\/pt\/wp-content\/uploads\/2026\/04\/Creditos_Raquel-Santos-scaled-e1777572608404.jpg\" \/>\n\t<meta property=\"og:image:width\" content=\"2560\" \/>\n\t<meta property=\"og:image:height\" content=\"1465\" \/>\n<meta name=\"twitter:card\" content=\"summary\" \/>\n<script type=\"application\/ld+json\" class=\"yoast-schema-graph\">{\"@context\":\"https:\/\/schema.org\",\"@graph\":[{\"@type\":\"Organization\",\"@id\":\"https:\/\/insurancecorp.com.br\/pt\/#organization\",\"name\":\"Revista Insurance Corp\",\"url\":\"https:\/\/insurancecorp.com.br\/pt\/\",\"sameAs\":[\"https:\/\/www.facebook.com\/RevistaInsuranceCorp\/\"],\"logo\":{\"@type\":\"ImageObject\",\"@id\":\"https:\/\/insurancecorp.com.br\/pt\/#logo\",\"inLanguage\":\"pt-BR\",\"url\":\"\",\"caption\":\"Revista Insurance Corp\"},\"image\":{\"@id\":\"https:\/\/insurancecorp.com.br\/pt\/#logo\"}},{\"@type\":\"WebSite\",\"@id\":\"https:\/\/insurancecorp.com.br\/pt\/#website\",\"url\":\"https:\/\/insurancecorp.com.br\/pt\/\",\"name\":\"Revista Insurance Corp | PT-BR\",\"description\":\"A \\u00fanica revista bil\\u00edngue voltada ao mercado de seguro.\",\"publisher\":{\"@id\":\"https:\/\/insurancecorp.com.br\/pt\/#organization\"},\"potentialAction\":[{\"@type\":\"SearchAction\",\"target\":\"https:\/\/insurancecorp.com.br\/pt\/?s={search_term_string}\",\"query-input\":\"required name=search_term_string\"}],\"inLanguage\":\"pt-BR\"},{\"@type\":\"ImageObject\",\"@id\":\"https:\/\/insurancecorp.com.br\/pt\/2026\/04\/30\/zurich-amplia-capacitacao-em-tecnologia-para-mulheres\/#primaryimage\",\"inLanguage\":\"pt-BR\",\"url\":\"https:\/\/insurancecorp.com.br\/pt\/wp-content\/uploads\/2026\/04\/Creditos_Raquel-Santos-scaled-e1777572608404.jpg\",\"width\":2560,\"height\":1465},{\"@type\":\"WebPage\",\"@id\":\"https:\/\/insurancecorp.com.br\/pt\/2026\/04\/30\/zurich-amplia-capacitacao-em-tecnologia-para-mulheres\/#webpage\",\"url\":\"https:\/\/insurancecorp.com.br\/pt\/2026\/04\/30\/zurich-amplia-capacitacao-em-tecnologia-para-mulheres\/\",\"name\":\"Zurich amplia capacita\\u00e7\\u00e3o em tecnologia para mulheres | Revista Insurance Corp | PT-BR\",\"isPartOf\":{\"@id\":\"https:\/\/insurancecorp.com.br\/pt\/#website\"},\"primaryImageOfPage\":{\"@id\":\"https:\/\/insurancecorp.com.br\/pt\/2026\/04\/30\/zurich-amplia-capacitacao-em-tecnologia-para-mulheres\/#primaryimage\"},\"datePublished\":\"2026-04-30T18:11:05+00:00\",\"dateModified\":\"2026-04-30T18:11:05+00:00\",\"inLanguage\":\"pt-BR\",\"potentialAction\":[{\"@type\":\"ReadAction\",\"target\":[\"https:\/\/insurancecorp.com.br\/pt\/2026\/04\/30\/zurich-amplia-capacitacao-em-tecnologia-para-mulheres\/\"]}]},{\"@type\":\"Article\",\"@id\":\"https:\/\/insurancecorp.com.br\/pt\/2026\/04\/30\/zurich-amplia-capacitacao-em-tecnologia-para-mulheres\/#article\",\"isPartOf\":{\"@id\":\"https:\/\/insurancecorp.com.br\/pt\/2026\/04\/30\/zurich-amplia-capacitacao-em-tecnologia-para-mulheres\/#webpage\"},\"author\":{\"@id\":\"https:\/\/insurancecorp.com.br\/pt\/#\/schema\/person\/1b69c8cf325f0b7167f1b171f52df4af\"},\"headline\":\"Zurich amplia capacita\\u00e7\\u00e3o em tecnologia para mulheres\",\"datePublished\":\"2026-04-30T18:11:05+00:00\",\"dateModified\":\"2026-04-30T18:11:05+00:00\",\"mainEntityOfPage\":{\"@id\":\"https:\/\/insurancecorp.com.br\/pt\/2026\/04\/30\/zurich-amplia-capacitacao-em-tecnologia-para-mulheres\/#webpage\"},\"commentCount\":0,\"publisher\":{\"@id\":\"https:\/\/insurancecorp.com.br\/pt\/#organization\"},\"image\":{\"@id\":\"https:\/\/insurancecorp.com.br\/pt\/2026\/04\/30\/zurich-amplia-capacitacao-em-tecnologia-para-mulheres\/#primaryimage\"},\"keywords\":\"anunciam,F\\u00f3rmula 1,Global,longo,Marsh,parceria,prazo\",\"articleSection\":\"Zurich Seguros\",\"inLanguage\":\"pt-BR\",\"potentialAction\":[{\"@type\":\"CommentAction\",\"name\":\"Comment\",\"target\":[\"https:\/\/insurancecorp.com.br\/pt\/2026\/04\/30\/zurich-amplia-capacitacao-em-tecnologia-para-mulheres\/#respond\"]}]},{\"@type\":\"Person\",\"@id\":\"https:\/\/insurancecorp.com.br\/pt\/#\/schema\/person\/1b69c8cf325f0b7167f1b171f52df4af\",\"name\":\"Publica\\u00e7\\u00e3o\",\"image\":{\"@type\":\"ImageObject\",\"@id\":\"https:\/\/insurancecorp.com.br\/pt\/#personlogo\",\"inLanguage\":\"pt-BR\",\"url\":\"https:\/\/secure.gravatar.com\/avatar\/17226f1f60486eb25d4c6b301ffed37f?s=96&d=mm&r=g\",\"caption\":\"Publica\\u00e7\\u00e3o\"}}]}<\/script>\n<!-- \/ Yoast SEO plugin. -->","_links":{"self":[{"href":"https:\/\/insurancecorp.com.br\/pt\/wp-json\/wp\/v2\/posts\/79193"}],"collection":[{"href":"https:\/\/insurancecorp.com.br\/pt\/wp-json\/wp\/v2\/posts"}],"about":[{"href":"https:\/\/insurancecorp.com.br\/pt\/wp-json\/wp\/v2\/types\/post"}],"author":[{"embeddable":true,"href":"https:\/\/insurancecorp.com.br\/pt\/wp-json\/wp\/v2\/users\/2"}],"replies":[{"embeddable":true,"href":"https:\/\/insurancecorp.com.br\/pt\/wp-json\/wp\/v2\/comments?post=79193"}],"version-history":[{"count":2,"href":"https:\/\/insurancecorp.com.br\/pt\/wp-json\/wp\/v2\/posts\/79193\/revisions"}],"predecessor-version":[{"id":79196,"href":"https:\/\/insurancecorp.com.br\/pt\/wp-json\/wp\/v2\/posts\/79193\/revisions\/79196"}],"wp:featuredmedia":[{"embeddable":true,"href":"https:\/\/insurancecorp.com.br\/pt\/wp-json\/wp\/v2\/media\/79194"}],"wp:attachment":[{"href":"https:\/\/insurancecorp.com.br\/pt\/wp-json\/wp\/v2\/media?parent=79193"}],"wp:term":[{"taxonomy":"category","embeddable":true,"href":"https:\/\/insurancecorp.com.br\/pt\/wp-json\/wp\/v2\/categories?post=79193"},{"taxonomy":"post_tag","embeddable":true,"href":"https:\/\/insurancecorp.com.br\/pt\/wp-json\/wp\/v2\/tags?post=79193"}],"curies":[{"name":"wp","href":"https:\/\/api.w.org\/{rel}","templated":true}]}}