{"id":79188,"date":"2026-04-30T14:54:43","date_gmt":"2026-04-30T17:54:43","guid":{"rendered":"https:\/\/insurancecorp.com.br\/pt\/?p=79188"},"modified":"2026-04-30T14:54:43","modified_gmt":"2026-04-30T17:54:43","slug":"cnseg-se-reune-com-geraldo-alckmin-e-apresenta-propostas","status":"publish","type":"post","link":"https:\/\/insurancecorp.com.br\/pt\/2026\/04\/30\/cnseg-se-reune-com-geraldo-alckmin-e-apresenta-propostas\/","title":{"rendered":"CNseg se re\u00fane com Geraldo Alckmin e apresenta propostas"},"content":{"rendered":"<p align=\"justify\">O vice-presidente da Rep\u00fablica, Geraldo Alckmin, manifestou apoio ao projeto de lei que moderniza e amplia os recursos destinados ao seguro rural, atualmente em tramita\u00e7\u00e3o na C\u00e2mara dos Deputados. A sinaliza\u00e7\u00e3o ocorreu nesta quarta-feira (29), durante reuni\u00e3o em Bras\u00edlia (DF) com o presidente da Confedera\u00e7\u00e3o Nacional das Seguradoras (CNseg), Dyogo Oliveira, e executivos do setor.<\/p>\n<p align=\"justify\">Al\u00e9m do seguro rural, os executivos do mercado segurador apresentaram propostas voltadas ao desenvolvimento e ao fortalecimento do setor no pa\u00eds, com destaque para a revis\u00e3o da incid\u00eancia do Imposto sobre Opera\u00e7\u00f5es Financeiras (IOF) sobre a previd\u00eancia privada e a cria\u00e7\u00e3o de mecanismos p\u00fablico-privados para ampliar a prote\u00e7\u00e3o f\u00edsica e patrimonial diante de eventos clim\u00e1ticos extremos.<\/p>\n<p align=\"justify\">Durante o encontro, Dyogo Oliveira destacou a relev\u00e2ncia do setor para a economia brasileira, que j\u00e1 representa mais de 6% do Produto Interno Bruto (PIB), al\u00e9m de apresentar perspectivas de crescimento. Segundo ele, embora o setor esteja s\u00f3lido e capitalizado, ainda h\u00e1 espa\u00e7o para avan\u00e7os estruturais.<\/p>\n<p align=\"justify\">&#8220;O fortalecimento do seguro rural, com a amplia\u00e7\u00e3o de recursos, \u00e9 essencial para apoiar um dos pilares da economia brasileira, que atualmente conta com apenas cerca de 5% de sua \u00e1rea segurada. Al\u00e9m disso, \u00e9 fundamental avan\u00e7ar no debate sobre as regras de incid\u00eancia do IOF sobre a previd\u00eancia privada, considerando os poss\u00edveis impactos sobre o planejamento financeiro da popula\u00e7\u00e3o, especialmente da classe m\u00e9dia&#8221;, afirmou.<\/p>\n<p align=\"justify\">Por sua vez, Geraldo Alckmin ressaltou a urg\u00eancia da aprova\u00e7\u00e3o do projeto, destacando a import\u00e2ncia do setor segurador para o desenvolvimento econ\u00f4mico do pa\u00eds. O vice-presidente tamb\u00e9m defendeu o avan\u00e7o do di\u00e1logo com o setor produtivo para a constru\u00e7\u00e3o de solu\u00e7\u00f5es capazes de mitigar os efeitos das mudan\u00e7as clim\u00e1ticas, cujos impactos t\u00eam se intensificado e afetado o desenvolvimento socioecon\u00f4mico nacional.<\/p>\n<p align=\"justify\">Tamb\u00e9m participaram da reuni\u00e3o o presidente da Escola de Neg\u00f3cios e Seguros (ENS), Lucas Verg\u00edlio; o vice-presidente da SulAm\u00e9rica Companhia de Seguro Sa\u00fade, Pablo dos Santos Meneses; o diretor da XP Vida e Previd\u00eancia, Am\u00e2ncio Paladino; o diretor-presidente da SINAF Previdencial Cia. de Seguros, Pedro Cl\u00e1udio de Medeiros B. Bulc\u00e3o; o diretor-presidente da Capemisa Seguradora de Vida e Previd\u00eancia, Jorge de Souza Andrade; e a superintendente de Relacionamento com o Poder Executivo da CNseg, La\u00edne Meira.<\/p>\n<h4>Encontro no MAPA<\/h4>\n<p align=\"justify\">O presidente da CNseg tamb\u00e9m esteve reunido, na ter\u00e7a-feira (28), com o ministro da Agricultura, Andr\u00e9 de Paula, acompanhado do secret\u00e1rio de Pol\u00edticas Agr\u00edcolas, Guilherme Campos.<\/p>\n<p align=\"justify\">Na reuni\u00e3o, al\u00e9m de ressaltar apoio para a aprova\u00e7\u00e3o do PL 2951\/24, que amplia o alcance do seguro rural, tamb\u00e9m foram apresentadas propostas do mercado segurador para o aperfei\u00e7oamento do setor agropecu\u00e1rio do pa\u00eds, no qual os seguros podem ser importantes mecanismos para a mitiga\u00e7\u00e3o de riscos em diversas atividades.<\/p>\n<p align=\"justify\"><strong>Assessoria de Imprensa CNseg<\/strong><\/p>\n<p align=\"justify\"><strong>Foto:\u00a0<\/strong>Em reuni\u00e3o com a CNseg, vice-presidente destaca urg\u00eancia da proposta e discute medidas para fortalecer o setor segurador<\/p>\n","protected":false},"excerpt":{"rendered":"<p>O vice-presidente da Rep\u00fablica, Geraldo Alckmin, manifestou apoio ao projeto de lei que moderniza e amplia os recursos destinados ao seguro rural, atualmente em tramita\u00e7\u00e3o na C\u00e2mara dos Deputados. A sinaliza\u00e7\u00e3o ocorreu nesta quarta-feira (29), durante reuni\u00e3o em Bras\u00edlia (DF) com o presidente da Confedera\u00e7\u00e3o Nacional das Seguradoras (CNseg), Dyogo Oliveira, e executivos do setor. [&hellip;]<\/p>\n","protected":false},"author":2,"featured_media":79189,"comment_status":"open","ping_status":"open","sticky":false,"template":"","format":"standard","meta":[],"categories":[75],"tags":[16607,5097,587,16606,10476,5459],"jetpack_featured_media_url":"https:\/\/insurancecorp.com.br\/pt\/wp-content\/uploads\/2026\/04\/Em-reuniao-com-a-CNseg-vice-presidente-destaca-urgencia-da-proposta-e-discute-medidas-para-fortalecer-o-setor-segurador.jpg","yoast_head":"<!-- This site is optimized with the Yoast SEO plugin v14.8 - https:\/\/yoast.com\/wordpress\/plugins\/seo\/ -->\n<title>CNseg se re\u00fane com Geraldo Alckmin e apresenta propostas | Revista Insurance Corp | PT-BR<\/title>\n<meta name=\"robots\" content=\"index, follow\" \/>\n<meta name=\"googlebot\" content=\"index, follow, max-snippet:-1, max-image-preview:large, max-video-preview:-1\" \/>\n<meta name=\"bingbot\" content=\"index, follow, max-snippet:-1, max-image-preview:large, max-video-preview:-1\" \/>\n<link rel=\"canonical\" href=\"https:\/\/insurancecorp.com.br\/pt\/2026\/04\/30\/cnseg-se-reune-com-geraldo-alckmin-e-apresenta-propostas\/\" \/>\n<meta property=\"og:locale\" content=\"pt_BR\" \/>\n<meta property=\"og:type\" content=\"article\" \/>\n<meta property=\"og:title\" content=\"CNseg se re\u00fane com Geraldo Alckmin e apresenta propostas | Revista Insurance Corp | PT-BR\" \/>\n<meta property=\"og:description\" content=\"O vice-presidente da Rep\u00fablica, Geraldo Alckmin, manifestou apoio ao projeto de lei que moderniza e amplia os recursos destinados ao seguro rural, atualmente em tramita\u00e7\u00e3o na C\u00e2mara dos Deputados. A sinaliza\u00e7\u00e3o ocorreu nesta quarta-feira (29), durante reuni\u00e3o em Bras\u00edlia (DF) com o presidente da Confedera\u00e7\u00e3o Nacional das Seguradoras (CNseg), Dyogo Oliveira, e executivos do setor. [&hellip;]\" \/>\n<meta property=\"og:url\" content=\"https:\/\/insurancecorp.com.br\/pt\/2026\/04\/30\/cnseg-se-reune-com-geraldo-alckmin-e-apresenta-propostas\/\" \/>\n<meta property=\"og:site_name\" content=\"Revista Insurance Corp | PT-BR\" \/>\n<meta property=\"article:publisher\" content=\"https:\/\/www.facebook.com\/RevistaInsuranceCorp\/\" \/>\n<meta property=\"article:published_time\" content=\"2026-04-30T17:54:43+00:00\" \/>\n<meta property=\"og:image\" content=\"https:\/\/insurancecorp.com.br\/pt\/wp-content\/uploads\/2026\/04\/Em-reuniao-com-a-CNseg-vice-presidente-destaca-urgencia-da-proposta-e-discute-medidas-para-fortalecer-o-setor-segurador.jpg\" \/>\n\t<meta property=\"og:image:width\" content=\"850\" \/>\n\t<meta property=\"og:image:height\" content=\"567\" \/>\n<meta name=\"twitter:card\" content=\"summary\" \/>\n<script type=\"application\/ld+json\" class=\"yoast-schema-graph\">{\"@context\":\"https:\/\/schema.org\",\"@graph\":[{\"@type\":\"Organization\",\"@id\":\"https:\/\/insurancecorp.com.br\/pt\/#organization\",\"name\":\"Revista Insurance Corp\",\"url\":\"https:\/\/insurancecorp.com.br\/pt\/\",\"sameAs\":[\"https:\/\/www.facebook.com\/RevistaInsuranceCorp\/\"],\"logo\":{\"@type\":\"ImageObject\",\"@id\":\"https:\/\/insurancecorp.com.br\/pt\/#logo\",\"inLanguage\":\"pt-BR\",\"url\":\"\",\"caption\":\"Revista Insurance Corp\"},\"image\":{\"@id\":\"https:\/\/insurancecorp.com.br\/pt\/#logo\"}},{\"@type\":\"WebSite\",\"@id\":\"https:\/\/insurancecorp.com.br\/pt\/#website\",\"url\":\"https:\/\/insurancecorp.com.br\/pt\/\",\"name\":\"Revista Insurance Corp | PT-BR\",\"description\":\"A \\u00fanica revista bil\\u00edngue voltada ao mercado de seguro.\",\"publisher\":{\"@id\":\"https:\/\/insurancecorp.com.br\/pt\/#organization\"},\"potentialAction\":[{\"@type\":\"SearchAction\",\"target\":\"https:\/\/insurancecorp.com.br\/pt\/?s={search_term_string}\",\"query-input\":\"required name=search_term_string\"}],\"inLanguage\":\"pt-BR\"},{\"@type\":\"ImageObject\",\"@id\":\"https:\/\/insurancecorp.com.br\/pt\/2026\/04\/30\/cnseg-se-reune-com-geraldo-alckmin-e-apresenta-propostas\/#primaryimage\",\"inLanguage\":\"pt-BR\",\"url\":\"https:\/\/insurancecorp.com.br\/pt\/wp-content\/uploads\/2026\/04\/Em-reuniao-com-a-CNseg-vice-presidente-destaca-urgencia-da-proposta-e-discute-medidas-para-fortalecer-o-setor-segurador.jpg\",\"width\":850,\"height\":567},{\"@type\":\"WebPage\",\"@id\":\"https:\/\/insurancecorp.com.br\/pt\/2026\/04\/30\/cnseg-se-reune-com-geraldo-alckmin-e-apresenta-propostas\/#webpage\",\"url\":\"https:\/\/insurancecorp.com.br\/pt\/2026\/04\/30\/cnseg-se-reune-com-geraldo-alckmin-e-apresenta-propostas\/\",\"name\":\"CNseg se re\\u00fane com Geraldo Alckmin e apresenta propostas | Revista Insurance Corp | PT-BR\",\"isPartOf\":{\"@id\":\"https:\/\/insurancecorp.com.br\/pt\/#website\"},\"primaryImageOfPage\":{\"@id\":\"https:\/\/insurancecorp.com.br\/pt\/2026\/04\/30\/cnseg-se-reune-com-geraldo-alckmin-e-apresenta-propostas\/#primaryimage\"},\"datePublished\":\"2026-04-30T17:54:43+00:00\",\"dateModified\":\"2026-04-30T17:54:43+00:00\",\"inLanguage\":\"pt-BR\",\"potentialAction\":[{\"@type\":\"ReadAction\",\"target\":[\"https:\/\/insurancecorp.com.br\/pt\/2026\/04\/30\/cnseg-se-reune-com-geraldo-alckmin-e-apresenta-propostas\/\"]}]},{\"@type\":\"Article\",\"@id\":\"https:\/\/insurancecorp.com.br\/pt\/2026\/04\/30\/cnseg-se-reune-com-geraldo-alckmin-e-apresenta-propostas\/#article\",\"isPartOf\":{\"@id\":\"https:\/\/insurancecorp.com.br\/pt\/2026\/04\/30\/cnseg-se-reune-com-geraldo-alckmin-e-apresenta-propostas\/#webpage\"},\"author\":{\"@id\":\"https:\/\/insurancecorp.com.br\/pt\/#\/schema\/person\/1b69c8cf325f0b7167f1b171f52df4af\"},\"headline\":\"CNseg se re\\u00fane com Geraldo Alckmin e apresenta propostas\",\"datePublished\":\"2026-04-30T17:54:43+00:00\",\"dateModified\":\"2026-04-30T17:54:43+00:00\",\"mainEntityOfPage\":{\"@id\":\"https:\/\/insurancecorp.com.br\/pt\/2026\/04\/30\/cnseg-se-reune-com-geraldo-alckmin-e-apresenta-propostas\/#webpage\"},\"commentCount\":0,\"publisher\":{\"@id\":\"https:\/\/insurancecorp.com.br\/pt\/#organization\"},\"image\":{\"@id\":\"https:\/\/insurancecorp.com.br\/pt\/2026\/04\/30\/cnseg-se-reune-com-geraldo-alckmin-e-apresenta-propostas\/#primaryimage\"},\"keywords\":\"Alckmin,apresenta,CNseg,Geraldo,propostas,reune\",\"articleSection\":\"CNseg\",\"inLanguage\":\"pt-BR\",\"potentialAction\":[{\"@type\":\"CommentAction\",\"name\":\"Comment\",\"target\":[\"https:\/\/insurancecorp.com.br\/pt\/2026\/04\/30\/cnseg-se-reune-com-geraldo-alckmin-e-apresenta-propostas\/#respond\"]}]},{\"@type\":\"Person\",\"@id\":\"https:\/\/insurancecorp.com.br\/pt\/#\/schema\/person\/1b69c8cf325f0b7167f1b171f52df4af\",\"name\":\"Publica\\u00e7\\u00e3o\",\"image\":{\"@type\":\"ImageObject\",\"@id\":\"https:\/\/insurancecorp.com.br\/pt\/#personlogo\",\"inLanguage\":\"pt-BR\",\"url\":\"https:\/\/secure.gravatar.com\/avatar\/17226f1f60486eb25d4c6b301ffed37f?s=96&d=mm&r=g\",\"caption\":\"Publica\\u00e7\\u00e3o\"}}]}<\/script>\n<!-- \/ Yoast SEO plugin. -->","_links":{"self":[{"href":"https:\/\/insurancecorp.com.br\/pt\/wp-json\/wp\/v2\/posts\/79188"}],"collection":[{"href":"https:\/\/insurancecorp.com.br\/pt\/wp-json\/wp\/v2\/posts"}],"about":[{"href":"https:\/\/insurancecorp.com.br\/pt\/wp-json\/wp\/v2\/types\/post"}],"author":[{"embeddable":true,"href":"https:\/\/insurancecorp.com.br\/pt\/wp-json\/wp\/v2\/users\/2"}],"replies":[{"embeddable":true,"href":"https:\/\/insurancecorp.com.br\/pt\/wp-json\/wp\/v2\/comments?post=79188"}],"version-history":[{"count":3,"href":"https:\/\/insurancecorp.com.br\/pt\/wp-json\/wp\/v2\/posts\/79188\/revisions"}],"predecessor-version":[{"id":79192,"href":"https:\/\/insurancecorp.com.br\/pt\/wp-json\/wp\/v2\/posts\/79188\/revisions\/79192"}],"wp:featuredmedia":[{"embeddable":true,"href":"https:\/\/insurancecorp.com.br\/pt\/wp-json\/wp\/v2\/media\/79189"}],"wp:attachment":[{"href":"https:\/\/insurancecorp.com.br\/pt\/wp-json\/wp\/v2\/media?parent=79188"}],"wp:term":[{"taxonomy":"category","embeddable":true,"href":"https:\/\/insurancecorp.com.br\/pt\/wp-json\/wp\/v2\/categories?post=79188"},{"taxonomy":"post_tag","embeddable":true,"href":"https:\/\/insurancecorp.com.br\/pt\/wp-json\/wp\/v2\/tags?post=79188"}],"curies":[{"name":"wp","href":"https:\/\/api.w.org\/{rel}","templated":true}]}}