{"id":79185,"date":"2026-04-30T14:44:32","date_gmt":"2026-04-30T17:44:32","guid":{"rendered":"https:\/\/insurancecorp.com.br\/pt\/?p=79185"},"modified":"2026-04-30T14:44:32","modified_gmt":"2026-04-30T17:44:32","slug":"inclusao-de-trabalhadoras-e-tema-central-do-tech-insurance-women-in-action","status":"publish","type":"post","link":"https:\/\/insurancecorp.com.br\/pt\/2026\/04\/30\/inclusao-de-trabalhadoras-e-tema-central-do-tech-insurance-women-in-action\/","title":{"rendered":"Inclus\u00e3o de trabalhadoras \u00e9 tema central do &#8220;Tech &#038; Insurance: Women in Action&#8221;"},"content":{"rendered":"<p align=\"justify\">No pr\u00f3ximo dia 13 de maio, S\u00e3o Paulo ser\u00e1 palco de um debate urgente sobre o futuro do mercado segurador: a converg\u00eancia entre inova\u00e7\u00e3o tecnol\u00f3gica e protagonismo feminino. O evento &#8220;Tech &amp; Insurance: Women in Action&#8221;, promovido pelo Instituto de Diversidade e Inclus\u00e3o de Seguros (IDIS), reunir\u00e1 lideran\u00e7as do mercado segurador para debater como as novas tecnologias podem\u00a0democratizar o acesso \u00e0 prote\u00e7\u00e3o financeira, com foco especial nas mulheres inseridas nas novas din\u00e2micas de trabalho.<\/p>\n<p align=\"justify\">O encontro contar\u00e1 com a participa\u00e7\u00e3o estrat\u00e9gica de\u00a0Rodrigo Ventura, CEO da 88i Seguradora Digital, que apresentar\u00e1 solu\u00e7\u00f5es desenhadas especificamente para inclus\u00e3o do p\u00fablico da gig economy. Para Ventura, as insurtechs possuem um papel social inegoci\u00e1vel na corre\u00e7\u00e3o de disparidades hist\u00f3ricas do setor.<\/p>\n<p align=\"justify\"><i>&#8220;O seguro tradicional foi desenhado para quem possui renda est\u00e1vel, o que acaba excluindo justamente quem mais precisa de amparo,\u00a0as trabalhadoras da economia informal e de plataformas. Hoje, o seguro embarcado e a tecnologia &#8216;liga e desliga&#8217; s\u00e3o os maiores vetores de inclus\u00e3o, garantindo dignidade especialmente para as mulheres chefes de fam\u00edlia&#8221;<\/i>, afirma Ventura.<\/p>\n<p align=\"justify\">Durante o painel que analisa o papel das insurtechs no ecossistema de inova\u00e7\u00e3o, Ventura abordar\u00e1 como alinhar custo, conveni\u00eancia e contexto de uso \u00e0 realidade da economia contempor\u00e2nea. O destaque ser\u00e1 a rede de prote\u00e7\u00e3o social privada viabilizada pela 88i. Ao oferecer coberturas de acidentes pessoais e di\u00e1rias por afastamento que se ajustam ao fluxo de caixa irregular de mulheres que conciliam m\u00faltiplas jornadas, a tecnologia transforma o seguro em um aliado estrat\u00e9gico, e n\u00e3o em um peso no or\u00e7amento.<\/p>\n<p align=\"justify\">Al\u00e9m da vis\u00e3o de Ventura sobre distribui\u00e7\u00e3o, o evento contar\u00e1 com pain\u00e9is dedicados ao\u00a0Letramento Digital\u00a0e \u00e0\u00a0IA Aplicada ao Mercado de Seguros. A mensagem central do encontro \u00e9 clara: o futuro do setor \u00e9 indissoci\u00e1vel da tecnologia de ponta e de uma maior presen\u00e7a feminina em posi\u00e7\u00f5es de decis\u00e3o.<\/p>\n<h5>Servi\u00e7o: Tech &amp; Insurance: Women in Action<\/h5>\n<ul>\n<li class=\"v1MsoNormal\"><b>Data:<\/b>\u00a013 de maio (segunda-feira)<\/li>\n<li class=\"v1MsoNormal\"><b>Hor\u00e1rio:<\/b>\u00a008h30 \u00e0s 13h00<\/li>\n<li class=\"v1MsoNormal\"><b>Local:<\/b>\u00a0Mattos Filho Advogados<\/li>\n<li class=\"v1MsoNormal\"><b>Endere\u00e7o:<\/b>\u00a0Av. Faria Lima, 4100 \u2013 6\u00ba andar \u2013 Itaim Bibi, S\u00e3o Paulo \u2013 SP<\/li>\n<li class=\"v1MsoNormal\"><b>Realiza\u00e7\u00e3o:<\/b>\u00a0IDIS &#8211; Instituto de Diversidade e Inclus\u00e3o de Seguros<\/li>\n<\/ul>\n<p align=\"justify\"><strong>Painel 1 &#8211;<\/strong> Impacto das novas tecnologias nos neg\u00f3cios e a import\u00e2ncia do letramento digital como compet\u00eancia estrat\u00e9gica no mercado de seguros (50min)<\/p>\n<p align=\"justify\"><strong>Painel 2 &#8211;<\/strong> IA aplicada no mercado de seguros (50min)<\/p>\n<p align=\"justify\"><strong>Painel 3 &#8211;<\/strong> Insurtechs: como utiliz\u00e1-las na sua plenitude para distribui\u00e7\u00e3o de seguros (50min)<\/p>\n<p align=\"justify\"><strong>Ceci Anett Comunica\u00e7\u00e3o<\/strong><\/p>\n","protected":false},"excerpt":{"rendered":"<p>No pr\u00f3ximo dia 13 de maio, S\u00e3o Paulo ser\u00e1 palco de um debate urgente sobre o futuro do mercado segurador: a converg\u00eancia entre inova\u00e7\u00e3o tecnol\u00f3gica e protagonismo feminino. O evento &#8220;Tech &amp; Insurance: Women in Action&#8221;, promovido pelo Instituto de Diversidade e Inclus\u00e3o de Seguros (IDIS), reunir\u00e1 lideran\u00e7as do mercado segurador para debater como as [&hellip;]<\/p>\n","protected":false},"author":2,"featured_media":79186,"comment_status":"open","ping_status":"open","sticky":false,"template":"","format":"standard","meta":[],"categories":[514],"tags":[13191,16605,4682,8105,16346,10708,16603,16604],"jetpack_featured_media_url":"https:\/\/insurancecorp.com.br\/pt\/wp-content\/uploads\/2026\/04\/Design-sem-nome-88.png","yoast_head":"<!-- This site is optimized with the Yoast SEO plugin v14.8 - https:\/\/yoast.com\/wordpress\/plugins\/seo\/ -->\n<title>Inclus\u00e3o de trabalhadoras \u00e9 tema central do &quot;Tech &amp; Insurance: Women in Action&quot; | Revista Insurance Corp | PT-BR<\/title>\n<meta name=\"robots\" content=\"index, follow\" \/>\n<meta name=\"googlebot\" content=\"index, follow, max-snippet:-1, max-image-preview:large, max-video-preview:-1\" \/>\n<meta name=\"bingbot\" content=\"index, follow, max-snippet:-1, max-image-preview:large, max-video-preview:-1\" \/>\n<link rel=\"canonical\" href=\"https:\/\/insurancecorp.com.br\/pt\/2026\/04\/30\/inclusao-de-trabalhadoras-e-tema-central-do-tech-insurance-women-in-action\/\" \/>\n<meta property=\"og:locale\" content=\"pt_BR\" \/>\n<meta property=\"og:type\" content=\"article\" \/>\n<meta property=\"og:title\" content=\"Inclus\u00e3o de trabalhadoras \u00e9 tema central do &quot;Tech &amp; Insurance: Women in Action&quot; | Revista Insurance Corp | PT-BR\" \/>\n<meta property=\"og:description\" content=\"No pr\u00f3ximo dia 13 de maio, S\u00e3o Paulo ser\u00e1 palco de um debate urgente sobre o futuro do mercado segurador: a converg\u00eancia entre inova\u00e7\u00e3o tecnol\u00f3gica e protagonismo feminino. O evento &#8220;Tech &amp; Insurance: Women in Action&#8221;, promovido pelo Instituto de Diversidade e Inclus\u00e3o de Seguros (IDIS), reunir\u00e1 lideran\u00e7as do mercado segurador para debater como as [&hellip;]\" \/>\n<meta property=\"og:url\" content=\"https:\/\/insurancecorp.com.br\/pt\/2026\/04\/30\/inclusao-de-trabalhadoras-e-tema-central-do-tech-insurance-women-in-action\/\" \/>\n<meta property=\"og:site_name\" content=\"Revista Insurance Corp | PT-BR\" \/>\n<meta property=\"article:publisher\" content=\"https:\/\/www.facebook.com\/RevistaInsuranceCorp\/\" \/>\n<meta property=\"article:published_time\" content=\"2026-04-30T17:44:32+00:00\" \/>\n<meta property=\"og:image\" content=\"https:\/\/insurancecorp.com.br\/pt\/wp-content\/uploads\/2026\/04\/Design-sem-nome-88.png\" \/>\n\t<meta property=\"og:image:width\" content=\"1366\" \/>\n\t<meta property=\"og:image:height\" content=\"610\" \/>\n<meta name=\"twitter:card\" content=\"summary\" \/>\n<script type=\"application\/ld+json\" class=\"yoast-schema-graph\">{\"@context\":\"https:\/\/schema.org\",\"@graph\":[{\"@type\":\"Organization\",\"@id\":\"https:\/\/insurancecorp.com.br\/pt\/#organization\",\"name\":\"Revista Insurance Corp\",\"url\":\"https:\/\/insurancecorp.com.br\/pt\/\",\"sameAs\":[\"https:\/\/www.facebook.com\/RevistaInsuranceCorp\/\"],\"logo\":{\"@type\":\"ImageObject\",\"@id\":\"https:\/\/insurancecorp.com.br\/pt\/#logo\",\"inLanguage\":\"pt-BR\",\"url\":\"\",\"caption\":\"Revista Insurance Corp\"},\"image\":{\"@id\":\"https:\/\/insurancecorp.com.br\/pt\/#logo\"}},{\"@type\":\"WebSite\",\"@id\":\"https:\/\/insurancecorp.com.br\/pt\/#website\",\"url\":\"https:\/\/insurancecorp.com.br\/pt\/\",\"name\":\"Revista Insurance Corp | PT-BR\",\"description\":\"A \\u00fanica revista bil\\u00edngue voltada ao mercado de seguro.\",\"publisher\":{\"@id\":\"https:\/\/insurancecorp.com.br\/pt\/#organization\"},\"potentialAction\":[{\"@type\":\"SearchAction\",\"target\":\"https:\/\/insurancecorp.com.br\/pt\/?s={search_term_string}\",\"query-input\":\"required name=search_term_string\"}],\"inLanguage\":\"pt-BR\"},{\"@type\":\"ImageObject\",\"@id\":\"https:\/\/insurancecorp.com.br\/pt\/2026\/04\/30\/inclusao-de-trabalhadoras-e-tema-central-do-tech-insurance-women-in-action\/#primaryimage\",\"inLanguage\":\"pt-BR\",\"url\":\"https:\/\/insurancecorp.com.br\/pt\/wp-content\/uploads\/2026\/04\/Design-sem-nome-88.png\",\"width\":1366,\"height\":610},{\"@type\":\"WebPage\",\"@id\":\"https:\/\/insurancecorp.com.br\/pt\/2026\/04\/30\/inclusao-de-trabalhadoras-e-tema-central-do-tech-insurance-women-in-action\/#webpage\",\"url\":\"https:\/\/insurancecorp.com.br\/pt\/2026\/04\/30\/inclusao-de-trabalhadoras-e-tema-central-do-tech-insurance-women-in-action\/\",\"name\":\"Inclus\\u00e3o de trabalhadoras \\u00e9 tema central do \\\"Tech & Insurance: Women in Action\\\" | Revista Insurance Corp | PT-BR\",\"isPartOf\":{\"@id\":\"https:\/\/insurancecorp.com.br\/pt\/#website\"},\"primaryImageOfPage\":{\"@id\":\"https:\/\/insurancecorp.com.br\/pt\/2026\/04\/30\/inclusao-de-trabalhadoras-e-tema-central-do-tech-insurance-women-in-action\/#primaryimage\"},\"datePublished\":\"2026-04-30T17:44:32+00:00\",\"dateModified\":\"2026-04-30T17:44:32+00:00\",\"inLanguage\":\"pt-BR\",\"potentialAction\":[{\"@type\":\"ReadAction\",\"target\":[\"https:\/\/insurancecorp.com.br\/pt\/2026\/04\/30\/inclusao-de-trabalhadoras-e-tema-central-do-tech-insurance-women-in-action\/\"]}]},{\"@type\":\"Article\",\"@id\":\"https:\/\/insurancecorp.com.br\/pt\/2026\/04\/30\/inclusao-de-trabalhadoras-e-tema-central-do-tech-insurance-women-in-action\/#article\",\"isPartOf\":{\"@id\":\"https:\/\/insurancecorp.com.br\/pt\/2026\/04\/30\/inclusao-de-trabalhadoras-e-tema-central-do-tech-insurance-women-in-action\/#webpage\"},\"author\":{\"@id\":\"https:\/\/insurancecorp.com.br\/pt\/#\/schema\/person\/1b69c8cf325f0b7167f1b171f52df4af\"},\"headline\":\"Inclus\\u00e3o de trabalhadoras \\u00e9 tema central do &#8220;Tech &#038; Insurance: Women in Action&#8221;\",\"datePublished\":\"2026-04-30T17:44:32+00:00\",\"dateModified\":\"2026-04-30T17:44:32+00:00\",\"mainEntityOfPage\":{\"@id\":\"https:\/\/insurancecorp.com.br\/pt\/2026\/04\/30\/inclusao-de-trabalhadoras-e-tema-central-do-tech-insurance-women-in-action\/#webpage\"},\"commentCount\":0,\"publisher\":{\"@id\":\"https:\/\/insurancecorp.com.br\/pt\/#organization\"},\"image\":{\"@id\":\"https:\/\/insurancecorp.com.br\/pt\/2026\/04\/30\/inclusao-de-trabalhadoras-e-tema-central-do-tech-insurance-women-in-action\/#primaryimage\"},\"keywords\":\"central,in action,inclus\\u00e3o,insurance,tech,tema,trabalhadoras,women\",\"articleSection\":\"88i Seguradora Digital\",\"inLanguage\":\"pt-BR\",\"potentialAction\":[{\"@type\":\"CommentAction\",\"name\":\"Comment\",\"target\":[\"https:\/\/insurancecorp.com.br\/pt\/2026\/04\/30\/inclusao-de-trabalhadoras-e-tema-central-do-tech-insurance-women-in-action\/#respond\"]}]},{\"@type\":\"Person\",\"@id\":\"https:\/\/insurancecorp.com.br\/pt\/#\/schema\/person\/1b69c8cf325f0b7167f1b171f52df4af\",\"name\":\"Publica\\u00e7\\u00e3o\",\"image\":{\"@type\":\"ImageObject\",\"@id\":\"https:\/\/insurancecorp.com.br\/pt\/#personlogo\",\"inLanguage\":\"pt-BR\",\"url\":\"https:\/\/secure.gravatar.com\/avatar\/17226f1f60486eb25d4c6b301ffed37f?s=96&d=mm&r=g\",\"caption\":\"Publica\\u00e7\\u00e3o\"}}]}<\/script>\n<!-- \/ Yoast SEO plugin. -->","_links":{"self":[{"href":"https:\/\/insurancecorp.com.br\/pt\/wp-json\/wp\/v2\/posts\/79185"}],"collection":[{"href":"https:\/\/insurancecorp.com.br\/pt\/wp-json\/wp\/v2\/posts"}],"about":[{"href":"https:\/\/insurancecorp.com.br\/pt\/wp-json\/wp\/v2\/types\/post"}],"author":[{"embeddable":true,"href":"https:\/\/insurancecorp.com.br\/pt\/wp-json\/wp\/v2\/users\/2"}],"replies":[{"embeddable":true,"href":"https:\/\/insurancecorp.com.br\/pt\/wp-json\/wp\/v2\/comments?post=79185"}],"version-history":[{"count":1,"href":"https:\/\/insurancecorp.com.br\/pt\/wp-json\/wp\/v2\/posts\/79185\/revisions"}],"predecessor-version":[{"id":79187,"href":"https:\/\/insurancecorp.com.br\/pt\/wp-json\/wp\/v2\/posts\/79185\/revisions\/79187"}],"wp:featuredmedia":[{"embeddable":true,"href":"https:\/\/insurancecorp.com.br\/pt\/wp-json\/wp\/v2\/media\/79186"}],"wp:attachment":[{"href":"https:\/\/insurancecorp.com.br\/pt\/wp-json\/wp\/v2\/media?parent=79185"}],"wp:term":[{"taxonomy":"category","embeddable":true,"href":"https:\/\/insurancecorp.com.br\/pt\/wp-json\/wp\/v2\/categories?post=79185"},{"taxonomy":"post_tag","embeddable":true,"href":"https:\/\/insurancecorp.com.br\/pt\/wp-json\/wp\/v2\/tags?post=79185"}],"curies":[{"name":"wp","href":"https:\/\/api.w.org\/{rel}","templated":true}]}}