{"id":79183,"date":"2026-04-30T14:26:20","date_gmt":"2026-04-30T17:26:20","guid":{"rendered":"https:\/\/insurancecorp.com.br\/pt\/?p=79183"},"modified":"2026-04-30T14:26:20","modified_gmt":"2026-04-30T17:26:20","slug":"susep-participa-da-coordenacao-de-formacao-internacional-da-asel","status":"publish","type":"post","link":"https:\/\/insurancecorp.com.br\/pt\/2026\/04\/30\/susep-participa-da-coordenacao-de-formacao-internacional-da-asel\/","title":{"rendered":"Susep participa da coordena\u00e7\u00e3o de forma\u00e7\u00e3o internacional da ASEL"},"content":{"rendered":"<p align=\"justify\">A Superintend\u00eancia de Seguros Privados (Susep) participou, entre os dias 13 e 24 de abril, em Macau, da A\u00e7\u00e3o de Forma\u00e7\u00e3o para Supervisores da Associa\u00e7\u00e3o de Supervisores de Seguros Lus\u00f3fonos (ASEL). A iniciativa foi organizada pela Autoridade Monet\u00e1ria de Macau (AMCM) e pela Autoridade de Supervis\u00e3o de Seguros e Fundos de Pens\u00f5es de Portugal (ASF).<\/p>\n<p align=\"justify\">O programa teve como objetivo capacitar supervisores de seguros provenientes de pa\u00edses lus\u00f3fonos, com foco em temas relacionados ao IFRS 17 e \u00e0s ci\u00eancias atuariais aplicadas ao setor. Participaram representantes de Angola, Brasil, Cabo Verde, Macau, Mo\u00e7ambique, S\u00e3o Tom\u00e9 e Pr\u00edncipe e Timor-Leste.<\/p>\n<p align=\"justify\">O Coordenador de Assuntos Internacionais da Susep, Jer\u00f4nimo Gon\u00e7alves Silva, atuou como coordenador da semana atuarial e como formador da a\u00e7\u00e3o, contribuindo para a articula\u00e7\u00e3o entre as entidades organizadoras, os instrutores e os participantes. Em uma das sess\u00f5es, apresentou uma vis\u00e3o atualizada do enquadramento regulat\u00f3rio do setor segurador brasileiro e das pr\u00e1ticas atuariais aplic\u00e1veis.<\/p>\n<p align=\"justify\">Al\u00e9m dele, outros tr\u00eas servidores da autarquia participaram do programa na condi\u00e7\u00e3o de formandos: a coordenadora de Monitoramento de Seguros Massificados, Ana Let\u00edcia Monnerat de Souza; o coordenador de Regula\u00e7\u00e3o de Capital e Patrim\u00f4nio L\u00edquido Ajustado, Eduardo Henrique Altieri; e o analista t\u00e9cnico da Coordena\u00e7\u00e3o de Monitoramento de Riscos, Thiago Barata Duarte.<\/p>\n<p align=\"justify\">As atividades tiveram in\u00edcio em 13 de abril, com o semin\u00e1rio &#8220;Supervis\u00e3o Financeira Internacional Moderna \u2013 Desafios e Respostas&#8221;. Ao longo da primeira semana, foi realizado um curso avan\u00e7ado de contabilidade de seguros. Os participantes tamb\u00e9m realizaram visitas de estudo \u00e0 Dire\u00e7\u00e3o dos Servi\u00e7os de Desenvolvimento Financeiro da Zona de Coopera\u00e7\u00e3o Aprofundada Guangdong-Macau, em Hengqin, e \u00e0 cidade de Zhuhai, com foco em iniciativas de inova\u00e7\u00e3o tecnol\u00f3gica e no desenvolvimento da medicina tradicional chinesa no interior da China.<\/p>\n<p align=\"justify\">Na segunda semana, foi ministrado o curso de conhecimentos atuariais em seguros, coordenado por Jer\u00f4nimo Gon\u00e7alves Silva, que tamb\u00e9m apresentou o tema Partilha sobre a pr\u00e1tica atuarial no Brasil.<\/p>\n<p align=\"justify\">Na cerim\u00f4nia de encerramento, a administradora do Conselho de Administra\u00e7\u00e3o da AMCM, Chan Kuan I, destacou que a a\u00e7\u00e3o de forma\u00e7\u00e3o constituiu uma plataforma relevante para a troca de experi\u00eancias e o fortalecimento da coopera\u00e7\u00e3o entre supervisores de pa\u00edses e regi\u00f5es de l\u00edngua portuguesa.<\/p>\n<p align=\"justify\"><strong>Assessoria de Imprensa Susep<\/strong><\/p>\n","protected":false},"excerpt":{"rendered":"<p>A Superintend\u00eancia de Seguros Privados (Susep) participou, entre os dias 13 e 24 de abril, em Macau, da A\u00e7\u00e3o de Forma\u00e7\u00e3o para Supervisores da Associa\u00e7\u00e3o de Supervisores de Seguros Lus\u00f3fonos (ASEL). A iniciativa foi organizada pela Autoridade Monet\u00e1ria de Macau (AMCM) e pela Autoridade de Supervis\u00e3o de Seguros e Fundos de Pens\u00f5es de Portugal (ASF). [&hellip;]<\/p>\n","protected":false},"author":2,"featured_media":76432,"comment_status":"open","ping_status":"open","sticky":false,"template":"","format":"standard","meta":[],"categories":[74],"tags":[14263,16602,4113,8203,2891,589],"jetpack_featured_media_url":"https:\/\/insurancecorp.com.br\/pt\/wp-content\/uploads\/2026\/01\/logo-susep-e1772121543697.png","yoast_head":"<!-- This site is optimized with the Yoast SEO plugin v14.8 - https:\/\/yoast.com\/wordpress\/plugins\/seo\/ -->\n<title>Susep participa da coordena\u00e7\u00e3o de forma\u00e7\u00e3o internacional da ASEL | Revista Insurance Corp | PT-BR<\/title>\n<meta name=\"robots\" content=\"index, follow\" \/>\n<meta name=\"googlebot\" content=\"index, follow, max-snippet:-1, max-image-preview:large, max-video-preview:-1\" \/>\n<meta name=\"bingbot\" content=\"index, follow, max-snippet:-1, max-image-preview:large, max-video-preview:-1\" \/>\n<link rel=\"canonical\" href=\"https:\/\/insurancecorp.com.br\/pt\/2026\/04\/30\/susep-participa-da-coordenacao-de-formacao-internacional-da-asel\/\" \/>\n<meta property=\"og:locale\" content=\"pt_BR\" \/>\n<meta property=\"og:type\" content=\"article\" \/>\n<meta property=\"og:title\" content=\"Susep participa da coordena\u00e7\u00e3o de forma\u00e7\u00e3o internacional da ASEL | Revista Insurance Corp | PT-BR\" \/>\n<meta property=\"og:description\" content=\"A Superintend\u00eancia de Seguros Privados (Susep) participou, entre os dias 13 e 24 de abril, em Macau, da A\u00e7\u00e3o de Forma\u00e7\u00e3o para Supervisores da Associa\u00e7\u00e3o de Supervisores de Seguros Lus\u00f3fonos (ASEL). A iniciativa foi organizada pela Autoridade Monet\u00e1ria de Macau (AMCM) e pela Autoridade de Supervis\u00e3o de Seguros e Fundos de Pens\u00f5es de Portugal (ASF). [&hellip;]\" \/>\n<meta property=\"og:url\" content=\"https:\/\/insurancecorp.com.br\/pt\/2026\/04\/30\/susep-participa-da-coordenacao-de-formacao-internacional-da-asel\/\" \/>\n<meta property=\"og:site_name\" content=\"Revista Insurance Corp | PT-BR\" \/>\n<meta property=\"article:publisher\" content=\"https:\/\/www.facebook.com\/RevistaInsuranceCorp\/\" \/>\n<meta property=\"article:published_time\" content=\"2026-04-30T17:26:20+00:00\" \/>\n<meta property=\"og:image\" content=\"https:\/\/insurancecorp.com.br\/pt\/wp-content\/uploads\/2026\/01\/logo-susep-e1772121543697.png\" \/>\n\t<meta property=\"og:image:width\" content=\"1696\" \/>\n\t<meta property=\"og:image:height\" content=\"636\" \/>\n<meta name=\"twitter:card\" content=\"summary\" \/>\n<script type=\"application\/ld+json\" class=\"yoast-schema-graph\">{\"@context\":\"https:\/\/schema.org\",\"@graph\":[{\"@type\":\"Organization\",\"@id\":\"https:\/\/insurancecorp.com.br\/pt\/#organization\",\"name\":\"Revista Insurance Corp\",\"url\":\"https:\/\/insurancecorp.com.br\/pt\/\",\"sameAs\":[\"https:\/\/www.facebook.com\/RevistaInsuranceCorp\/\"],\"logo\":{\"@type\":\"ImageObject\",\"@id\":\"https:\/\/insurancecorp.com.br\/pt\/#logo\",\"inLanguage\":\"pt-BR\",\"url\":\"\",\"caption\":\"Revista Insurance Corp\"},\"image\":{\"@id\":\"https:\/\/insurancecorp.com.br\/pt\/#logo\"}},{\"@type\":\"WebSite\",\"@id\":\"https:\/\/insurancecorp.com.br\/pt\/#website\",\"url\":\"https:\/\/insurancecorp.com.br\/pt\/\",\"name\":\"Revista Insurance Corp | PT-BR\",\"description\":\"A \\u00fanica revista bil\\u00edngue voltada ao mercado de seguro.\",\"publisher\":{\"@id\":\"https:\/\/insurancecorp.com.br\/pt\/#organization\"},\"potentialAction\":[{\"@type\":\"SearchAction\",\"target\":\"https:\/\/insurancecorp.com.br\/pt\/?s={search_term_string}\",\"query-input\":\"required name=search_term_string\"}],\"inLanguage\":\"pt-BR\"},{\"@type\":\"ImageObject\",\"@id\":\"https:\/\/insurancecorp.com.br\/pt\/2026\/04\/30\/susep-participa-da-coordenacao-de-formacao-internacional-da-asel\/#primaryimage\",\"inLanguage\":\"pt-BR\",\"url\":\"https:\/\/insurancecorp.com.br\/pt\/wp-content\/uploads\/2026\/01\/logo-susep-e1772121543697.png\",\"width\":1696,\"height\":636},{\"@type\":\"WebPage\",\"@id\":\"https:\/\/insurancecorp.com.br\/pt\/2026\/04\/30\/susep-participa-da-coordenacao-de-formacao-internacional-da-asel\/#webpage\",\"url\":\"https:\/\/insurancecorp.com.br\/pt\/2026\/04\/30\/susep-participa-da-coordenacao-de-formacao-internacional-da-asel\/\",\"name\":\"Susep participa da coordena\\u00e7\\u00e3o de forma\\u00e7\\u00e3o internacional da ASEL | Revista Insurance Corp | PT-BR\",\"isPartOf\":{\"@id\":\"https:\/\/insurancecorp.com.br\/pt\/#website\"},\"primaryImageOfPage\":{\"@id\":\"https:\/\/insurancecorp.com.br\/pt\/2026\/04\/30\/susep-participa-da-coordenacao-de-formacao-internacional-da-asel\/#primaryimage\"},\"datePublished\":\"2026-04-30T17:26:20+00:00\",\"dateModified\":\"2026-04-30T17:26:20+00:00\",\"inLanguage\":\"pt-BR\",\"potentialAction\":[{\"@type\":\"ReadAction\",\"target\":[\"https:\/\/insurancecorp.com.br\/pt\/2026\/04\/30\/susep-participa-da-coordenacao-de-formacao-internacional-da-asel\/\"]}]},{\"@type\":\"Article\",\"@id\":\"https:\/\/insurancecorp.com.br\/pt\/2026\/04\/30\/susep-participa-da-coordenacao-de-formacao-internacional-da-asel\/#article\",\"isPartOf\":{\"@id\":\"https:\/\/insurancecorp.com.br\/pt\/2026\/04\/30\/susep-participa-da-coordenacao-de-formacao-internacional-da-asel\/#webpage\"},\"author\":{\"@id\":\"https:\/\/insurancecorp.com.br\/pt\/#\/schema\/person\/1b69c8cf325f0b7167f1b171f52df4af\"},\"headline\":\"Susep participa da coordena\\u00e7\\u00e3o de forma\\u00e7\\u00e3o internacional da ASEL\",\"datePublished\":\"2026-04-30T17:26:20+00:00\",\"dateModified\":\"2026-04-30T17:26:20+00:00\",\"mainEntityOfPage\":{\"@id\":\"https:\/\/insurancecorp.com.br\/pt\/2026\/04\/30\/susep-participa-da-coordenacao-de-formacao-internacional-da-asel\/#webpage\"},\"commentCount\":0,\"publisher\":{\"@id\":\"https:\/\/insurancecorp.com.br\/pt\/#organization\"},\"image\":{\"@id\":\"https:\/\/insurancecorp.com.br\/pt\/2026\/04\/30\/susep-participa-da-coordenacao-de-formacao-internacional-da-asel\/#primaryimage\"},\"keywords\":\"ASEL,coordena\\u00e7ao,forma\\u00e7\\u00e3o,internacional,participa,susep\",\"articleSection\":\"Susep\",\"inLanguage\":\"pt-BR\",\"potentialAction\":[{\"@type\":\"CommentAction\",\"name\":\"Comment\",\"target\":[\"https:\/\/insurancecorp.com.br\/pt\/2026\/04\/30\/susep-participa-da-coordenacao-de-formacao-internacional-da-asel\/#respond\"]}]},{\"@type\":\"Person\",\"@id\":\"https:\/\/insurancecorp.com.br\/pt\/#\/schema\/person\/1b69c8cf325f0b7167f1b171f52df4af\",\"name\":\"Publica\\u00e7\\u00e3o\",\"image\":{\"@type\":\"ImageObject\",\"@id\":\"https:\/\/insurancecorp.com.br\/pt\/#personlogo\",\"inLanguage\":\"pt-BR\",\"url\":\"https:\/\/secure.gravatar.com\/avatar\/17226f1f60486eb25d4c6b301ffed37f?s=96&d=mm&r=g\",\"caption\":\"Publica\\u00e7\\u00e3o\"}}]}<\/script>\n<!-- \/ Yoast SEO plugin. -->","_links":{"self":[{"href":"https:\/\/insurancecorp.com.br\/pt\/wp-json\/wp\/v2\/posts\/79183"}],"collection":[{"href":"https:\/\/insurancecorp.com.br\/pt\/wp-json\/wp\/v2\/posts"}],"about":[{"href":"https:\/\/insurancecorp.com.br\/pt\/wp-json\/wp\/v2\/types\/post"}],"author":[{"embeddable":true,"href":"https:\/\/insurancecorp.com.br\/pt\/wp-json\/wp\/v2\/users\/2"}],"replies":[{"embeddable":true,"href":"https:\/\/insurancecorp.com.br\/pt\/wp-json\/wp\/v2\/comments?post=79183"}],"version-history":[{"count":1,"href":"https:\/\/insurancecorp.com.br\/pt\/wp-json\/wp\/v2\/posts\/79183\/revisions"}],"predecessor-version":[{"id":79184,"href":"https:\/\/insurancecorp.com.br\/pt\/wp-json\/wp\/v2\/posts\/79183\/revisions\/79184"}],"wp:featuredmedia":[{"embeddable":true,"href":"https:\/\/insurancecorp.com.br\/pt\/wp-json\/wp\/v2\/media\/76432"}],"wp:attachment":[{"href":"https:\/\/insurancecorp.com.br\/pt\/wp-json\/wp\/v2\/media?parent=79183"}],"wp:term":[{"taxonomy":"category","embeddable":true,"href":"https:\/\/insurancecorp.com.br\/pt\/wp-json\/wp\/v2\/categories?post=79183"},{"taxonomy":"post_tag","embeddable":true,"href":"https:\/\/insurancecorp.com.br\/pt\/wp-json\/wp\/v2\/tags?post=79183"}],"curies":[{"name":"wp","href":"https:\/\/api.w.org\/{rel}","templated":true}]}}