{"id":79171,"date":"2026-04-30T12:47:03","date_gmt":"2026-04-30T15:47:03","guid":{"rendered":"https:\/\/insurancecorp.com.br\/pt\/?p=79171"},"modified":"2026-04-30T12:47:03","modified_gmt":"2026-04-30T15:47:03","slug":"icatu-reforca-o-time-e-traz-lilian-grumbach","status":"publish","type":"post","link":"https:\/\/insurancecorp.com.br\/pt\/2026\/04\/30\/icatu-reforca-o-time-e-traz-lilian-grumbach\/","title":{"rendered":"Icatu refor\u00e7a o time e traz Lilian Grumbach"},"content":{"rendered":"<p align=\"justify\">Como parte da estrat\u00e9gia de desenvolvimento e evolu\u00e7\u00e3o digital, a Icatu Seguros, maior seguradora independente do pa\u00eds nos segmentos de Vida, Previd\u00eancia e Capitaliza\u00e7\u00e3o, anuncia a chegada de Lilian Grumbach, nova Superintendente que ir\u00e1 contribuir para a integra\u00e7\u00e3o entre Produtos e Tecnologia. Com mais de 25 anos de experi\u00eancia em gest\u00e3o de projetos, produtos e opera\u00e7\u00f5es, a executiva chega \u00e0 companhia para impulsionar a constru\u00e7\u00e3o de solu\u00e7\u00f5es digitais, conectando estrat\u00e9gia, dados e inova\u00e7\u00e3o.<\/p>\n<p align=\"justify\">Com passagens por OLX Brasil e SumUp, Lilian atuar\u00e1 sob a gest\u00e3o integrada de Antonio Carlos de Almeida Braga, Diretor de Produtos, e Bernardo Carneiro, Diretor de Tecnologia da companhia.<\/p>\n<p align=\"justify\">&#8220;Chego \u00e0 Icatu Seguros com o objetivo de contribuir para a evolu\u00e7\u00e3o das nossas solu\u00e7\u00f5es digitais, fortalecendo as plataformas da companhia. Vejo uma oportunidade muito consistente de conectar tecnologia e dados para tornar os produtos cada vez mais completos, flu\u00eddos e eficientes&#8221;, afirma Lilian.<\/p>\n<p align=\"justify\">Sua chegada marca um novo momento na evolu\u00e7\u00e3o da estrutura da companhia, apoiado por uma base tecnol\u00f3gica robusta, e uma vis\u00e3o de longo prazo orientada por dados, intelig\u00eancia artificial, automa\u00e7\u00e3o e arquitetura tecnol\u00f3gica escal\u00e1vel. A configura\u00e7\u00e3o busca acelerar o desenvolvimento de solu\u00e7\u00f5es, aumentar as sinergias entre as frentes de neg\u00f3cio e conectar de forma ainda mais direta produtos e canais estrat\u00e9gicos.<\/p>\n<p align=\"justify\">Nos \u00faltimos cinco anos, a Icatu Seguros investiu mais de R$2 bilh\u00f5es em tecnologia e inova\u00e7\u00e3o, com foco na moderniza\u00e7\u00e3o de plataformas, integra\u00e7\u00e3o de sistemas, evolu\u00e7\u00e3o da arquitetura digital e uso estruturado de dados para apoiar decis\u00f5es estrat\u00e9gicas, desenvolvimento de produtos e melhoria cont\u00ednua da experi\u00eancia de clientes, parceiros e corretores.<\/p>\n<p align=\"justify\"><strong>Buzzing<\/strong><\/p>\n","protected":false},"excerpt":{"rendered":"<p>Como parte da estrat\u00e9gia de desenvolvimento e evolu\u00e7\u00e3o digital, a Icatu Seguros, maior seguradora independente do pa\u00eds nos segmentos de Vida, Previd\u00eancia e Capitaliza\u00e7\u00e3o, anuncia a chegada de Lilian Grumbach, nova Superintendente que ir\u00e1 contribuir para a integra\u00e7\u00e3o entre Produtos e Tecnologia. Com mais de 25 anos de experi\u00eancia em gest\u00e3o de projetos, produtos e [&hellip;]<\/p>\n","protected":false},"author":2,"featured_media":79172,"comment_status":"open","ping_status":"open","sticky":false,"template":"","format":"standard","meta":[],"categories":[105],"tags":[16599,891,16598,5748,9215,7869],"jetpack_featured_media_url":"https:\/\/insurancecorp.com.br\/pt\/wp-content\/uploads\/2026\/04\/LA4A9083-1-e1777563980720.jpg","yoast_head":"<!-- This site is optimized with the Yoast SEO plugin v14.8 - https:\/\/yoast.com\/wordpress\/plugins\/seo\/ -->\n<title>Icatu refor\u00e7a o time e traz Lilian Grumbach | Revista Insurance Corp | PT-BR<\/title>\n<meta name=\"robots\" content=\"index, follow\" \/>\n<meta name=\"googlebot\" content=\"index, follow, max-snippet:-1, max-image-preview:large, max-video-preview:-1\" \/>\n<meta name=\"bingbot\" content=\"index, follow, max-snippet:-1, max-image-preview:large, max-video-preview:-1\" \/>\n<link rel=\"canonical\" href=\"https:\/\/insurancecorp.com.br\/pt\/2026\/04\/30\/icatu-reforca-o-time-e-traz-lilian-grumbach\/\" \/>\n<meta property=\"og:locale\" content=\"pt_BR\" \/>\n<meta property=\"og:type\" content=\"article\" \/>\n<meta property=\"og:title\" content=\"Icatu refor\u00e7a o time e traz Lilian Grumbach | Revista Insurance Corp | PT-BR\" \/>\n<meta property=\"og:description\" content=\"Como parte da estrat\u00e9gia de desenvolvimento e evolu\u00e7\u00e3o digital, a Icatu Seguros, maior seguradora independente do pa\u00eds nos segmentos de Vida, Previd\u00eancia e Capitaliza\u00e7\u00e3o, anuncia a chegada de Lilian Grumbach, nova Superintendente que ir\u00e1 contribuir para a integra\u00e7\u00e3o entre Produtos e Tecnologia. Com mais de 25 anos de experi\u00eancia em gest\u00e3o de projetos, produtos e [&hellip;]\" \/>\n<meta property=\"og:url\" content=\"https:\/\/insurancecorp.com.br\/pt\/2026\/04\/30\/icatu-reforca-o-time-e-traz-lilian-grumbach\/\" \/>\n<meta property=\"og:site_name\" content=\"Revista Insurance Corp | PT-BR\" \/>\n<meta property=\"article:publisher\" content=\"https:\/\/www.facebook.com\/RevistaInsuranceCorp\/\" \/>\n<meta property=\"article:published_time\" content=\"2026-04-30T15:47:03+00:00\" \/>\n<meta property=\"og:image\" content=\"https:\/\/insurancecorp.com.br\/pt\/wp-content\/uploads\/2026\/04\/LA4A9083-1-e1777563980720.jpg\" \/>\n\t<meta property=\"og:image:width\" content=\"800\" \/>\n\t<meta property=\"og:image:height\" content=\"332\" \/>\n<meta name=\"twitter:card\" content=\"summary\" \/>\n<script type=\"application\/ld+json\" class=\"yoast-schema-graph\">{\"@context\":\"https:\/\/schema.org\",\"@graph\":[{\"@type\":\"Organization\",\"@id\":\"https:\/\/insurancecorp.com.br\/pt\/#organization\",\"name\":\"Revista Insurance Corp\",\"url\":\"https:\/\/insurancecorp.com.br\/pt\/\",\"sameAs\":[\"https:\/\/www.facebook.com\/RevistaInsuranceCorp\/\"],\"logo\":{\"@type\":\"ImageObject\",\"@id\":\"https:\/\/insurancecorp.com.br\/pt\/#logo\",\"inLanguage\":\"pt-BR\",\"url\":\"\",\"caption\":\"Revista Insurance Corp\"},\"image\":{\"@id\":\"https:\/\/insurancecorp.com.br\/pt\/#logo\"}},{\"@type\":\"WebSite\",\"@id\":\"https:\/\/insurancecorp.com.br\/pt\/#website\",\"url\":\"https:\/\/insurancecorp.com.br\/pt\/\",\"name\":\"Revista Insurance Corp | PT-BR\",\"description\":\"A \\u00fanica revista bil\\u00edngue voltada ao mercado de seguro.\",\"publisher\":{\"@id\":\"https:\/\/insurancecorp.com.br\/pt\/#organization\"},\"potentialAction\":[{\"@type\":\"SearchAction\",\"target\":\"https:\/\/insurancecorp.com.br\/pt\/?s={search_term_string}\",\"query-input\":\"required name=search_term_string\"}],\"inLanguage\":\"pt-BR\"},{\"@type\":\"ImageObject\",\"@id\":\"https:\/\/insurancecorp.com.br\/pt\/2026\/04\/30\/icatu-reforca-o-time-e-traz-lilian-grumbach\/#primaryimage\",\"inLanguage\":\"pt-BR\",\"url\":\"https:\/\/insurancecorp.com.br\/pt\/wp-content\/uploads\/2026\/04\/LA4A9083-1-e1777563980720.jpg\",\"width\":800,\"height\":332},{\"@type\":\"WebPage\",\"@id\":\"https:\/\/insurancecorp.com.br\/pt\/2026\/04\/30\/icatu-reforca-o-time-e-traz-lilian-grumbach\/#webpage\",\"url\":\"https:\/\/insurancecorp.com.br\/pt\/2026\/04\/30\/icatu-reforca-o-time-e-traz-lilian-grumbach\/\",\"name\":\"Icatu refor\\u00e7a o time e traz Lilian Grumbach | Revista Insurance Corp | PT-BR\",\"isPartOf\":{\"@id\":\"https:\/\/insurancecorp.com.br\/pt\/#website\"},\"primaryImageOfPage\":{\"@id\":\"https:\/\/insurancecorp.com.br\/pt\/2026\/04\/30\/icatu-reforca-o-time-e-traz-lilian-grumbach\/#primaryimage\"},\"datePublished\":\"2026-04-30T15:47:03+00:00\",\"dateModified\":\"2026-04-30T15:47:03+00:00\",\"inLanguage\":\"pt-BR\",\"potentialAction\":[{\"@type\":\"ReadAction\",\"target\":[\"https:\/\/insurancecorp.com.br\/pt\/2026\/04\/30\/icatu-reforca-o-time-e-traz-lilian-grumbach\/\"]}]},{\"@type\":\"Article\",\"@id\":\"https:\/\/insurancecorp.com.br\/pt\/2026\/04\/30\/icatu-reforca-o-time-e-traz-lilian-grumbach\/#article\",\"isPartOf\":{\"@id\":\"https:\/\/insurancecorp.com.br\/pt\/2026\/04\/30\/icatu-reforca-o-time-e-traz-lilian-grumbach\/#webpage\"},\"author\":{\"@id\":\"https:\/\/insurancecorp.com.br\/pt\/#\/schema\/person\/1b69c8cf325f0b7167f1b171f52df4af\"},\"headline\":\"Icatu refor\\u00e7a o time e traz Lilian Grumbach\",\"datePublished\":\"2026-04-30T15:47:03+00:00\",\"dateModified\":\"2026-04-30T15:47:03+00:00\",\"mainEntityOfPage\":{\"@id\":\"https:\/\/insurancecorp.com.br\/pt\/2026\/04\/30\/icatu-reforca-o-time-e-traz-lilian-grumbach\/#webpage\"},\"commentCount\":0,\"publisher\":{\"@id\":\"https:\/\/insurancecorp.com.br\/pt\/#organization\"},\"image\":{\"@id\":\"https:\/\/insurancecorp.com.br\/pt\/2026\/04\/30\/icatu-reforca-o-time-e-traz-lilian-grumbach\/#primaryimage\"},\"keywords\":\"Grumbach,Icatu,Lilian,refor\\u00e7a,time,traz\",\"articleSection\":\"Icatu Seguros\",\"inLanguage\":\"pt-BR\",\"potentialAction\":[{\"@type\":\"CommentAction\",\"name\":\"Comment\",\"target\":[\"https:\/\/insurancecorp.com.br\/pt\/2026\/04\/30\/icatu-reforca-o-time-e-traz-lilian-grumbach\/#respond\"]}]},{\"@type\":\"Person\",\"@id\":\"https:\/\/insurancecorp.com.br\/pt\/#\/schema\/person\/1b69c8cf325f0b7167f1b171f52df4af\",\"name\":\"Publica\\u00e7\\u00e3o\",\"image\":{\"@type\":\"ImageObject\",\"@id\":\"https:\/\/insurancecorp.com.br\/pt\/#personlogo\",\"inLanguage\":\"pt-BR\",\"url\":\"https:\/\/secure.gravatar.com\/avatar\/17226f1f60486eb25d4c6b301ffed37f?s=96&d=mm&r=g\",\"caption\":\"Publica\\u00e7\\u00e3o\"}}]}<\/script>\n<!-- \/ Yoast SEO plugin. -->","_links":{"self":[{"href":"https:\/\/insurancecorp.com.br\/pt\/wp-json\/wp\/v2\/posts\/79171"}],"collection":[{"href":"https:\/\/insurancecorp.com.br\/pt\/wp-json\/wp\/v2\/posts"}],"about":[{"href":"https:\/\/insurancecorp.com.br\/pt\/wp-json\/wp\/v2\/types\/post"}],"author":[{"embeddable":true,"href":"https:\/\/insurancecorp.com.br\/pt\/wp-json\/wp\/v2\/users\/2"}],"replies":[{"embeddable":true,"href":"https:\/\/insurancecorp.com.br\/pt\/wp-json\/wp\/v2\/comments?post=79171"}],"version-history":[{"count":2,"href":"https:\/\/insurancecorp.com.br\/pt\/wp-json\/wp\/v2\/posts\/79171\/revisions"}],"predecessor-version":[{"id":79174,"href":"https:\/\/insurancecorp.com.br\/pt\/wp-json\/wp\/v2\/posts\/79171\/revisions\/79174"}],"wp:featuredmedia":[{"embeddable":true,"href":"https:\/\/insurancecorp.com.br\/pt\/wp-json\/wp\/v2\/media\/79172"}],"wp:attachment":[{"href":"https:\/\/insurancecorp.com.br\/pt\/wp-json\/wp\/v2\/media?parent=79171"}],"wp:term":[{"taxonomy":"category","embeddable":true,"href":"https:\/\/insurancecorp.com.br\/pt\/wp-json\/wp\/v2\/categories?post=79171"},{"taxonomy":"post_tag","embeddable":true,"href":"https:\/\/insurancecorp.com.br\/pt\/wp-json\/wp\/v2\/tags?post=79171"}],"curies":[{"name":"wp","href":"https:\/\/api.w.org\/{rel}","templated":true}]}}