{"id":79166,"date":"2026-04-30T12:16:21","date_gmt":"2026-04-30T15:16:21","guid":{"rendered":"https:\/\/insurancecorp.com.br\/pt\/?p=79166"},"modified":"2026-04-30T12:17:52","modified_gmt":"2026-04-30T15:17:52","slug":"bradesco-seguros-participa-de-iniciativa-da-fgv","status":"publish","type":"post","link":"https:\/\/insurancecorp.com.br\/pt\/2026\/04\/30\/bradesco-seguros-participa-de-iniciativa-da-fgv\/","title":{"rendered":"Bradesco Seguros participa de iniciativa da FGV"},"content":{"rendered":"<p align=\"justify\">O Grupo Bradesco Seguros participou da Semana Concentrada de Empreendedorismo da Gradua\u00e7\u00e3o da\u00a0FGV, realizada entre os dias 13 e 17 de abril, na\u00a0FGV\u00a0EAESP, em S\u00e3o Paulo (SP). Com o tema Seguros e Resseguros, a iniciativa reuniu 270 alunos em uma imers\u00e3o no formato de hackathon, com foco no desenvolvimento de solu\u00e7\u00f5es inovadoras para o setor.<\/p>\n<p align=\"justify\">Representando o Grupo Bradesco Seguros, participaram das atividades Guilherme Jun Haraguchi, Superintendente S\u00eanior de Inova\u00e7\u00e3o, Customer Insights, Dados e IA, Felipe Casella Szuster, Gerente S\u00eanior de Inova\u00e7\u00e3o, e Ivo Candido de Freitas Silva, Coordenador de Pesquisa e Inova\u00e7\u00e3o. A atua\u00e7\u00e3o da companhia incluiu presen\u00e7a na mesa redonda de abertura, com contextualiza\u00e7\u00e3o sobre o mercado e oportunidades de inova\u00e7\u00e3o no segmento, al\u00e9m da participa\u00e7\u00e3o na etapa final de avalia\u00e7\u00e3o dos projetos desenvolvidos pelos estudantes.<\/p>\n<p align=\"justify\">Ao longo da semana, os alunos foram desafiados a repensar produtos, servi\u00e7os e modelos de neg\u00f3cio no setor de seguros, estruturando propostas de novos empreendimentos, desenvolvendo MVPs e apresentando as solu\u00e7\u00f5es a bancas avaliadoras compostas por professores e representantes do mercado.<\/p>\n<p align=\"justify\">\u201cParticipar de uma iniciativa como essa \u00e9 uma oportunidade muito relevante para fortalecer a conex\u00e3o entre o setor de seguros e o ecossistema acad\u00eamico, al\u00e9m de incentivar uma vis\u00e3o mais empreendedora e inovadora sobre o futuro do mercado. O contato com os estudantes e com as solu\u00e7\u00f5es apresentadas mostra como h\u00e1 espa\u00e7o para novas leituras, abordagens e caminhos de transforma\u00e7\u00e3o para o setor\u201d, afirma Guilherme Jun Haraguchi, Superintendente S\u00eanior de Inova\u00e7\u00e3o do Grupo.<\/p>\n<p align=\"justify\">pitches, culminando em apresenta\u00e7\u00f5es avaliadas por crit\u00e9rios como inova\u00e7\u00e3o, viabilidade de mercado, viabilidade econ\u00f4mica e qualidade do MVP. As melhores propostas ainda poder\u00e3o ser convidadas a participar de programas de pr\u00e9-acelera\u00e7\u00e3o da\u00a0FGV\u00a0Ventures.<\/p>\n<p align=\"justify\">\u201cPromover esse tipo de experi\u00eancia pr\u00e1tica, orientada a desafios reais de mercado, \u00e9 fundamental para ampliar o repert\u00f3rio sobre inova\u00e7\u00e3o em seguros e estimular solu\u00e7\u00f5es mais aderentes \u00e0s transforma\u00e7\u00f5es que j\u00e1 impactam o setor. Para o Grupo Bradesco Seguros, \u00e9 especialmente importante contribuir com esse ambiente de troca, aprendizado e constru\u00e7\u00e3o conjunta\u201d, completa Haraguchi.<\/p>\n<p align=\"justify\">A participa\u00e7\u00e3o do Grupo Bradesco Seguros na Semana Concentrada de Empreendedorismo da Gradua\u00e7\u00e3o da\u00a0FGV\u00a0est\u00e1 alinhada \u00e0 estrat\u00e9gia da companhia de acompanhar a evolu\u00e7\u00e3o do setor, fomentar novas ideias e contribuir para o desenvolvimento de solu\u00e7\u00f5es que fortale\u00e7am a experi\u00eancia do cliente e a sustentabilidade dos neg\u00f3cios no longo prazo.<\/p>\n<p align=\"justify\"><strong>Edelman<\/strong><\/p>\n","protected":false},"excerpt":{"rendered":"<p>O Grupo Bradesco Seguros participou da Semana Concentrada de Empreendedorismo da Gradua\u00e7\u00e3o da\u00a0FGV, realizada entre os dias 13 e 17 de abril, na\u00a0FGV\u00a0EAESP, em S\u00e3o Paulo (SP). Com o tema Seguros e Resseguros, a iniciativa reuniu 270 alunos em uma imers\u00e3o no formato de hackathon, com foco no desenvolvimento de solu\u00e7\u00f5es inovadoras para o setor. [&hellip;]<\/p>\n","protected":false},"author":2,"featured_media":79167,"comment_status":"open","ping_status":"open","sticky":false,"template":"","format":"standard","meta":[],"categories":[413],"tags":[7052,4604,10102,2891,581],"jetpack_featured_media_url":"https:\/\/insurancecorp.com.br\/pt\/wp-content\/uploads\/2026\/04\/WhatsApp-Image-2026-04-28-at-17.33.05-e1777562151393.jpg","yoast_head":"<!-- This site is optimized with the Yoast SEO plugin v14.8 - https:\/\/yoast.com\/wordpress\/plugins\/seo\/ -->\n<title>Bradesco Seguros participa de iniciativa da FGV | Revista Insurance Corp | PT-BR<\/title>\n<meta name=\"robots\" content=\"index, follow\" \/>\n<meta name=\"googlebot\" content=\"index, follow, max-snippet:-1, max-image-preview:large, max-video-preview:-1\" \/>\n<meta name=\"bingbot\" content=\"index, follow, max-snippet:-1, max-image-preview:large, max-video-preview:-1\" \/>\n<link rel=\"canonical\" href=\"https:\/\/insurancecorp.com.br\/pt\/2026\/04\/30\/bradesco-seguros-participa-de-iniciativa-da-fgv\/\" \/>\n<meta property=\"og:locale\" content=\"pt_BR\" \/>\n<meta property=\"og:type\" content=\"article\" \/>\n<meta property=\"og:title\" content=\"Bradesco Seguros participa de iniciativa da FGV | Revista Insurance Corp | PT-BR\" \/>\n<meta property=\"og:description\" content=\"O Grupo Bradesco Seguros participou da Semana Concentrada de Empreendedorismo da Gradua\u00e7\u00e3o da\u00a0FGV, realizada entre os dias 13 e 17 de abril, na\u00a0FGV\u00a0EAESP, em S\u00e3o Paulo (SP). Com o tema Seguros e Resseguros, a iniciativa reuniu 270 alunos em uma imers\u00e3o no formato de hackathon, com foco no desenvolvimento de solu\u00e7\u00f5es inovadoras para o setor. [&hellip;]\" \/>\n<meta property=\"og:url\" content=\"https:\/\/insurancecorp.com.br\/pt\/2026\/04\/30\/bradesco-seguros-participa-de-iniciativa-da-fgv\/\" \/>\n<meta property=\"og:site_name\" content=\"Revista Insurance Corp | PT-BR\" \/>\n<meta property=\"article:publisher\" content=\"https:\/\/www.facebook.com\/RevistaInsuranceCorp\/\" \/>\n<meta property=\"article:published_time\" content=\"2026-04-30T15:16:21+00:00\" \/>\n<meta property=\"article:modified_time\" content=\"2026-04-30T15:17:52+00:00\" \/>\n<meta property=\"og:image\" content=\"https:\/\/insurancecorp.com.br\/pt\/wp-content\/uploads\/2026\/04\/WhatsApp-Image-2026-04-28-at-17.33.05-e1777562151393.jpg\" \/>\n\t<meta property=\"og:image:width\" content=\"1128\" \/>\n\t<meta property=\"og:image:height\" content=\"693\" \/>\n<meta name=\"twitter:card\" content=\"summary\" \/>\n<script type=\"application\/ld+json\" class=\"yoast-schema-graph\">{\"@context\":\"https:\/\/schema.org\",\"@graph\":[{\"@type\":\"Organization\",\"@id\":\"https:\/\/insurancecorp.com.br\/pt\/#organization\",\"name\":\"Revista Insurance Corp\",\"url\":\"https:\/\/insurancecorp.com.br\/pt\/\",\"sameAs\":[\"https:\/\/www.facebook.com\/RevistaInsuranceCorp\/\"],\"logo\":{\"@type\":\"ImageObject\",\"@id\":\"https:\/\/insurancecorp.com.br\/pt\/#logo\",\"inLanguage\":\"pt-BR\",\"url\":\"\",\"caption\":\"Revista Insurance Corp\"},\"image\":{\"@id\":\"https:\/\/insurancecorp.com.br\/pt\/#logo\"}},{\"@type\":\"WebSite\",\"@id\":\"https:\/\/insurancecorp.com.br\/pt\/#website\",\"url\":\"https:\/\/insurancecorp.com.br\/pt\/\",\"name\":\"Revista Insurance Corp | PT-BR\",\"description\":\"A \\u00fanica revista bil\\u00edngue voltada ao mercado de seguro.\",\"publisher\":{\"@id\":\"https:\/\/insurancecorp.com.br\/pt\/#organization\"},\"potentialAction\":[{\"@type\":\"SearchAction\",\"target\":\"https:\/\/insurancecorp.com.br\/pt\/?s={search_term_string}\",\"query-input\":\"required name=search_term_string\"}],\"inLanguage\":\"pt-BR\"},{\"@type\":\"ImageObject\",\"@id\":\"https:\/\/insurancecorp.com.br\/pt\/2026\/04\/30\/bradesco-seguros-participa-de-iniciativa-da-fgv\/#primaryimage\",\"inLanguage\":\"pt-BR\",\"url\":\"https:\/\/insurancecorp.com.br\/pt\/wp-content\/uploads\/2026\/04\/WhatsApp-Image-2026-04-28-at-17.33.05-e1777562151393.jpg\",\"width\":1128,\"height\":693},{\"@type\":\"WebPage\",\"@id\":\"https:\/\/insurancecorp.com.br\/pt\/2026\/04\/30\/bradesco-seguros-participa-de-iniciativa-da-fgv\/#webpage\",\"url\":\"https:\/\/insurancecorp.com.br\/pt\/2026\/04\/30\/bradesco-seguros-participa-de-iniciativa-da-fgv\/\",\"name\":\"Bradesco Seguros participa de iniciativa da FGV | Revista Insurance Corp | PT-BR\",\"isPartOf\":{\"@id\":\"https:\/\/insurancecorp.com.br\/pt\/#website\"},\"primaryImageOfPage\":{\"@id\":\"https:\/\/insurancecorp.com.br\/pt\/2026\/04\/30\/bradesco-seguros-participa-de-iniciativa-da-fgv\/#primaryimage\"},\"datePublished\":\"2026-04-30T15:16:21+00:00\",\"dateModified\":\"2026-04-30T15:17:52+00:00\",\"inLanguage\":\"pt-BR\",\"potentialAction\":[{\"@type\":\"ReadAction\",\"target\":[\"https:\/\/insurancecorp.com.br\/pt\/2026\/04\/30\/bradesco-seguros-participa-de-iniciativa-da-fgv\/\"]}]},{\"@type\":\"Article\",\"@id\":\"https:\/\/insurancecorp.com.br\/pt\/2026\/04\/30\/bradesco-seguros-participa-de-iniciativa-da-fgv\/#article\",\"isPartOf\":{\"@id\":\"https:\/\/insurancecorp.com.br\/pt\/2026\/04\/30\/bradesco-seguros-participa-de-iniciativa-da-fgv\/#webpage\"},\"author\":{\"@id\":\"https:\/\/insurancecorp.com.br\/pt\/#\/schema\/person\/1b69c8cf325f0b7167f1b171f52df4af\"},\"headline\":\"Bradesco Seguros participa de iniciativa da FGV\",\"datePublished\":\"2026-04-30T15:16:21+00:00\",\"dateModified\":\"2026-04-30T15:17:52+00:00\",\"mainEntityOfPage\":{\"@id\":\"https:\/\/insurancecorp.com.br\/pt\/2026\/04\/30\/bradesco-seguros-participa-de-iniciativa-da-fgv\/#webpage\"},\"commentCount\":0,\"publisher\":{\"@id\":\"https:\/\/insurancecorp.com.br\/pt\/#organization\"},\"image\":{\"@id\":\"https:\/\/insurancecorp.com.br\/pt\/2026\/04\/30\/bradesco-seguros-participa-de-iniciativa-da-fgv\/#primaryimage\"},\"keywords\":\"Bradesco,FGV,iniciativa,participa,seguros\",\"articleSection\":\"Bradesco Seguros\",\"inLanguage\":\"pt-BR\",\"potentialAction\":[{\"@type\":\"CommentAction\",\"name\":\"Comment\",\"target\":[\"https:\/\/insurancecorp.com.br\/pt\/2026\/04\/30\/bradesco-seguros-participa-de-iniciativa-da-fgv\/#respond\"]}]},{\"@type\":\"Person\",\"@id\":\"https:\/\/insurancecorp.com.br\/pt\/#\/schema\/person\/1b69c8cf325f0b7167f1b171f52df4af\",\"name\":\"Publica\\u00e7\\u00e3o\",\"image\":{\"@type\":\"ImageObject\",\"@id\":\"https:\/\/insurancecorp.com.br\/pt\/#personlogo\",\"inLanguage\":\"pt-BR\",\"url\":\"https:\/\/secure.gravatar.com\/avatar\/17226f1f60486eb25d4c6b301ffed37f?s=96&d=mm&r=g\",\"caption\":\"Publica\\u00e7\\u00e3o\"}}]}<\/script>\n<!-- \/ Yoast SEO plugin. -->","_links":{"self":[{"href":"https:\/\/insurancecorp.com.br\/pt\/wp-json\/wp\/v2\/posts\/79166"}],"collection":[{"href":"https:\/\/insurancecorp.com.br\/pt\/wp-json\/wp\/v2\/posts"}],"about":[{"href":"https:\/\/insurancecorp.com.br\/pt\/wp-json\/wp\/v2\/types\/post"}],"author":[{"embeddable":true,"href":"https:\/\/insurancecorp.com.br\/pt\/wp-json\/wp\/v2\/users\/2"}],"replies":[{"embeddable":true,"href":"https:\/\/insurancecorp.com.br\/pt\/wp-json\/wp\/v2\/comments?post=79166"}],"version-history":[{"count":3,"href":"https:\/\/insurancecorp.com.br\/pt\/wp-json\/wp\/v2\/posts\/79166\/revisions"}],"predecessor-version":[{"id":79170,"href":"https:\/\/insurancecorp.com.br\/pt\/wp-json\/wp\/v2\/posts\/79166\/revisions\/79170"}],"wp:featuredmedia":[{"embeddable":true,"href":"https:\/\/insurancecorp.com.br\/pt\/wp-json\/wp\/v2\/media\/79167"}],"wp:attachment":[{"href":"https:\/\/insurancecorp.com.br\/pt\/wp-json\/wp\/v2\/media?parent=79166"}],"wp:term":[{"taxonomy":"category","embeddable":true,"href":"https:\/\/insurancecorp.com.br\/pt\/wp-json\/wp\/v2\/categories?post=79166"},{"taxonomy":"post_tag","embeddable":true,"href":"https:\/\/insurancecorp.com.br\/pt\/wp-json\/wp\/v2\/tags?post=79166"}],"curies":[{"name":"wp","href":"https:\/\/api.w.org\/{rel}","templated":true}]}}