{"id":79164,"date":"2026-04-30T12:10:50","date_gmt":"2026-04-30T15:10:50","guid":{"rendered":"https:\/\/insurancecorp.com.br\/pt\/?p=79164"},"modified":"2026-04-30T12:10:50","modified_gmt":"2026-04-30T15:10:50","slug":"wiz-abre-novas-vagas-no-sul-e-no-sudeste","status":"publish","type":"post","link":"https:\/\/insurancecorp.com.br\/pt\/2026\/04\/30\/wiz-abre-novas-vagas-no-sul-e-no-sudeste\/","title":{"rendered":"Wiz abre novas vagas no Sul e no Sudeste"},"content":{"rendered":"<p align=\"justify\">A Wiz Co, empresa especializada em bancassurance e distribuidora de cons\u00f3rcios e cr\u00e9dito, anuncia a abertura de vagas em algumas de suas unidades de neg\u00f3cios. As oportunidades est\u00e3o dispon\u00edveis nas cidades de Porto Alegre (RS), Curitiba (PR), Florian\u00f3polis (SC), Vit\u00f3ria (ES) e Santana de Parna\u00edba (SP), visando preencher posi\u00e7\u00f5es nas \u00e1reas de tecnologia e comercial, sendo quatro delas direcionadas ao segmento de cons\u00f3rcios, na posi\u00e7\u00e3o de executivo de contas.<\/p>\n<p align=\"justify\">Todas as vagas tamb\u00e9m s\u00e3o eleg\u00edveis para pessoas com defici\u00eancia (PCD). A maior parte das oportunidades \u00e9 para atua\u00e7\u00e3o presencial, especialmente nas fun\u00e7\u00f5es ligadas \u00e0 \u00e1rea comercial e ao relacionamento com parceiros, mas h\u00e1 tamb\u00e9m oportunidades sob os modelos h\u00edbrido ou remoto, dependendo da fun\u00e7\u00e3o.<\/p>\n<p align=\"justify\">Segundo a Wiz Co, esse movimento refor\u00e7a a estrat\u00e9gia do grupo de ampliar sua presen\u00e7a regional, especialmente por meio de sua rede de parceiros e correspondentes banc\u00e1rios. E a qualifica\u00e7\u00e3o dessa estrutura se traduz na busca por profissionais especializados em segmentos como cons\u00f3rcios e cr\u00e9dito, alinhados \u00e0 evolu\u00e7\u00e3o da demanda por solu\u00e7\u00f5es financeiras mais acess\u00edveis.<\/p>\n<p align=\"justify\">Entre as posi\u00e7\u00f5es dispon\u00edveis est\u00e3o cargos como Executivo de Contas, Supervisor de Vendas, Gerente Regional, Analista de Suporte Comercial e Desenvolvedor Salesforce. As vagas est\u00e3o distribu\u00eddas entre diferentes unidades do grupo, incluindo Promotiva, Wiz Parceiros, Wiz Conseg, Banriponto e a pr\u00f3pria Wiz Co.<\/p>\n<p align=\"justify\">O perfil buscado varia conforme a fun\u00e7\u00e3o, mas h\u00e1 requisitos comuns \u00e0 maior parte das posi\u00e7\u00f5es, como ensino superior completo, experi\u00eancia pr\u00e9via na \u00e1rea de atua\u00e7\u00e3o e familiaridade com ferramentas corporativas. Para vagas comerciais e de gest\u00e3o, tamb\u00e9m s\u00e3o valorizados experi\u00eancia com metas, relacionamento com parceiros e disponibilidade para deslocamentos. J\u00e1 na \u00e1rea de tecnologia, os requisitos s\u00e3o mais t\u00e9cnicos e voltados ao desenvolvimento de sistemas.<\/p>\n<p align=\"justify\">As datas de encerramento das inscri\u00e7\u00f5es variam conforme a posi\u00e7\u00e3o. Mais informa\u00e7\u00f5es podem ser obtidas\u00a0<a href=\"https:\/\/wiz.gupy.io\/\" target=\"_blank\" rel=\"noopener noreferrer\">neste link<\/a>.<\/p>\n<p align=\"justify\"><strong>InPress Porter Novelli<\/strong><\/p>\n","protected":false},"excerpt":{"rendered":"<p>A Wiz Co, empresa especializada em bancassurance e distribuidora de cons\u00f3rcios e cr\u00e9dito, anuncia a abertura de vagas em algumas de suas unidades de neg\u00f3cios. As oportunidades est\u00e3o dispon\u00edveis nas cidades de Porto Alegre (RS), Curitiba (PR), Florian\u00f3polis (SC), Vit\u00f3ria (ES) e Santana de Parna\u00edba (SP), visando preencher posi\u00e7\u00f5es nas \u00e1reas de tecnologia e comercial, [&hellip;]<\/p>\n","protected":false},"author":2,"featured_media":70715,"comment_status":"open","ping_status":"open","sticky":false,"template":"","format":"standard","meta":[],"categories":[10317],"tags":[8098,12771,14903,6407,4739,4912],"jetpack_featured_media_url":"https:\/\/insurancecorp.com.br\/pt\/wp-content\/uploads\/2025\/08\/wiz.png","yoast_head":"<!-- This site is optimized with the Yoast SEO plugin v14.8 - https:\/\/yoast.com\/wordpress\/plugins\/seo\/ -->\n<title>Wiz abre novas vagas no Sul e no Sudeste | Revista Insurance Corp | PT-BR<\/title>\n<meta name=\"robots\" content=\"index, follow\" \/>\n<meta name=\"googlebot\" content=\"index, follow, max-snippet:-1, max-image-preview:large, max-video-preview:-1\" \/>\n<meta name=\"bingbot\" content=\"index, follow, max-snippet:-1, max-image-preview:large, max-video-preview:-1\" \/>\n<link rel=\"canonical\" href=\"https:\/\/insurancecorp.com.br\/pt\/2026\/04\/30\/wiz-abre-novas-vagas-no-sul-e-no-sudeste\/\" \/>\n<meta property=\"og:locale\" content=\"pt_BR\" \/>\n<meta property=\"og:type\" content=\"article\" \/>\n<meta property=\"og:title\" content=\"Wiz abre novas vagas no Sul e no Sudeste | Revista Insurance Corp | PT-BR\" \/>\n<meta property=\"og:description\" content=\"A Wiz Co, empresa especializada em bancassurance e distribuidora de cons\u00f3rcios e cr\u00e9dito, anuncia a abertura de vagas em algumas de suas unidades de neg\u00f3cios. As oportunidades est\u00e3o dispon\u00edveis nas cidades de Porto Alegre (RS), Curitiba (PR), Florian\u00f3polis (SC), Vit\u00f3ria (ES) e Santana de Parna\u00edba (SP), visando preencher posi\u00e7\u00f5es nas \u00e1reas de tecnologia e comercial, [&hellip;]\" \/>\n<meta property=\"og:url\" content=\"https:\/\/insurancecorp.com.br\/pt\/2026\/04\/30\/wiz-abre-novas-vagas-no-sul-e-no-sudeste\/\" \/>\n<meta property=\"og:site_name\" content=\"Revista Insurance Corp | PT-BR\" \/>\n<meta property=\"article:publisher\" content=\"https:\/\/www.facebook.com\/RevistaInsuranceCorp\/\" \/>\n<meta property=\"article:published_time\" content=\"2026-04-30T15:10:50+00:00\" \/>\n<meta property=\"og:image\" content=\"https:\/\/insurancecorp.com.br\/pt\/wp-content\/uploads\/2025\/08\/wiz.png\" \/>\n\t<meta property=\"og:image:width\" content=\"1200\" \/>\n\t<meta property=\"og:image:height\" content=\"530\" \/>\n<meta name=\"twitter:card\" content=\"summary\" \/>\n<script type=\"application\/ld+json\" class=\"yoast-schema-graph\">{\"@context\":\"https:\/\/schema.org\",\"@graph\":[{\"@type\":\"Organization\",\"@id\":\"https:\/\/insurancecorp.com.br\/pt\/#organization\",\"name\":\"Revista Insurance Corp\",\"url\":\"https:\/\/insurancecorp.com.br\/pt\/\",\"sameAs\":[\"https:\/\/www.facebook.com\/RevistaInsuranceCorp\/\"],\"logo\":{\"@type\":\"ImageObject\",\"@id\":\"https:\/\/insurancecorp.com.br\/pt\/#logo\",\"inLanguage\":\"pt-BR\",\"url\":\"\",\"caption\":\"Revista Insurance Corp\"},\"image\":{\"@id\":\"https:\/\/insurancecorp.com.br\/pt\/#logo\"}},{\"@type\":\"WebSite\",\"@id\":\"https:\/\/insurancecorp.com.br\/pt\/#website\",\"url\":\"https:\/\/insurancecorp.com.br\/pt\/\",\"name\":\"Revista Insurance Corp | PT-BR\",\"description\":\"A \\u00fanica revista bil\\u00edngue voltada ao mercado de seguro.\",\"publisher\":{\"@id\":\"https:\/\/insurancecorp.com.br\/pt\/#organization\"},\"potentialAction\":[{\"@type\":\"SearchAction\",\"target\":\"https:\/\/insurancecorp.com.br\/pt\/?s={search_term_string}\",\"query-input\":\"required name=search_term_string\"}],\"inLanguage\":\"pt-BR\"},{\"@type\":\"ImageObject\",\"@id\":\"https:\/\/insurancecorp.com.br\/pt\/2026\/04\/30\/wiz-abre-novas-vagas-no-sul-e-no-sudeste\/#primaryimage\",\"inLanguage\":\"pt-BR\",\"url\":\"https:\/\/insurancecorp.com.br\/pt\/wp-content\/uploads\/2025\/08\/wiz.png\",\"width\":1200,\"height\":530},{\"@type\":\"WebPage\",\"@id\":\"https:\/\/insurancecorp.com.br\/pt\/2026\/04\/30\/wiz-abre-novas-vagas-no-sul-e-no-sudeste\/#webpage\",\"url\":\"https:\/\/insurancecorp.com.br\/pt\/2026\/04\/30\/wiz-abre-novas-vagas-no-sul-e-no-sudeste\/\",\"name\":\"Wiz abre novas vagas no Sul e no Sudeste | Revista Insurance Corp | PT-BR\",\"isPartOf\":{\"@id\":\"https:\/\/insurancecorp.com.br\/pt\/#website\"},\"primaryImageOfPage\":{\"@id\":\"https:\/\/insurancecorp.com.br\/pt\/2026\/04\/30\/wiz-abre-novas-vagas-no-sul-e-no-sudeste\/#primaryimage\"},\"datePublished\":\"2026-04-30T15:10:50+00:00\",\"dateModified\":\"2026-04-30T15:10:50+00:00\",\"inLanguage\":\"pt-BR\",\"potentialAction\":[{\"@type\":\"ReadAction\",\"target\":[\"https:\/\/insurancecorp.com.br\/pt\/2026\/04\/30\/wiz-abre-novas-vagas-no-sul-e-no-sudeste\/\"]}]},{\"@type\":\"Article\",\"@id\":\"https:\/\/insurancecorp.com.br\/pt\/2026\/04\/30\/wiz-abre-novas-vagas-no-sul-e-no-sudeste\/#article\",\"isPartOf\":{\"@id\":\"https:\/\/insurancecorp.com.br\/pt\/2026\/04\/30\/wiz-abre-novas-vagas-no-sul-e-no-sudeste\/#webpage\"},\"author\":{\"@id\":\"https:\/\/insurancecorp.com.br\/pt\/#\/schema\/person\/1b69c8cf325f0b7167f1b171f52df4af\"},\"headline\":\"Wiz abre novas vagas no Sul e no Sudeste\",\"datePublished\":\"2026-04-30T15:10:50+00:00\",\"dateModified\":\"2026-04-30T15:10:50+00:00\",\"mainEntityOfPage\":{\"@id\":\"https:\/\/insurancecorp.com.br\/pt\/2026\/04\/30\/wiz-abre-novas-vagas-no-sul-e-no-sudeste\/#webpage\"},\"commentCount\":0,\"publisher\":{\"@id\":\"https:\/\/insurancecorp.com.br\/pt\/#organization\"},\"image\":{\"@id\":\"https:\/\/insurancecorp.com.br\/pt\/2026\/04\/30\/wiz-abre-novas-vagas-no-sul-e-no-sudeste\/#primaryimage\"},\"keywords\":\"abre,novas,sudeste,sul,vagas,WIZ\",\"articleSection\":\"Wiz Co\",\"inLanguage\":\"pt-BR\",\"potentialAction\":[{\"@type\":\"CommentAction\",\"name\":\"Comment\",\"target\":[\"https:\/\/insurancecorp.com.br\/pt\/2026\/04\/30\/wiz-abre-novas-vagas-no-sul-e-no-sudeste\/#respond\"]}]},{\"@type\":\"Person\",\"@id\":\"https:\/\/insurancecorp.com.br\/pt\/#\/schema\/person\/1b69c8cf325f0b7167f1b171f52df4af\",\"name\":\"Publica\\u00e7\\u00e3o\",\"image\":{\"@type\":\"ImageObject\",\"@id\":\"https:\/\/insurancecorp.com.br\/pt\/#personlogo\",\"inLanguage\":\"pt-BR\",\"url\":\"https:\/\/secure.gravatar.com\/avatar\/17226f1f60486eb25d4c6b301ffed37f?s=96&d=mm&r=g\",\"caption\":\"Publica\\u00e7\\u00e3o\"}}]}<\/script>\n<!-- \/ Yoast SEO plugin. -->","_links":{"self":[{"href":"https:\/\/insurancecorp.com.br\/pt\/wp-json\/wp\/v2\/posts\/79164"}],"collection":[{"href":"https:\/\/insurancecorp.com.br\/pt\/wp-json\/wp\/v2\/posts"}],"about":[{"href":"https:\/\/insurancecorp.com.br\/pt\/wp-json\/wp\/v2\/types\/post"}],"author":[{"embeddable":true,"href":"https:\/\/insurancecorp.com.br\/pt\/wp-json\/wp\/v2\/users\/2"}],"replies":[{"embeddable":true,"href":"https:\/\/insurancecorp.com.br\/pt\/wp-json\/wp\/v2\/comments?post=79164"}],"version-history":[{"count":1,"href":"https:\/\/insurancecorp.com.br\/pt\/wp-json\/wp\/v2\/posts\/79164\/revisions"}],"predecessor-version":[{"id":79165,"href":"https:\/\/insurancecorp.com.br\/pt\/wp-json\/wp\/v2\/posts\/79164\/revisions\/79165"}],"wp:featuredmedia":[{"embeddable":true,"href":"https:\/\/insurancecorp.com.br\/pt\/wp-json\/wp\/v2\/media\/70715"}],"wp:attachment":[{"href":"https:\/\/insurancecorp.com.br\/pt\/wp-json\/wp\/v2\/media?parent=79164"}],"wp:term":[{"taxonomy":"category","embeddable":true,"href":"https:\/\/insurancecorp.com.br\/pt\/wp-json\/wp\/v2\/categories?post=79164"},{"taxonomy":"post_tag","embeddable":true,"href":"https:\/\/insurancecorp.com.br\/pt\/wp-json\/wp\/v2\/tags?post=79164"}],"curies":[{"name":"wp","href":"https:\/\/api.w.org\/{rel}","templated":true}]}}