{"id":79159,"date":"2026-04-29T16:06:39","date_gmt":"2026-04-29T19:06:39","guid":{"rendered":"https:\/\/insurancecorp.com.br\/pt\/?p=79159"},"modified":"2026-04-29T16:06:39","modified_gmt":"2026-04-29T19:06:39","slug":"axa-segue-com-os-seus-roadshows-em-polos-estrategicos","status":"publish","type":"post","link":"https:\/\/insurancecorp.com.br\/pt\/2026\/04\/29\/axa-segue-com-os-seus-roadshows-em-polos-estrategicos\/","title":{"rendered":"AXA segue com os seus Roadshows em polos estrat\u00e9gicos"},"content":{"rendered":"<p align=\"justify\">A AXA no Brasil refor\u00e7a sua estrat\u00e9gia de crescimento aumentando a capilaridade no territ\u00f3rio nacional e segue com os roadshows pelo pa\u00eds. Duas cidades receberam o time da seguradora na segunda quinzena de abril: Blumenau (SC) e Ribeir\u00e3o Preto (SP).<\/p>\n<p align=\"justify\">A escolha dessas cidades n\u00e3o \u00e9 por acaso. Ambas representam importantes motores para o crescimento econ\u00f4mico do pa\u00eds, com perfis empreendedores din\u00e2micos e que podem ter no seguro o suporte necess\u00e1rio para continuar crescendo com tranquilidade e prote\u00e7\u00e3o necess\u00e1rias.<\/p>\n<p align=\"justify\">Blumenau, cora\u00e7\u00e3o do M\u00e9dio Vale do Itaja\u00ed, consolidou-se como um polo que vai al\u00e9m do tradicional setor t\u00eaxtil, com forte acelera\u00e7\u00e3o nos setores de tecnologia e servi\u00e7os ao longo de 2025. De acordo com dados da Federa\u00e7\u00e3o das Ind\u00fastrias do Estado de Santa Catarina (Fiesc) a regi\u00e3o manteve um saldo positivo na cria\u00e7\u00e3o de empregos e na abertura de novas empresas, impulsionada pela diversifica\u00e7\u00e3o econ\u00f4mica. Al\u00e9m disso, o PIB de Blumenau, que figura entre os maiores do estado, registrou crescimento sustentado em 2025, especialmente nos setores de servi\u00e7os e tecnologia, tornando a regi\u00e3o o cen\u00e1rio ideal para a estrat\u00e9gia de massifica\u00e7\u00e3o da seguradora.<\/p>\n<p align=\"justify\">J\u00e1 Ribeir\u00e3o Preto apresenta uma din\u00e2mica urbana robusta, com mais de 100 mil empresas ativas e um crescimento expressivo na abertura de novos neg\u00f3cios em 2025. A economia local, segundo a pr\u00f3pria prefeitura, \u00e9 fortemente ancorada em servi\u00e7os (54%) e com\u00e9rcio (31,8%), encontra na AXA uma parceira estrat\u00e9gica para enfrentar desafios como a necessidade de prote\u00e7\u00e3o para frotas, dada a alta densidade de ve\u00edculos na cidade, e riscos clim\u00e1ticos, como tempestades el\u00e9tricas, inerentes \u00e0 regi\u00e3o. Ribeir\u00e3o \u00e9 uma das prioridades da companhia tamb\u00e9m porque est\u00e1 pr\u00f3xima de outras cidades importantes para a economia do interior paulistano: S\u00e3o Jos\u00e9 , Franca, Barretos e Araraquara.<\/p>\n<p align=\"justify\">&#8220;Acreditamos que centros econ\u00f4micos com esse potencial de crescimento s\u00e3o extremamente atrativos para o nosso neg\u00f3cio, que busca constantemente apoiar o desenvolvimento do ecossistema corporativo. Mais do que atender aos empres\u00e1rios locais, a pujan\u00e7a desses polos oferece um terreno f\u00e9rtil para o trabalho dos nossos corretores parceiros&#8221;, afirma Erika Medici, CEO da AXA no Brasil, que esteve presente em ambos os eventos.<\/p>\n<p align=\"justify\">Para suportar esse crescimento, a AXA aposta na massifica\u00e7\u00e3o como porta de entrada para os corretores, focando sua estrat\u00e9gia em solu\u00e7\u00f5es \u00e1geis e processos digitais. Nesse contexto, a companhia destaca os seguros Empresarial e Auto Frota, que s\u00e3o essenciais para atender tanto a base industrial de Blumenau quanto a frota e o com\u00e9rcio de Ribeir\u00e3o Preto, al\u00e9m das modalidades de Condom\u00ednio e Vida, que se apresentam como solu\u00e7\u00f5es transversais capazes de atender \u00e0 crescente expans\u00e3o urbana de ambas as regi\u00f5es.<\/p>\n<p align=\"justify\">Os dados de crescimento dessas cidades s\u00e3o importantes, mas tamb\u00e9m h\u00e1 outro n\u00famero para qual a AXA olha: no Brasil, at\u00e9 50% das empresas n\u00e3o chegam a completar cinco anos. Muitas n\u00e3o deixam de existir por falta de oportunidade, mas por n\u00e3o estarem preparadas para o inesperado. &#8220;\u00c9 nesse contexto que o papel do seguro evolui e, com ele, o papel do corretor, que passa a atuar como um parceiro estrat\u00e9gico, capaz de entender o neg\u00f3cio como um todo, antecipar riscos e estruturar prote\u00e7\u00e3o de forma integrada&#8221;, explica Erika, deixando claro que o empres\u00e1rio precisa de um parceiro que garanta continuidade para o seu neg\u00f3cio. &#8220;Crescer sem prote\u00e7\u00e3o \u00e9 acumular vulnerabilidade, e proteger bem \u00e9 o que sustenta o crescimento no longo prazo. Porque n\u00e3o se trata apenas de fazer empresas nascerem, mas de garantir que elas permane\u00e7am&#8221;, finaliza a CEO da AXA.<\/p>\n<p align=\"justify\"><strong>Core Consultoria<\/strong><\/p>\n<p align=\"justify\"><strong>Foto:\u00a0<\/strong>Erika Medici, CEO da AXA no Brasil<\/p>\n","protected":false},"excerpt":{"rendered":"<p>A AXA no Brasil refor\u00e7a sua estrat\u00e9gia de crescimento aumentando a capilaridade no territ\u00f3rio nacional e segue com os roadshows pelo pa\u00eds. Duas cidades receberam o time da seguradora na segunda quinzena de abril: Blumenau (SC) e Ribeir\u00e3o Preto (SP). A escolha dessas cidades n\u00e3o \u00e9 por acaso. Ambas representam importantes motores para o crescimento [&hellip;]<\/p>\n","protected":false},"author":2,"featured_media":79160,"comment_status":"open","ping_status":"open","sticky":false,"template":"","format":"standard","meta":[],"categories":[495],"tags":[1629,13264,16597,5216,14344],"jetpack_featured_media_url":"https:\/\/insurancecorp.com.br\/pt\/wp-content\/uploads\/2026\/04\/Roadshow-Ribeirao-Preto-Erika-e1777489518261.jpeg","yoast_head":"<!-- This site is optimized with the Yoast SEO plugin v14.8 - https:\/\/yoast.com\/wordpress\/plugins\/seo\/ -->\n<title>AXA segue com os seus Roadshows em polos estrat\u00e9gicos | Revista Insurance Corp | PT-BR<\/title>\n<meta name=\"robots\" content=\"index, follow\" \/>\n<meta name=\"googlebot\" content=\"index, follow, max-snippet:-1, max-image-preview:large, max-video-preview:-1\" \/>\n<meta name=\"bingbot\" content=\"index, follow, max-snippet:-1, max-image-preview:large, max-video-preview:-1\" \/>\n<link rel=\"canonical\" href=\"https:\/\/insurancecorp.com.br\/pt\/2026\/04\/29\/axa-segue-com-os-seus-roadshows-em-polos-estrategicos\/\" \/>\n<meta property=\"og:locale\" content=\"pt_BR\" \/>\n<meta property=\"og:type\" content=\"article\" \/>\n<meta property=\"og:title\" content=\"AXA segue com os seus Roadshows em polos estrat\u00e9gicos | Revista Insurance Corp | PT-BR\" \/>\n<meta property=\"og:description\" content=\"A AXA no Brasil refor\u00e7a sua estrat\u00e9gia de crescimento aumentando a capilaridade no territ\u00f3rio nacional e segue com os roadshows pelo pa\u00eds. Duas cidades receberam o time da seguradora na segunda quinzena de abril: Blumenau (SC) e Ribeir\u00e3o Preto (SP). A escolha dessas cidades n\u00e3o \u00e9 por acaso. Ambas representam importantes motores para o crescimento [&hellip;]\" \/>\n<meta property=\"og:url\" content=\"https:\/\/insurancecorp.com.br\/pt\/2026\/04\/29\/axa-segue-com-os-seus-roadshows-em-polos-estrategicos\/\" \/>\n<meta property=\"og:site_name\" content=\"Revista Insurance Corp | PT-BR\" \/>\n<meta property=\"article:publisher\" content=\"https:\/\/www.facebook.com\/RevistaInsuranceCorp\/\" \/>\n<meta property=\"article:published_time\" content=\"2026-04-29T19:06:39+00:00\" \/>\n<meta property=\"og:image\" content=\"https:\/\/insurancecorp.com.br\/pt\/wp-content\/uploads\/2026\/04\/Roadshow-Ribeirao-Preto-Erika-e1777489518261.jpeg\" \/>\n\t<meta property=\"og:image:width\" content=\"1600\" \/>\n\t<meta property=\"og:image:height\" content=\"928\" \/>\n<meta name=\"twitter:card\" content=\"summary\" \/>\n<script type=\"application\/ld+json\" class=\"yoast-schema-graph\">{\"@context\":\"https:\/\/schema.org\",\"@graph\":[{\"@type\":\"Organization\",\"@id\":\"https:\/\/insurancecorp.com.br\/pt\/#organization\",\"name\":\"Revista Insurance Corp\",\"url\":\"https:\/\/insurancecorp.com.br\/pt\/\",\"sameAs\":[\"https:\/\/www.facebook.com\/RevistaInsuranceCorp\/\"],\"logo\":{\"@type\":\"ImageObject\",\"@id\":\"https:\/\/insurancecorp.com.br\/pt\/#logo\",\"inLanguage\":\"pt-BR\",\"url\":\"\",\"caption\":\"Revista Insurance Corp\"},\"image\":{\"@id\":\"https:\/\/insurancecorp.com.br\/pt\/#logo\"}},{\"@type\":\"WebSite\",\"@id\":\"https:\/\/insurancecorp.com.br\/pt\/#website\",\"url\":\"https:\/\/insurancecorp.com.br\/pt\/\",\"name\":\"Revista Insurance Corp | PT-BR\",\"description\":\"A \\u00fanica revista bil\\u00edngue voltada ao mercado de seguro.\",\"publisher\":{\"@id\":\"https:\/\/insurancecorp.com.br\/pt\/#organization\"},\"potentialAction\":[{\"@type\":\"SearchAction\",\"target\":\"https:\/\/insurancecorp.com.br\/pt\/?s={search_term_string}\",\"query-input\":\"required name=search_term_string\"}],\"inLanguage\":\"pt-BR\"},{\"@type\":\"ImageObject\",\"@id\":\"https:\/\/insurancecorp.com.br\/pt\/2026\/04\/29\/axa-segue-com-os-seus-roadshows-em-polos-estrategicos\/#primaryimage\",\"inLanguage\":\"pt-BR\",\"url\":\"https:\/\/insurancecorp.com.br\/pt\/wp-content\/uploads\/2026\/04\/Roadshow-Ribeirao-Preto-Erika-e1777489518261.jpeg\",\"width\":1600,\"height\":928},{\"@type\":\"WebPage\",\"@id\":\"https:\/\/insurancecorp.com.br\/pt\/2026\/04\/29\/axa-segue-com-os-seus-roadshows-em-polos-estrategicos\/#webpage\",\"url\":\"https:\/\/insurancecorp.com.br\/pt\/2026\/04\/29\/axa-segue-com-os-seus-roadshows-em-polos-estrategicos\/\",\"name\":\"AXA segue com os seus Roadshows em polos estrat\\u00e9gicos | Revista Insurance Corp | PT-BR\",\"isPartOf\":{\"@id\":\"https:\/\/insurancecorp.com.br\/pt\/#website\"},\"primaryImageOfPage\":{\"@id\":\"https:\/\/insurancecorp.com.br\/pt\/2026\/04\/29\/axa-segue-com-os-seus-roadshows-em-polos-estrategicos\/#primaryimage\"},\"datePublished\":\"2026-04-29T19:06:39+00:00\",\"dateModified\":\"2026-04-29T19:06:39+00:00\",\"inLanguage\":\"pt-BR\",\"potentialAction\":[{\"@type\":\"ReadAction\",\"target\":[\"https:\/\/insurancecorp.com.br\/pt\/2026\/04\/29\/axa-segue-com-os-seus-roadshows-em-polos-estrategicos\/\"]}]},{\"@type\":\"Article\",\"@id\":\"https:\/\/insurancecorp.com.br\/pt\/2026\/04\/29\/axa-segue-com-os-seus-roadshows-em-polos-estrategicos\/#article\",\"isPartOf\":{\"@id\":\"https:\/\/insurancecorp.com.br\/pt\/2026\/04\/29\/axa-segue-com-os-seus-roadshows-em-polos-estrategicos\/#webpage\"},\"author\":{\"@id\":\"https:\/\/insurancecorp.com.br\/pt\/#\/schema\/person\/1b69c8cf325f0b7167f1b171f52df4af\"},\"headline\":\"AXA segue com os seus Roadshows em polos estrat\\u00e9gicos\",\"datePublished\":\"2026-04-29T19:06:39+00:00\",\"dateModified\":\"2026-04-29T19:06:39+00:00\",\"mainEntityOfPage\":{\"@id\":\"https:\/\/insurancecorp.com.br\/pt\/2026\/04\/29\/axa-segue-com-os-seus-roadshows-em-polos-estrategicos\/#webpage\"},\"commentCount\":0,\"publisher\":{\"@id\":\"https:\/\/insurancecorp.com.br\/pt\/#organization\"},\"image\":{\"@id\":\"https:\/\/insurancecorp.com.br\/pt\/2026\/04\/29\/axa-segue-com-os-seus-roadshows-em-polos-estrategicos\/#primaryimage\"},\"keywords\":\"Axa,estrat\\u00e9gicos,polos,Roadshows,segue\",\"articleSection\":\"Axa no Brasil\",\"inLanguage\":\"pt-BR\",\"potentialAction\":[{\"@type\":\"CommentAction\",\"name\":\"Comment\",\"target\":[\"https:\/\/insurancecorp.com.br\/pt\/2026\/04\/29\/axa-segue-com-os-seus-roadshows-em-polos-estrategicos\/#respond\"]}]},{\"@type\":\"Person\",\"@id\":\"https:\/\/insurancecorp.com.br\/pt\/#\/schema\/person\/1b69c8cf325f0b7167f1b171f52df4af\",\"name\":\"Publica\\u00e7\\u00e3o\",\"image\":{\"@type\":\"ImageObject\",\"@id\":\"https:\/\/insurancecorp.com.br\/pt\/#personlogo\",\"inLanguage\":\"pt-BR\",\"url\":\"https:\/\/secure.gravatar.com\/avatar\/17226f1f60486eb25d4c6b301ffed37f?s=96&d=mm&r=g\",\"caption\":\"Publica\\u00e7\\u00e3o\"}}]}<\/script>\n<!-- \/ Yoast SEO plugin. -->","_links":{"self":[{"href":"https:\/\/insurancecorp.com.br\/pt\/wp-json\/wp\/v2\/posts\/79159"}],"collection":[{"href":"https:\/\/insurancecorp.com.br\/pt\/wp-json\/wp\/v2\/posts"}],"about":[{"href":"https:\/\/insurancecorp.com.br\/pt\/wp-json\/wp\/v2\/types\/post"}],"author":[{"embeddable":true,"href":"https:\/\/insurancecorp.com.br\/pt\/wp-json\/wp\/v2\/users\/2"}],"replies":[{"embeddable":true,"href":"https:\/\/insurancecorp.com.br\/pt\/wp-json\/wp\/v2\/comments?post=79159"}],"version-history":[{"count":3,"href":"https:\/\/insurancecorp.com.br\/pt\/wp-json\/wp\/v2\/posts\/79159\/revisions"}],"predecessor-version":[{"id":79163,"href":"https:\/\/insurancecorp.com.br\/pt\/wp-json\/wp\/v2\/posts\/79159\/revisions\/79163"}],"wp:featuredmedia":[{"embeddable":true,"href":"https:\/\/insurancecorp.com.br\/pt\/wp-json\/wp\/v2\/media\/79160"}],"wp:attachment":[{"href":"https:\/\/insurancecorp.com.br\/pt\/wp-json\/wp\/v2\/media?parent=79159"}],"wp:term":[{"taxonomy":"category","embeddable":true,"href":"https:\/\/insurancecorp.com.br\/pt\/wp-json\/wp\/v2\/categories?post=79159"},{"taxonomy":"post_tag","embeddable":true,"href":"https:\/\/insurancecorp.com.br\/pt\/wp-json\/wp\/v2\/tags?post=79159"}],"curies":[{"name":"wp","href":"https:\/\/api.w.org\/{rel}","templated":true}]}}