{"id":79156,"date":"2026-04-29T15:58:08","date_gmt":"2026-04-29T18:58:08","guid":{"rendered":"https:\/\/insurancecorp.com.br\/pt\/?p=79156"},"modified":"2026-04-29T15:58:08","modified_gmt":"2026-04-29T18:58:08","slug":"amil-lanca-nova-agencia-de-atendimento-no-einstein","status":"publish","type":"post","link":"https:\/\/insurancecorp.com.br\/pt\/2026\/04\/29\/amil-lanca-nova-agencia-de-atendimento-no-einstein\/","title":{"rendered":"Amil lan\u00e7a nova ag\u00eancia de atendimento no Einstein"},"content":{"rendered":"<p align=\"justify\">A Amil inaugurou, nesta segunda-feira (27\/4), uma nova ag\u00eancia de atendimento presencial para os clientes da operadora no Einstein Hospital Israelita, no T\u00e9rreo da Unidade Morumbi. O objetivo desse espa\u00e7o \u00e9 oferecer uma experi\u00eancia de cuidado ainda mais pr\u00f3xima para os clientes da Amil, com a disponibiliza\u00e7\u00e3o de um apoio direto e personalizado.<\/p>\n<p align=\"justify\">\u201cA parceria com o Einstein refor\u00e7a nossa determina\u00e7\u00e3o em oferecer uma experi\u00eancia de cuidado com excel\u00eancia e servi\u00e7os diferenciados. Os clientes t\u00eam buscado n\u00e3o apenas cobertura, mas uma jornada completa, resolutiva e personalizada em sa\u00fade\u201d, destacou o presidente do Conselho de Administra\u00e7\u00e3o do Grupo Amil, Jos\u00e9 Seripieri J\u00fanior.<\/p>\n<p align=\"justify\">Na ag\u00eancia de atendimento, os clientes da Amil poder\u00e3o, de forma f\u00e1cil e \u00e1gil, ter acesso a informa\u00e7\u00f5es, orienta\u00e7\u00f5es contratuais, atualiza\u00e7\u00f5es cadastrais, emiss\u00e3o de boletos e declara\u00e7\u00f5es, entre outras atividades. A equipe que estar\u00e1 dispon\u00edvel para apoiar os benefici\u00e1rios tamb\u00e9m poder\u00e1 ajud\u00e1-los com autoriza\u00e7\u00f5es, agendamentos, reembolsos e outras solicita\u00e7\u00f5es relacionadas \u00e0 utiliza\u00e7\u00e3o dos planos de sa\u00fade. O hor\u00e1rio de funcionamento \u00e9 de segunda-feira a quinta-feira, das 8h \u00e0s 18h, e \u00e0s sextas-feiras, das 8h \u00e0s 17h.<\/p>\n<p align=\"justify\"><strong>Loures<\/strong><\/p>\n","protected":false},"excerpt":{"rendered":"<p>A Amil inaugurou, nesta segunda-feira (27\/4), uma nova ag\u00eancia de atendimento presencial para os clientes da operadora no Einstein Hospital Israelita, no T\u00e9rreo da Unidade Morumbi. O objetivo desse espa\u00e7o \u00e9 oferecer uma experi\u00eancia de cuidado ainda mais pr\u00f3xima para os clientes da Amil, com a disponibiliza\u00e7\u00e3o de um apoio direto e personalizado. \u201cA parceria [&hellip;]<\/p>\n","protected":false},"author":2,"featured_media":79157,"comment_status":"open","ping_status":"open","sticky":false,"template":"","format":"standard","meta":[],"categories":[143],"tags":[14268,1936,767,16596,5013,12684],"jetpack_featured_media_url":"https:\/\/insurancecorp.com.br\/pt\/wp-content\/uploads\/2026\/04\/amil-1.jpeg","yoast_head":"<!-- This site is optimized with the Yoast SEO plugin v14.8 - https:\/\/yoast.com\/wordpress\/plugins\/seo\/ -->\n<title>Amil lan\u00e7a nova ag\u00eancia de atendimento no Einstein | Revista Insurance Corp | PT-BR<\/title>\n<meta name=\"robots\" content=\"index, follow\" \/>\n<meta name=\"googlebot\" content=\"index, follow, max-snippet:-1, max-image-preview:large, max-video-preview:-1\" \/>\n<meta name=\"bingbot\" content=\"index, follow, max-snippet:-1, max-image-preview:large, max-video-preview:-1\" \/>\n<link rel=\"canonical\" href=\"https:\/\/insurancecorp.com.br\/pt\/2026\/04\/29\/amil-lanca-nova-agencia-de-atendimento-no-einstein\/\" \/>\n<meta property=\"og:locale\" content=\"pt_BR\" \/>\n<meta property=\"og:type\" content=\"article\" \/>\n<meta property=\"og:title\" content=\"Amil lan\u00e7a nova ag\u00eancia de atendimento no Einstein | Revista Insurance Corp | PT-BR\" \/>\n<meta property=\"og:description\" content=\"A Amil inaugurou, nesta segunda-feira (27\/4), uma nova ag\u00eancia de atendimento presencial para os clientes da operadora no Einstein Hospital Israelita, no T\u00e9rreo da Unidade Morumbi. O objetivo desse espa\u00e7o \u00e9 oferecer uma experi\u00eancia de cuidado ainda mais pr\u00f3xima para os clientes da Amil, com a disponibiliza\u00e7\u00e3o de um apoio direto e personalizado. \u201cA parceria [&hellip;]\" \/>\n<meta property=\"og:url\" content=\"https:\/\/insurancecorp.com.br\/pt\/2026\/04\/29\/amil-lanca-nova-agencia-de-atendimento-no-einstein\/\" \/>\n<meta property=\"og:site_name\" content=\"Revista Insurance Corp | PT-BR\" \/>\n<meta property=\"article:publisher\" content=\"https:\/\/www.facebook.com\/RevistaInsuranceCorp\/\" \/>\n<meta property=\"article:published_time\" content=\"2026-04-29T18:58:08+00:00\" \/>\n<meta property=\"og:image\" content=\"https:\/\/insurancecorp.com.br\/pt\/wp-content\/uploads\/2026\/04\/amil-1.jpeg\" \/>\n\t<meta property=\"og:image:width\" content=\"1600\" \/>\n\t<meta property=\"og:image:height\" content=\"1066\" \/>\n<meta name=\"twitter:card\" content=\"summary\" \/>\n<script type=\"application\/ld+json\" class=\"yoast-schema-graph\">{\"@context\":\"https:\/\/schema.org\",\"@graph\":[{\"@type\":\"Organization\",\"@id\":\"https:\/\/insurancecorp.com.br\/pt\/#organization\",\"name\":\"Revista Insurance Corp\",\"url\":\"https:\/\/insurancecorp.com.br\/pt\/\",\"sameAs\":[\"https:\/\/www.facebook.com\/RevistaInsuranceCorp\/\"],\"logo\":{\"@type\":\"ImageObject\",\"@id\":\"https:\/\/insurancecorp.com.br\/pt\/#logo\",\"inLanguage\":\"pt-BR\",\"url\":\"\",\"caption\":\"Revista Insurance Corp\"},\"image\":{\"@id\":\"https:\/\/insurancecorp.com.br\/pt\/#logo\"}},{\"@type\":\"WebSite\",\"@id\":\"https:\/\/insurancecorp.com.br\/pt\/#website\",\"url\":\"https:\/\/insurancecorp.com.br\/pt\/\",\"name\":\"Revista Insurance Corp | PT-BR\",\"description\":\"A \\u00fanica revista bil\\u00edngue voltada ao mercado de seguro.\",\"publisher\":{\"@id\":\"https:\/\/insurancecorp.com.br\/pt\/#organization\"},\"potentialAction\":[{\"@type\":\"SearchAction\",\"target\":\"https:\/\/insurancecorp.com.br\/pt\/?s={search_term_string}\",\"query-input\":\"required name=search_term_string\"}],\"inLanguage\":\"pt-BR\"},{\"@type\":\"ImageObject\",\"@id\":\"https:\/\/insurancecorp.com.br\/pt\/2026\/04\/29\/amil-lanca-nova-agencia-de-atendimento-no-einstein\/#primaryimage\",\"inLanguage\":\"pt-BR\",\"url\":\"https:\/\/insurancecorp.com.br\/pt\/wp-content\/uploads\/2026\/04\/amil-1.jpeg\",\"width\":1600,\"height\":1066},{\"@type\":\"WebPage\",\"@id\":\"https:\/\/insurancecorp.com.br\/pt\/2026\/04\/29\/amil-lanca-nova-agencia-de-atendimento-no-einstein\/#webpage\",\"url\":\"https:\/\/insurancecorp.com.br\/pt\/2026\/04\/29\/amil-lanca-nova-agencia-de-atendimento-no-einstein\/\",\"name\":\"Amil lan\\u00e7a nova ag\\u00eancia de atendimento no Einstein | Revista Insurance Corp | PT-BR\",\"isPartOf\":{\"@id\":\"https:\/\/insurancecorp.com.br\/pt\/#website\"},\"primaryImageOfPage\":{\"@id\":\"https:\/\/insurancecorp.com.br\/pt\/2026\/04\/29\/amil-lanca-nova-agencia-de-atendimento-no-einstein\/#primaryimage\"},\"datePublished\":\"2026-04-29T18:58:08+00:00\",\"dateModified\":\"2026-04-29T18:58:08+00:00\",\"inLanguage\":\"pt-BR\",\"potentialAction\":[{\"@type\":\"ReadAction\",\"target\":[\"https:\/\/insurancecorp.com.br\/pt\/2026\/04\/29\/amil-lanca-nova-agencia-de-atendimento-no-einstein\/\"]}]},{\"@type\":\"Article\",\"@id\":\"https:\/\/insurancecorp.com.br\/pt\/2026\/04\/29\/amil-lanca-nova-agencia-de-atendimento-no-einstein\/#article\",\"isPartOf\":{\"@id\":\"https:\/\/insurancecorp.com.br\/pt\/2026\/04\/29\/amil-lanca-nova-agencia-de-atendimento-no-einstein\/#webpage\"},\"author\":{\"@id\":\"https:\/\/insurancecorp.com.br\/pt\/#\/schema\/person\/1b69c8cf325f0b7167f1b171f52df4af\"},\"headline\":\"Amil lan\\u00e7a nova ag\\u00eancia de atendimento no Einstein\",\"datePublished\":\"2026-04-29T18:58:08+00:00\",\"dateModified\":\"2026-04-29T18:58:08+00:00\",\"mainEntityOfPage\":{\"@id\":\"https:\/\/insurancecorp.com.br\/pt\/2026\/04\/29\/amil-lanca-nova-agencia-de-atendimento-no-einstein\/#webpage\"},\"commentCount\":0,\"publisher\":{\"@id\":\"https:\/\/insurancecorp.com.br\/pt\/#organization\"},\"image\":{\"@id\":\"https:\/\/insurancecorp.com.br\/pt\/2026\/04\/29\/amil-lanca-nova-agencia-de-atendimento-no-einstein\/#primaryimage\"},\"keywords\":\"ag\\u00eancia,Amil,atendimento,Einstein,lan\\u00e7a,nova\",\"articleSection\":\"Amil\",\"inLanguage\":\"pt-BR\",\"potentialAction\":[{\"@type\":\"CommentAction\",\"name\":\"Comment\",\"target\":[\"https:\/\/insurancecorp.com.br\/pt\/2026\/04\/29\/amil-lanca-nova-agencia-de-atendimento-no-einstein\/#respond\"]}]},{\"@type\":\"Person\",\"@id\":\"https:\/\/insurancecorp.com.br\/pt\/#\/schema\/person\/1b69c8cf325f0b7167f1b171f52df4af\",\"name\":\"Publica\\u00e7\\u00e3o\",\"image\":{\"@type\":\"ImageObject\",\"@id\":\"https:\/\/insurancecorp.com.br\/pt\/#personlogo\",\"inLanguage\":\"pt-BR\",\"url\":\"https:\/\/secure.gravatar.com\/avatar\/17226f1f60486eb25d4c6b301ffed37f?s=96&d=mm&r=g\",\"caption\":\"Publica\\u00e7\\u00e3o\"}}]}<\/script>\n<!-- \/ Yoast SEO plugin. -->","_links":{"self":[{"href":"https:\/\/insurancecorp.com.br\/pt\/wp-json\/wp\/v2\/posts\/79156"}],"collection":[{"href":"https:\/\/insurancecorp.com.br\/pt\/wp-json\/wp\/v2\/posts"}],"about":[{"href":"https:\/\/insurancecorp.com.br\/pt\/wp-json\/wp\/v2\/types\/post"}],"author":[{"embeddable":true,"href":"https:\/\/insurancecorp.com.br\/pt\/wp-json\/wp\/v2\/users\/2"}],"replies":[{"embeddable":true,"href":"https:\/\/insurancecorp.com.br\/pt\/wp-json\/wp\/v2\/comments?post=79156"}],"version-history":[{"count":1,"href":"https:\/\/insurancecorp.com.br\/pt\/wp-json\/wp\/v2\/posts\/79156\/revisions"}],"predecessor-version":[{"id":79158,"href":"https:\/\/insurancecorp.com.br\/pt\/wp-json\/wp\/v2\/posts\/79156\/revisions\/79158"}],"wp:featuredmedia":[{"embeddable":true,"href":"https:\/\/insurancecorp.com.br\/pt\/wp-json\/wp\/v2\/media\/79157"}],"wp:attachment":[{"href":"https:\/\/insurancecorp.com.br\/pt\/wp-json\/wp\/v2\/media?parent=79156"}],"wp:term":[{"taxonomy":"category","embeddable":true,"href":"https:\/\/insurancecorp.com.br\/pt\/wp-json\/wp\/v2\/categories?post=79156"},{"taxonomy":"post_tag","embeddable":true,"href":"https:\/\/insurancecorp.com.br\/pt\/wp-json\/wp\/v2\/tags?post=79156"}],"curies":[{"name":"wp","href":"https:\/\/api.w.org\/{rel}","templated":true}]}}