{"id":79145,"date":"2026-04-29T12:52:12","date_gmt":"2026-04-29T15:52:12","guid":{"rendered":"https:\/\/insurancecorp.com.br\/pt\/?p=79145"},"modified":"2026-04-29T12:52:12","modified_gmt":"2026-04-29T15:52:12","slug":"ucs-apresenta-novidades-e-oportunidades-da-bradesco-auto-re","status":"publish","type":"post","link":"https:\/\/insurancecorp.com.br\/pt\/2026\/04\/29\/ucs-apresenta-novidades-e-oportunidades-da-bradesco-auto-re\/","title":{"rendered":"UCS apresenta novidades e oportunidades da Bradesco Auto\/RE"},"content":{"rendered":"<p align=\"justify\">A Uni\u00e3o dos Corretores de Seguros (UCS) d\u00e1 continuidade ao calend\u00e1rio de encontros de 2026 com a realiza\u00e7\u00e3o do 3\u00ba Trocando Ideias (TI), que acontecer\u00e1 no dia 12 de maio, \u00e0s 19h, na Pizzaria Charles, em S\u00e3o Paulo.<\/p>\n<p align=\"justify\">O encontro contar\u00e1 com a participa\u00e7\u00e3o de Luiz Carlos Ferreira Gomes, superintendente s\u00eanior da regi\u00e3o Sudeste da Bradesco Auto\/RE, que apresentar\u00e1 as principais novidades da companhia, incluindo estrutura, produtos e oportunidades de neg\u00f3cios para os corretores de seguros.<\/p>\n<p align=\"justify\">Durante o evento, o executivo trar\u00e1 uma vis\u00e3o atualizada sobre o posicionamento da Bradesco Auto\/RE no mercado, destacando movimentos estrat\u00e9gicos, a evolu\u00e7\u00e3o do portf\u00f3lio e iniciativas voltadas ao fortalecimento do canal corretor.<\/p>\n<p align=\"justify\">Ao final, os participantes ter\u00e3o a oportunidade de interagir diretamente com o convidado em um momento aberto para perguntas, mantendo a ess\u00eancia do Trocando Ideias de promover di\u00e1logo, troca de experi\u00eancias e constru\u00e7\u00e3o conjunta.<\/p>\n<p align=\"justify\">\u201cSeguimos com o compromisso de trazer ao TI executivos que est\u00e3o \u00e0 frente das transforma\u00e7\u00f5es do mercado. A presen\u00e7a da Bradesco Auto\/RE \u00e9 uma oportunidade para os corretores entenderem de perto as estrat\u00e9gias da companhia e ampliarem suas possibilidades de atua\u00e7\u00e3o\u201d, destaca Augusto Esteves, presidente da UCS.<\/p>\n<p align=\"justify\">O evento \u00e9 aberto a corretores de seguros e profissionais do setor, associados ou n\u00e3o \u00e0 UCS, refor\u00e7ando o prop\u00f3sito da entidade de estimular conex\u00f5es, disseminar conhecimento e aproximar os diferentes players do mercado de seguros.<\/p>\n<h5>Servi\u00e7o<\/h5>\n<p align=\"justify\">3\u00ba TI 2026 \u2013 UCS recebe a Bradesco Auto\/RE<\/p>\n<p><strong>Data:<\/strong> 12 de maio de 2026 (ter\u00e7a-feira)<br \/>\n<strong>Hor\u00e1rio:<\/strong> 19h<br \/>\n<strong>Local:<\/strong> Charles Pizza Grill \u2013 Av. Jos\u00e9 Maria Whitaker, 1785 \u2013 Planalto Paulista, S\u00e3o Paulo \u2013 SP<br \/>\n<strong>Inscri\u00e7\u00f5es:<\/strong> <a href=\"mailto:secretaria@uniaodecorretores.com.br\">secretaria@uniaodecorretores.com.br<\/a><\/p>\n<p><strong>Ruco Comunica\u00e7\u00e3o<\/strong><\/p>\n","protected":false},"excerpt":{"rendered":"<p>A Uni\u00e3o dos Corretores de Seguros (UCS) d\u00e1 continuidade ao calend\u00e1rio de encontros de 2026 com a realiza\u00e7\u00e3o do 3\u00ba Trocando Ideias (TI), que acontecer\u00e1 no dia 12 de maio, \u00e0s 19h, na Pizzaria Charles, em S\u00e3o Paulo. O encontro contar\u00e1 com a participa\u00e7\u00e3o de Luiz Carlos Ferreira Gomes, superintendente s\u00eanior da regi\u00e3o Sudeste da [&hellip;]<\/p>\n","protected":false},"author":2,"featured_media":79148,"comment_status":"open","ping_status":"open","sticky":false,"template":"","format":"standard","meta":[],"categories":[139],"tags":[5097,15281,7052,3871,686,877],"jetpack_featured_media_url":"https:\/\/insurancecorp.com.br\/pt\/wp-content\/uploads\/2026\/04\/Design-sem-nome-87.png","yoast_head":"<!-- This site is optimized with the Yoast SEO plugin v14.8 - https:\/\/yoast.com\/wordpress\/plugins\/seo\/ -->\n<title>UCS apresenta novidades e oportunidades da Bradesco Auto\/RE | Revista Insurance Corp | PT-BR<\/title>\n<meta name=\"robots\" content=\"index, follow\" \/>\n<meta name=\"googlebot\" content=\"index, follow, max-snippet:-1, max-image-preview:large, max-video-preview:-1\" \/>\n<meta name=\"bingbot\" content=\"index, follow, max-snippet:-1, max-image-preview:large, max-video-preview:-1\" \/>\n<link rel=\"canonical\" href=\"https:\/\/insurancecorp.com.br\/pt\/2026\/04\/29\/ucs-apresenta-novidades-e-oportunidades-da-bradesco-auto-re\/\" \/>\n<meta property=\"og:locale\" content=\"pt_BR\" \/>\n<meta property=\"og:type\" content=\"article\" \/>\n<meta property=\"og:title\" content=\"UCS apresenta novidades e oportunidades da Bradesco Auto\/RE | Revista Insurance Corp | PT-BR\" \/>\n<meta property=\"og:description\" content=\"A Uni\u00e3o dos Corretores de Seguros (UCS) d\u00e1 continuidade ao calend\u00e1rio de encontros de 2026 com a realiza\u00e7\u00e3o do 3\u00ba Trocando Ideias (TI), que acontecer\u00e1 no dia 12 de maio, \u00e0s 19h, na Pizzaria Charles, em S\u00e3o Paulo. O encontro contar\u00e1 com a participa\u00e7\u00e3o de Luiz Carlos Ferreira Gomes, superintendente s\u00eanior da regi\u00e3o Sudeste da [&hellip;]\" \/>\n<meta property=\"og:url\" content=\"https:\/\/insurancecorp.com.br\/pt\/2026\/04\/29\/ucs-apresenta-novidades-e-oportunidades-da-bradesco-auto-re\/\" \/>\n<meta property=\"og:site_name\" content=\"Revista Insurance Corp | PT-BR\" \/>\n<meta property=\"article:publisher\" content=\"https:\/\/www.facebook.com\/RevistaInsuranceCorp\/\" \/>\n<meta property=\"article:published_time\" content=\"2026-04-29T15:52:12+00:00\" \/>\n<meta property=\"og:image\" content=\"https:\/\/insurancecorp.com.br\/pt\/wp-content\/uploads\/2026\/04\/Design-sem-nome-87.png\" \/>\n\t<meta property=\"og:image:width\" content=\"1366\" \/>\n\t<meta property=\"og:image:height\" content=\"610\" \/>\n<meta name=\"twitter:card\" content=\"summary\" \/>\n<script type=\"application\/ld+json\" class=\"yoast-schema-graph\">{\"@context\":\"https:\/\/schema.org\",\"@graph\":[{\"@type\":\"Organization\",\"@id\":\"https:\/\/insurancecorp.com.br\/pt\/#organization\",\"name\":\"Revista Insurance Corp\",\"url\":\"https:\/\/insurancecorp.com.br\/pt\/\",\"sameAs\":[\"https:\/\/www.facebook.com\/RevistaInsuranceCorp\/\"],\"logo\":{\"@type\":\"ImageObject\",\"@id\":\"https:\/\/insurancecorp.com.br\/pt\/#logo\",\"inLanguage\":\"pt-BR\",\"url\":\"\",\"caption\":\"Revista Insurance Corp\"},\"image\":{\"@id\":\"https:\/\/insurancecorp.com.br\/pt\/#logo\"}},{\"@type\":\"WebSite\",\"@id\":\"https:\/\/insurancecorp.com.br\/pt\/#website\",\"url\":\"https:\/\/insurancecorp.com.br\/pt\/\",\"name\":\"Revista Insurance Corp | PT-BR\",\"description\":\"A \\u00fanica revista bil\\u00edngue voltada ao mercado de seguro.\",\"publisher\":{\"@id\":\"https:\/\/insurancecorp.com.br\/pt\/#organization\"},\"potentialAction\":[{\"@type\":\"SearchAction\",\"target\":\"https:\/\/insurancecorp.com.br\/pt\/?s={search_term_string}\",\"query-input\":\"required name=search_term_string\"}],\"inLanguage\":\"pt-BR\"},{\"@type\":\"ImageObject\",\"@id\":\"https:\/\/insurancecorp.com.br\/pt\/2026\/04\/29\/ucs-apresenta-novidades-e-oportunidades-da-bradesco-auto-re\/#primaryimage\",\"inLanguage\":\"pt-BR\",\"url\":\"https:\/\/insurancecorp.com.br\/pt\/wp-content\/uploads\/2026\/04\/Design-sem-nome-87.png\",\"width\":1366,\"height\":610},{\"@type\":\"WebPage\",\"@id\":\"https:\/\/insurancecorp.com.br\/pt\/2026\/04\/29\/ucs-apresenta-novidades-e-oportunidades-da-bradesco-auto-re\/#webpage\",\"url\":\"https:\/\/insurancecorp.com.br\/pt\/2026\/04\/29\/ucs-apresenta-novidades-e-oportunidades-da-bradesco-auto-re\/\",\"name\":\"UCS apresenta novidades e oportunidades da Bradesco Auto\/RE | Revista Insurance Corp | PT-BR\",\"isPartOf\":{\"@id\":\"https:\/\/insurancecorp.com.br\/pt\/#website\"},\"primaryImageOfPage\":{\"@id\":\"https:\/\/insurancecorp.com.br\/pt\/2026\/04\/29\/ucs-apresenta-novidades-e-oportunidades-da-bradesco-auto-re\/#primaryimage\"},\"datePublished\":\"2026-04-29T15:52:12+00:00\",\"dateModified\":\"2026-04-29T15:52:12+00:00\",\"inLanguage\":\"pt-BR\",\"potentialAction\":[{\"@type\":\"ReadAction\",\"target\":[\"https:\/\/insurancecorp.com.br\/pt\/2026\/04\/29\/ucs-apresenta-novidades-e-oportunidades-da-bradesco-auto-re\/\"]}]},{\"@type\":\"Article\",\"@id\":\"https:\/\/insurancecorp.com.br\/pt\/2026\/04\/29\/ucs-apresenta-novidades-e-oportunidades-da-bradesco-auto-re\/#article\",\"isPartOf\":{\"@id\":\"https:\/\/insurancecorp.com.br\/pt\/2026\/04\/29\/ucs-apresenta-novidades-e-oportunidades-da-bradesco-auto-re\/#webpage\"},\"author\":{\"@id\":\"https:\/\/insurancecorp.com.br\/pt\/#\/schema\/person\/1b69c8cf325f0b7167f1b171f52df4af\"},\"headline\":\"UCS apresenta novidades e oportunidades da Bradesco Auto\/RE\",\"datePublished\":\"2026-04-29T15:52:12+00:00\",\"dateModified\":\"2026-04-29T15:52:12+00:00\",\"mainEntityOfPage\":{\"@id\":\"https:\/\/insurancecorp.com.br\/pt\/2026\/04\/29\/ucs-apresenta-novidades-e-oportunidades-da-bradesco-auto-re\/#webpage\"},\"commentCount\":0,\"publisher\":{\"@id\":\"https:\/\/insurancecorp.com.br\/pt\/#organization\"},\"image\":{\"@id\":\"https:\/\/insurancecorp.com.br\/pt\/2026\/04\/29\/ucs-apresenta-novidades-e-oportunidades-da-bradesco-auto-re\/#primaryimage\"},\"keywords\":\"apresenta,auto\/re,Bradesco,novidades,oportunidades,UCS\",\"articleSection\":\"UCS\",\"inLanguage\":\"pt-BR\",\"potentialAction\":[{\"@type\":\"CommentAction\",\"name\":\"Comment\",\"target\":[\"https:\/\/insurancecorp.com.br\/pt\/2026\/04\/29\/ucs-apresenta-novidades-e-oportunidades-da-bradesco-auto-re\/#respond\"]}]},{\"@type\":\"Person\",\"@id\":\"https:\/\/insurancecorp.com.br\/pt\/#\/schema\/person\/1b69c8cf325f0b7167f1b171f52df4af\",\"name\":\"Publica\\u00e7\\u00e3o\",\"image\":{\"@type\":\"ImageObject\",\"@id\":\"https:\/\/insurancecorp.com.br\/pt\/#personlogo\",\"inLanguage\":\"pt-BR\",\"url\":\"https:\/\/secure.gravatar.com\/avatar\/17226f1f60486eb25d4c6b301ffed37f?s=96&d=mm&r=g\",\"caption\":\"Publica\\u00e7\\u00e3o\"}}]}<\/script>\n<!-- \/ Yoast SEO plugin. -->","_links":{"self":[{"href":"https:\/\/insurancecorp.com.br\/pt\/wp-json\/wp\/v2\/posts\/79145"}],"collection":[{"href":"https:\/\/insurancecorp.com.br\/pt\/wp-json\/wp\/v2\/posts"}],"about":[{"href":"https:\/\/insurancecorp.com.br\/pt\/wp-json\/wp\/v2\/types\/post"}],"author":[{"embeddable":true,"href":"https:\/\/insurancecorp.com.br\/pt\/wp-json\/wp\/v2\/users\/2"}],"replies":[{"embeddable":true,"href":"https:\/\/insurancecorp.com.br\/pt\/wp-json\/wp\/v2\/comments?post=79145"}],"version-history":[{"count":2,"href":"https:\/\/insurancecorp.com.br\/pt\/wp-json\/wp\/v2\/posts\/79145\/revisions"}],"predecessor-version":[{"id":79149,"href":"https:\/\/insurancecorp.com.br\/pt\/wp-json\/wp\/v2\/posts\/79145\/revisions\/79149"}],"wp:featuredmedia":[{"embeddable":true,"href":"https:\/\/insurancecorp.com.br\/pt\/wp-json\/wp\/v2\/media\/79148"}],"wp:attachment":[{"href":"https:\/\/insurancecorp.com.br\/pt\/wp-json\/wp\/v2\/media?parent=79145"}],"wp:term":[{"taxonomy":"category","embeddable":true,"href":"https:\/\/insurancecorp.com.br\/pt\/wp-json\/wp\/v2\/categories?post=79145"},{"taxonomy":"post_tag","embeddable":true,"href":"https:\/\/insurancecorp.com.br\/pt\/wp-json\/wp\/v2\/tags?post=79145"}],"curies":[{"name":"wp","href":"https:\/\/api.w.org\/{rel}","templated":true}]}}