{"id":79143,"date":"2026-04-29T12:29:08","date_gmt":"2026-04-29T15:29:08","guid":{"rendered":"https:\/\/insurancecorp.com.br\/pt\/?p=79143"},"modified":"2026-04-29T12:29:08","modified_gmt":"2026-04-29T15:29:08","slug":"dimensa-mostra-aumento-de-9-na-busca-por-seguro-saude","status":"publish","type":"post","link":"https:\/\/insurancecorp.com.br\/pt\/2026\/04\/29\/dimensa-mostra-aumento-de-9-na-busca-por-seguro-saude\/","title":{"rendered":"Dimensa mostra aumento de 9% na busca por seguro sa\u00fade"},"content":{"rendered":"<p align=\"justify\">A Dimensa, refer\u00eancia em tecnologia para opera\u00e7\u00f5es financeiras, gest\u00e3o de riscos e seguros, registrou um aumento de 9,04% no volume de cota\u00e7\u00f5es para seguro sa\u00fade no primeiro trimestre de 2026, em compara\u00e7\u00e3o com o mesmo per\u00edodo do ano anterior. O levantamento, baseado em dados de sua base de corretores de seguros, revela tamb\u00e9m que o n\u00famero de simula\u00e7\u00f5es cresceu 5,10%, indicando uma mudan\u00e7a no perfil do consumidor, que se mostra mais anal\u00edtico e comparativo na busca por planos de sa\u00fade.<\/p>\n<h4>Dados detalhados apontam consumidor mais exigente<\/h4>\n<p align=\"justify\">O levantamento mostra que a\u00a0m\u00e9dia mensal de cota\u00e7\u00f5es\u00a0passou de\u00a0421.325\u00a0no primeiro trimestre de 2025 para\u00a0459.412\u00a0em 2026. No acumulado do per\u00edodo, o volume evoluiu de\u00a01.263.974\u00a0para\u00a01.378.235\u00a0cota\u00e7\u00f5es.<\/p>\n<p align=\"justify\">J\u00e1 o volume de simula\u00e7\u00f5es (ou c\u00e1lculos) avan\u00e7ou de\u00a013.690.039\u00a0para\u00a014.388.764\u00a0no mesmo intervalo, consolidando um crescimento de\u00a05,10%.<\/p>\n<p align=\"justify\">A principal diferen\u00e7a entre simula\u00e7\u00e3o e cota\u00e7\u00e3o \u00e9 o n\u00edvel de detalhamento: a simula\u00e7\u00e3o costuma ser uma estimativa r\u00e1pida para entender custos aproximados, enquanto a cota\u00e7\u00e3o \u00e9 um or\u00e7amento formal e personalizado, geralmente feito por uma corretora para definir o pre\u00e7o real da ap\u00f3lice.<\/p>\n<p align=\"justify\">De acordo com\u00a0Fernando Rodrigues, diretor da unidade de neg\u00f3cios de seguros da Dimensa, essa diferen\u00e7a entre o crescimento das cota\u00e7\u00f5es e o das simula\u00e7\u00f5es destaca uma tend\u00eancia de mercado: o consumidor de seguro sa\u00fade est\u00e1 mais anal\u00edtico e comparativo. &#8220;O setor de seguro sa\u00fade iniciou 2026 com um forte crescimento, e os n\u00fameros revelam n\u00e3o apenas a import\u00e2ncia da prote\u00e7\u00e3o da sa\u00fade para os brasileiros, mas tamb\u00e9m uma evolu\u00e7\u00e3o no perfil do cliente que est\u00e3o mais informados e exigentes. Isso nos impulsiona a oferecer solu\u00e7\u00f5es tecnol\u00f3gicas que capacitem os corretores a atender essa demanda de forma eficiente&#8221;, explica o executivo.<\/p>\n<p align=\"justify\">A an\u00e1lise demonstra que, antes de finalizar a contrata\u00e7\u00e3o, o cliente tem realizado um maior n\u00famero de pesquisas e compara\u00e7\u00f5es entre diferentes op\u00e7\u00f5es. Essa busca pela proposta que melhor se alinha \u00e0s suas necessidades e or\u00e7amento exige dos corretores de seguros uma atua\u00e7\u00e3o mais consultiva e a utiliza\u00e7\u00e3o de ferramentas de multic\u00e1lculo para otimizar o processo de oferta.<\/p>\n<p align=\"justify\">Neste sentido, \u00e9 fundamental que o mercado segurador forne\u00e7a insights para que os corretores possam adaptar suas estrat\u00e9gias e servi\u00e7os, utilizando a tecnologia como aliada para lidar com as novas din\u00e2micas do consumo de seguros.<\/p>\n<p align=\"justify\"><strong>Ag\u00eancia Maquina<\/strong><\/p>\n","protected":false},"excerpt":{"rendered":"<p>A Dimensa, refer\u00eancia em tecnologia para opera\u00e7\u00f5es financeiras, gest\u00e3o de riscos e seguros, registrou um aumento de 9,04% no volume de cota\u00e7\u00f5es para seguro sa\u00fade no primeiro trimestre de 2026, em compara\u00e7\u00e3o com o mesmo per\u00edodo do ano anterior. O levantamento, baseado em dados de sua base de corretores de seguros, revela tamb\u00e9m que o [&hellip;]<\/p>\n","protected":false},"author":2,"featured_media":72017,"comment_status":"open","ping_status":"open","sticky":false,"template":"","format":"standard","meta":[],"categories":[30],"tags":[4961,4336,6490,14420,12974,1356,3825],"jetpack_featured_media_url":"https:\/\/insurancecorp.com.br\/pt\/wp-content\/uploads\/2025\/09\/dimensa-2.png","yoast_head":"<!-- This site is optimized with the Yoast SEO plugin v14.8 - https:\/\/yoast.com\/wordpress\/plugins\/seo\/ -->\n<title>Dimensa mostra aumento de 9% na busca por seguro sa\u00fade | Revista Insurance Corp | PT-BR<\/title>\n<meta name=\"robots\" content=\"index, follow\" \/>\n<meta name=\"googlebot\" content=\"index, follow, max-snippet:-1, max-image-preview:large, max-video-preview:-1\" \/>\n<meta name=\"bingbot\" content=\"index, follow, max-snippet:-1, max-image-preview:large, max-video-preview:-1\" \/>\n<link rel=\"canonical\" href=\"https:\/\/insurancecorp.com.br\/pt\/2026\/04\/29\/dimensa-mostra-aumento-de-9-na-busca-por-seguro-saude\/\" \/>\n<meta property=\"og:locale\" content=\"pt_BR\" \/>\n<meta property=\"og:type\" content=\"article\" \/>\n<meta property=\"og:title\" content=\"Dimensa mostra aumento de 9% na busca por seguro sa\u00fade | Revista Insurance Corp | PT-BR\" \/>\n<meta property=\"og:description\" content=\"A Dimensa, refer\u00eancia em tecnologia para opera\u00e7\u00f5es financeiras, gest\u00e3o de riscos e seguros, registrou um aumento de 9,04% no volume de cota\u00e7\u00f5es para seguro sa\u00fade no primeiro trimestre de 2026, em compara\u00e7\u00e3o com o mesmo per\u00edodo do ano anterior. O levantamento, baseado em dados de sua base de corretores de seguros, revela tamb\u00e9m que o [&hellip;]\" \/>\n<meta property=\"og:url\" content=\"https:\/\/insurancecorp.com.br\/pt\/2026\/04\/29\/dimensa-mostra-aumento-de-9-na-busca-por-seguro-saude\/\" \/>\n<meta property=\"og:site_name\" content=\"Revista Insurance Corp | PT-BR\" \/>\n<meta property=\"article:publisher\" content=\"https:\/\/www.facebook.com\/RevistaInsuranceCorp\/\" \/>\n<meta property=\"article:published_time\" content=\"2026-04-29T15:29:08+00:00\" \/>\n<meta property=\"og:image\" content=\"https:\/\/insurancecorp.com.br\/pt\/wp-content\/uploads\/2025\/09\/dimensa-2.png\" \/>\n\t<meta property=\"og:image:width\" content=\"850\" \/>\n\t<meta property=\"og:image:height\" content=\"500\" \/>\n<meta name=\"twitter:card\" content=\"summary\" \/>\n<script type=\"application\/ld+json\" class=\"yoast-schema-graph\">{\"@context\":\"https:\/\/schema.org\",\"@graph\":[{\"@type\":\"Organization\",\"@id\":\"https:\/\/insurancecorp.com.br\/pt\/#organization\",\"name\":\"Revista Insurance Corp\",\"url\":\"https:\/\/insurancecorp.com.br\/pt\/\",\"sameAs\":[\"https:\/\/www.facebook.com\/RevistaInsuranceCorp\/\"],\"logo\":{\"@type\":\"ImageObject\",\"@id\":\"https:\/\/insurancecorp.com.br\/pt\/#logo\",\"inLanguage\":\"pt-BR\",\"url\":\"\",\"caption\":\"Revista Insurance Corp\"},\"image\":{\"@id\":\"https:\/\/insurancecorp.com.br\/pt\/#logo\"}},{\"@type\":\"WebSite\",\"@id\":\"https:\/\/insurancecorp.com.br\/pt\/#website\",\"url\":\"https:\/\/insurancecorp.com.br\/pt\/\",\"name\":\"Revista Insurance Corp | PT-BR\",\"description\":\"A \\u00fanica revista bil\\u00edngue voltada ao mercado de seguro.\",\"publisher\":{\"@id\":\"https:\/\/insurancecorp.com.br\/pt\/#organization\"},\"potentialAction\":[{\"@type\":\"SearchAction\",\"target\":\"https:\/\/insurancecorp.com.br\/pt\/?s={search_term_string}\",\"query-input\":\"required name=search_term_string\"}],\"inLanguage\":\"pt-BR\"},{\"@type\":\"ImageObject\",\"@id\":\"https:\/\/insurancecorp.com.br\/pt\/2026\/04\/29\/dimensa-mostra-aumento-de-9-na-busca-por-seguro-saude\/#primaryimage\",\"inLanguage\":\"pt-BR\",\"url\":\"https:\/\/insurancecorp.com.br\/pt\/wp-content\/uploads\/2025\/09\/dimensa-2.png\",\"width\":850,\"height\":500},{\"@type\":\"WebPage\",\"@id\":\"https:\/\/insurancecorp.com.br\/pt\/2026\/04\/29\/dimensa-mostra-aumento-de-9-na-busca-por-seguro-saude\/#webpage\",\"url\":\"https:\/\/insurancecorp.com.br\/pt\/2026\/04\/29\/dimensa-mostra-aumento-de-9-na-busca-por-seguro-saude\/\",\"name\":\"Dimensa mostra aumento de 9% na busca por seguro sa\\u00fade | Revista Insurance Corp | PT-BR\",\"isPartOf\":{\"@id\":\"https:\/\/insurancecorp.com.br\/pt\/#website\"},\"primaryImageOfPage\":{\"@id\":\"https:\/\/insurancecorp.com.br\/pt\/2026\/04\/29\/dimensa-mostra-aumento-de-9-na-busca-por-seguro-saude\/#primaryimage\"},\"datePublished\":\"2026-04-29T15:29:08+00:00\",\"dateModified\":\"2026-04-29T15:29:08+00:00\",\"inLanguage\":\"pt-BR\",\"potentialAction\":[{\"@type\":\"ReadAction\",\"target\":[\"https:\/\/insurancecorp.com.br\/pt\/2026\/04\/29\/dimensa-mostra-aumento-de-9-na-busca-por-seguro-saude\/\"]}]},{\"@type\":\"Article\",\"@id\":\"https:\/\/insurancecorp.com.br\/pt\/2026\/04\/29\/dimensa-mostra-aumento-de-9-na-busca-por-seguro-saude\/#article\",\"isPartOf\":{\"@id\":\"https:\/\/insurancecorp.com.br\/pt\/2026\/04\/29\/dimensa-mostra-aumento-de-9-na-busca-por-seguro-saude\/#webpage\"},\"author\":{\"@id\":\"https:\/\/insurancecorp.com.br\/pt\/#\/schema\/person\/1b69c8cf325f0b7167f1b171f52df4af\"},\"headline\":\"Dimensa mostra aumento de 9% na busca por seguro sa\\u00fade\",\"datePublished\":\"2026-04-29T15:29:08+00:00\",\"dateModified\":\"2026-04-29T15:29:08+00:00\",\"mainEntityOfPage\":{\"@id\":\"https:\/\/insurancecorp.com.br\/pt\/2026\/04\/29\/dimensa-mostra-aumento-de-9-na-busca-por-seguro-saude\/#webpage\"},\"commentCount\":0,\"publisher\":{\"@id\":\"https:\/\/insurancecorp.com.br\/pt\/#organization\"},\"image\":{\"@id\":\"https:\/\/insurancecorp.com.br\/pt\/2026\/04\/29\/dimensa-mostra-aumento-de-9-na-busca-por-seguro-saude\/#primaryimage\"},\"keywords\":\"9%,aumento,busca,Dimensa,mostra,sa\\u00fade,seguro\",\"articleSection\":\"Seguro Sa\\u00fade\",\"inLanguage\":\"pt-BR\",\"potentialAction\":[{\"@type\":\"CommentAction\",\"name\":\"Comment\",\"target\":[\"https:\/\/insurancecorp.com.br\/pt\/2026\/04\/29\/dimensa-mostra-aumento-de-9-na-busca-por-seguro-saude\/#respond\"]}]},{\"@type\":\"Person\",\"@id\":\"https:\/\/insurancecorp.com.br\/pt\/#\/schema\/person\/1b69c8cf325f0b7167f1b171f52df4af\",\"name\":\"Publica\\u00e7\\u00e3o\",\"image\":{\"@type\":\"ImageObject\",\"@id\":\"https:\/\/insurancecorp.com.br\/pt\/#personlogo\",\"inLanguage\":\"pt-BR\",\"url\":\"https:\/\/secure.gravatar.com\/avatar\/17226f1f60486eb25d4c6b301ffed37f?s=96&d=mm&r=g\",\"caption\":\"Publica\\u00e7\\u00e3o\"}}]}<\/script>\n<!-- \/ Yoast SEO plugin. -->","_links":{"self":[{"href":"https:\/\/insurancecorp.com.br\/pt\/wp-json\/wp\/v2\/posts\/79143"}],"collection":[{"href":"https:\/\/insurancecorp.com.br\/pt\/wp-json\/wp\/v2\/posts"}],"about":[{"href":"https:\/\/insurancecorp.com.br\/pt\/wp-json\/wp\/v2\/types\/post"}],"author":[{"embeddable":true,"href":"https:\/\/insurancecorp.com.br\/pt\/wp-json\/wp\/v2\/users\/2"}],"replies":[{"embeddable":true,"href":"https:\/\/insurancecorp.com.br\/pt\/wp-json\/wp\/v2\/comments?post=79143"}],"version-history":[{"count":1,"href":"https:\/\/insurancecorp.com.br\/pt\/wp-json\/wp\/v2\/posts\/79143\/revisions"}],"predecessor-version":[{"id":79144,"href":"https:\/\/insurancecorp.com.br\/pt\/wp-json\/wp\/v2\/posts\/79143\/revisions\/79144"}],"wp:featuredmedia":[{"embeddable":true,"href":"https:\/\/insurancecorp.com.br\/pt\/wp-json\/wp\/v2\/media\/72017"}],"wp:attachment":[{"href":"https:\/\/insurancecorp.com.br\/pt\/wp-json\/wp\/v2\/media?parent=79143"}],"wp:term":[{"taxonomy":"category","embeddable":true,"href":"https:\/\/insurancecorp.com.br\/pt\/wp-json\/wp\/v2\/categories?post=79143"},{"taxonomy":"post_tag","embeddable":true,"href":"https:\/\/insurancecorp.com.br\/pt\/wp-json\/wp\/v2\/tags?post=79143"}],"curies":[{"name":"wp","href":"https:\/\/api.w.org\/{rel}","templated":true}]}}