{"id":79140,"date":"2026-04-29T11:57:43","date_gmt":"2026-04-29T14:57:43","guid":{"rendered":"https:\/\/insurancecorp.com.br\/pt\/?p=79140"},"modified":"2026-04-29T11:57:43","modified_gmt":"2026-04-29T14:57:43","slug":"confira-como-foi-a-participacao-da-susep-em-evento-sobre-conduta-de-mercado","status":"publish","type":"post","link":"https:\/\/insurancecorp.com.br\/pt\/2026\/04\/29\/confira-como-foi-a-participacao-da-susep-em-evento-sobre-conduta-de-mercado\/","title":{"rendered":"Confira como foi a participa\u00e7\u00e3o da Susep em evento sobre conduta de mercado"},"content":{"rendered":"<p align=\"justify\">A Superintend\u00eancia de Seguros Privados (Susep), representada pela Diretora J\u00falia Lins, participou ontem (27) da\u00a02\u00aa Edi\u00e7\u00e3o do Ciclo de Confer\u00eancias Bimestrais Arseg Conecta \u2013 2026, organizado pela Ag\u00eancia Angolana de Regula\u00e7\u00e3o e Supervis\u00e3o de Seguros (ARSEG), em Luanda, na Angola e que teve como tema\u00a0Conduta de Mercado: o Pilar da Confian\u00e7a e Transpar\u00eancia no Setor de Seguros e de Fundos de Pens\u00f5es.<\/p>\n<p align=\"justify\">O encontro teve por objetivo reunir especialistas nacionais e internacionais, promover debates t\u00e9cnicos e acad\u00eamicos e propor solu\u00e7\u00f5es sustent\u00e1veis para o desenvolvimento do mercado de seguros e fundo de pens\u00f5es em Angola.<\/p>\n<p align=\"justify\">J\u00falia Lins falou sobre o tema Supervis\u00e3o de Conduta e a Cultura de Compliance, destacando a import\u00e2ncia da confian\u00e7a como regente dos contratos de seguros: &#8220;o que observamos historicamente, e o Brasil n\u00e3o \u00e9 exce\u00e7\u00e3o, \u00e9 que, quando a l\u00f3gica predominante no tratamento do sinistro deixa de ser &#8216;cumprir a promessa&#8217; e passa a ser &#8216;evitar o custo de cumpri-la&#8217;, passa a haver um problema de confian\u00e7a no sistema inteiro. A supervis\u00e3o de conduta entra para direcionar o seguro para a sua finalidade social.&#8221;<\/p>\n<p align=\"justify\">A participa\u00e7\u00e3o da Susep em eventos organizados por pa\u00edses de l\u00edngua portuguesa busca compartilhar experi\u00eancias, aumentar o di\u00e1logo entre os pa\u00edses, al\u00e9m de contribuir ativamente com as discuss\u00f5es internacionais sobre a supervis\u00e3o de seguros.<\/p>\n<p align=\"justify\"><strong>Assessoria de Imprensa Susep<\/strong><\/p>\n","protected":false},"excerpt":{"rendered":"<p>A Superintend\u00eancia de Seguros Privados (Susep), representada pela Diretora J\u00falia Lins, participou ontem (27) da\u00a02\u00aa Edi\u00e7\u00e3o do Ciclo de Confer\u00eancias Bimestrais Arseg Conecta \u2013 2026, organizado pela Ag\u00eancia Angolana de Regula\u00e7\u00e3o e Supervis\u00e3o de Seguros (ARSEG), em Luanda, na Angola e que teve como tema\u00a0Conduta de Mercado: o Pilar da Confian\u00e7a e Transpar\u00eancia no Setor [&hellip;]<\/p>\n","protected":false},"author":2,"featured_media":76432,"comment_status":"open","ping_status":"open","sticky":false,"template":"","format":"standard","meta":[],"categories":[74],"tags":[15820,16595,13330,1681,4445,5074,589],"jetpack_featured_media_url":"https:\/\/insurancecorp.com.br\/pt\/wp-content\/uploads\/2026\/01\/logo-susep-e1772121543697.png","yoast_head":"<!-- This site is optimized with the Yoast SEO plugin v14.8 - https:\/\/yoast.com\/wordpress\/plugins\/seo\/ -->\n<title>Confira como foi a participa\u00e7\u00e3o da Susep em evento sobre conduta de mercado | Revista Insurance Corp | PT-BR<\/title>\n<meta name=\"robots\" content=\"index, follow\" \/>\n<meta name=\"googlebot\" content=\"index, follow, max-snippet:-1, max-image-preview:large, max-video-preview:-1\" \/>\n<meta name=\"bingbot\" content=\"index, follow, max-snippet:-1, max-image-preview:large, max-video-preview:-1\" \/>\n<link rel=\"canonical\" href=\"https:\/\/insurancecorp.com.br\/pt\/2026\/04\/29\/confira-como-foi-a-participacao-da-susep-em-evento-sobre-conduta-de-mercado\/\" \/>\n<meta property=\"og:locale\" content=\"pt_BR\" \/>\n<meta property=\"og:type\" content=\"article\" \/>\n<meta property=\"og:title\" content=\"Confira como foi a participa\u00e7\u00e3o da Susep em evento sobre conduta de mercado | Revista Insurance Corp | PT-BR\" \/>\n<meta property=\"og:description\" content=\"A Superintend\u00eancia de Seguros Privados (Susep), representada pela Diretora J\u00falia Lins, participou ontem (27) da\u00a02\u00aa Edi\u00e7\u00e3o do Ciclo de Confer\u00eancias Bimestrais Arseg Conecta \u2013 2026, organizado pela Ag\u00eancia Angolana de Regula\u00e7\u00e3o e Supervis\u00e3o de Seguros (ARSEG), em Luanda, na Angola e que teve como tema\u00a0Conduta de Mercado: o Pilar da Confian\u00e7a e Transpar\u00eancia no Setor [&hellip;]\" \/>\n<meta property=\"og:url\" content=\"https:\/\/insurancecorp.com.br\/pt\/2026\/04\/29\/confira-como-foi-a-participacao-da-susep-em-evento-sobre-conduta-de-mercado\/\" \/>\n<meta property=\"og:site_name\" content=\"Revista Insurance Corp | PT-BR\" \/>\n<meta property=\"article:publisher\" content=\"https:\/\/www.facebook.com\/RevistaInsuranceCorp\/\" \/>\n<meta property=\"article:published_time\" content=\"2026-04-29T14:57:43+00:00\" \/>\n<meta property=\"og:image\" content=\"https:\/\/insurancecorp.com.br\/pt\/wp-content\/uploads\/2026\/01\/logo-susep-e1772121543697.png\" \/>\n\t<meta property=\"og:image:width\" content=\"1696\" \/>\n\t<meta property=\"og:image:height\" content=\"636\" \/>\n<meta name=\"twitter:card\" content=\"summary\" \/>\n<script type=\"application\/ld+json\" class=\"yoast-schema-graph\">{\"@context\":\"https:\/\/schema.org\",\"@graph\":[{\"@type\":\"Organization\",\"@id\":\"https:\/\/insurancecorp.com.br\/pt\/#organization\",\"name\":\"Revista Insurance Corp\",\"url\":\"https:\/\/insurancecorp.com.br\/pt\/\",\"sameAs\":[\"https:\/\/www.facebook.com\/RevistaInsuranceCorp\/\"],\"logo\":{\"@type\":\"ImageObject\",\"@id\":\"https:\/\/insurancecorp.com.br\/pt\/#logo\",\"inLanguage\":\"pt-BR\",\"url\":\"\",\"caption\":\"Revista Insurance Corp\"},\"image\":{\"@id\":\"https:\/\/insurancecorp.com.br\/pt\/#logo\"}},{\"@type\":\"WebSite\",\"@id\":\"https:\/\/insurancecorp.com.br\/pt\/#website\",\"url\":\"https:\/\/insurancecorp.com.br\/pt\/\",\"name\":\"Revista Insurance Corp | PT-BR\",\"description\":\"A \\u00fanica revista bil\\u00edngue voltada ao mercado de seguro.\",\"publisher\":{\"@id\":\"https:\/\/insurancecorp.com.br\/pt\/#organization\"},\"potentialAction\":[{\"@type\":\"SearchAction\",\"target\":\"https:\/\/insurancecorp.com.br\/pt\/?s={search_term_string}\",\"query-input\":\"required name=search_term_string\"}],\"inLanguage\":\"pt-BR\"},{\"@type\":\"ImageObject\",\"@id\":\"https:\/\/insurancecorp.com.br\/pt\/2026\/04\/29\/confira-como-foi-a-participacao-da-susep-em-evento-sobre-conduta-de-mercado\/#primaryimage\",\"inLanguage\":\"pt-BR\",\"url\":\"https:\/\/insurancecorp.com.br\/pt\/wp-content\/uploads\/2026\/01\/logo-susep-e1772121543697.png\",\"width\":1696,\"height\":636},{\"@type\":\"WebPage\",\"@id\":\"https:\/\/insurancecorp.com.br\/pt\/2026\/04\/29\/confira-como-foi-a-participacao-da-susep-em-evento-sobre-conduta-de-mercado\/#webpage\",\"url\":\"https:\/\/insurancecorp.com.br\/pt\/2026\/04\/29\/confira-como-foi-a-participacao-da-susep-em-evento-sobre-conduta-de-mercado\/\",\"name\":\"Confira como foi a participa\\u00e7\\u00e3o da Susep em evento sobre conduta de mercado | Revista Insurance Corp | PT-BR\",\"isPartOf\":{\"@id\":\"https:\/\/insurancecorp.com.br\/pt\/#website\"},\"primaryImageOfPage\":{\"@id\":\"https:\/\/insurancecorp.com.br\/pt\/2026\/04\/29\/confira-como-foi-a-participacao-da-susep-em-evento-sobre-conduta-de-mercado\/#primaryimage\"},\"datePublished\":\"2026-04-29T14:57:43+00:00\",\"dateModified\":\"2026-04-29T14:57:43+00:00\",\"inLanguage\":\"pt-BR\",\"potentialAction\":[{\"@type\":\"ReadAction\",\"target\":[\"https:\/\/insurancecorp.com.br\/pt\/2026\/04\/29\/confira-como-foi-a-participacao-da-susep-em-evento-sobre-conduta-de-mercado\/\"]}]},{\"@type\":\"Article\",\"@id\":\"https:\/\/insurancecorp.com.br\/pt\/2026\/04\/29\/confira-como-foi-a-participacao-da-susep-em-evento-sobre-conduta-de-mercado\/#article\",\"isPartOf\":{\"@id\":\"https:\/\/insurancecorp.com.br\/pt\/2026\/04\/29\/confira-como-foi-a-participacao-da-susep-em-evento-sobre-conduta-de-mercado\/#webpage\"},\"author\":{\"@id\":\"https:\/\/insurancecorp.com.br\/pt\/#\/schema\/person\/1b69c8cf325f0b7167f1b171f52df4af\"},\"headline\":\"Confira como foi a participa\\u00e7\\u00e3o da Susep em evento sobre conduta de mercado\",\"datePublished\":\"2026-04-29T14:57:43+00:00\",\"dateModified\":\"2026-04-29T14:57:43+00:00\",\"mainEntityOfPage\":{\"@id\":\"https:\/\/insurancecorp.com.br\/pt\/2026\/04\/29\/confira-como-foi-a-participacao-da-susep-em-evento-sobre-conduta-de-mercado\/#webpage\"},\"commentCount\":0,\"publisher\":{\"@id\":\"https:\/\/insurancecorp.com.br\/pt\/#organization\"},\"image\":{\"@id\":\"https:\/\/insurancecorp.com.br\/pt\/2026\/04\/29\/confira-como-foi-a-participacao-da-susep-em-evento-sobre-conduta-de-mercado\/#primaryimage\"},\"keywords\":\"como foi,conduta,confira,evento,mercado,participa\\u00e7\\u00e3o,susep\",\"articleSection\":\"Susep\",\"inLanguage\":\"pt-BR\",\"potentialAction\":[{\"@type\":\"CommentAction\",\"name\":\"Comment\",\"target\":[\"https:\/\/insurancecorp.com.br\/pt\/2026\/04\/29\/confira-como-foi-a-participacao-da-susep-em-evento-sobre-conduta-de-mercado\/#respond\"]}]},{\"@type\":\"Person\",\"@id\":\"https:\/\/insurancecorp.com.br\/pt\/#\/schema\/person\/1b69c8cf325f0b7167f1b171f52df4af\",\"name\":\"Publica\\u00e7\\u00e3o\",\"image\":{\"@type\":\"ImageObject\",\"@id\":\"https:\/\/insurancecorp.com.br\/pt\/#personlogo\",\"inLanguage\":\"pt-BR\",\"url\":\"https:\/\/secure.gravatar.com\/avatar\/17226f1f60486eb25d4c6b301ffed37f?s=96&d=mm&r=g\",\"caption\":\"Publica\\u00e7\\u00e3o\"}}]}<\/script>\n<!-- \/ Yoast SEO plugin. -->","_links":{"self":[{"href":"https:\/\/insurancecorp.com.br\/pt\/wp-json\/wp\/v2\/posts\/79140"}],"collection":[{"href":"https:\/\/insurancecorp.com.br\/pt\/wp-json\/wp\/v2\/posts"}],"about":[{"href":"https:\/\/insurancecorp.com.br\/pt\/wp-json\/wp\/v2\/types\/post"}],"author":[{"embeddable":true,"href":"https:\/\/insurancecorp.com.br\/pt\/wp-json\/wp\/v2\/users\/2"}],"replies":[{"embeddable":true,"href":"https:\/\/insurancecorp.com.br\/pt\/wp-json\/wp\/v2\/comments?post=79140"}],"version-history":[{"count":2,"href":"https:\/\/insurancecorp.com.br\/pt\/wp-json\/wp\/v2\/posts\/79140\/revisions"}],"predecessor-version":[{"id":79142,"href":"https:\/\/insurancecorp.com.br\/pt\/wp-json\/wp\/v2\/posts\/79140\/revisions\/79142"}],"wp:featuredmedia":[{"embeddable":true,"href":"https:\/\/insurancecorp.com.br\/pt\/wp-json\/wp\/v2\/media\/76432"}],"wp:attachment":[{"href":"https:\/\/insurancecorp.com.br\/pt\/wp-json\/wp\/v2\/media?parent=79140"}],"wp:term":[{"taxonomy":"category","embeddable":true,"href":"https:\/\/insurancecorp.com.br\/pt\/wp-json\/wp\/v2\/categories?post=79140"},{"taxonomy":"post_tag","embeddable":true,"href":"https:\/\/insurancecorp.com.br\/pt\/wp-json\/wp\/v2\/tags?post=79140"}],"curies":[{"name":"wp","href":"https:\/\/api.w.org\/{rel}","templated":true}]}}