{"id":79135,"date":"2026-04-29T11:16:05","date_gmt":"2026-04-29T14:16:05","guid":{"rendered":"https:\/\/insurancecorp.com.br\/pt\/?p=79135"},"modified":"2026-04-29T11:16:05","modified_gmt":"2026-04-29T14:16:05","slug":"iba-e-ens-lancam-curso-sobre-protecao-patrimonial-mutualista","status":"publish","type":"post","link":"https:\/\/insurancecorp.com.br\/pt\/2026\/04\/29\/iba-e-ens-lancam-curso-sobre-protecao-patrimonial-mutualista\/","title":{"rendered":"IBA e ENS lan\u00e7am curso sobre prote\u00e7\u00e3o patrimonial mutualista"},"content":{"rendered":"<p align=\"justify\">O Instituto Brasileiro de Atu\u00e1ria (IBA) e a Escola de Neg\u00f3cios e Seguros (ENS) firmaram uma parceria para lan\u00e7ar a Certifica\u00e7\u00e3o Avan\u00e7ada em Gest\u00e3o de Riscos na Atividade Mutualista, programa educacional voltado \u00e0 capacita\u00e7\u00e3o de profissionais que atuam ou desejam atuar no segmento de Prote\u00e7\u00e3o Patrimonial Mutualista (PPM).<\/p>\n<p align=\"justify\">A iniciativa surge em um momento estrat\u00e9gico para o mercado, marcado pela expans\u00e3o das opera\u00e7\u00f5es mutualistas no Brasil e pelo avan\u00e7o do processo de regulamenta\u00e7\u00e3o do setor. Com o Decreto-Lei 213\/2025, as atividades de prote\u00e7\u00e3o patrimonial mutualista, anteriormente n\u00e3o supervisionadas e n\u00e3o caracterizadas como seguros, passar\u00e3o a ser supervisionadas pela Superintend\u00eancia de Seguros Privados (SUSEP).<\/p>\n<p align=\"justify\">Nesse novo cen\u00e1rio, temas como solv\u00eancia, governan\u00e7a, conformidade regulat\u00f3ria, gest\u00e3o de riscos e sustentabilidade tornam-se essenciais para garantir maior transpar\u00eancia, seguran\u00e7a e credibilidade \u00e0s entidades que atuam no mutualismo. Liliane Garcia, MIBA, coordenadora do grupo de trabalho sobre o tema no IBA, participou ativamente da defini\u00e7\u00e3o t\u00e9cnica dos conte\u00fados da certifica\u00e7\u00e3o avan\u00e7ada e tamb\u00e9m assume a coordena\u00e7\u00e3o acad\u00eamica do curso na Escola de Neg\u00f3cios e Seguros.<\/p>\n<p align=\"justify\">De acordo com a diretora Institucional do IBA, Raquel Marimon, a parceria refor\u00e7a o compromisso do Instituto com o desenvolvimento t\u00e9cnico do mercado e com a forma\u00e7\u00e3o de profissionais preparados para os novos desafios regulat\u00f3rios. &#8220;A prote\u00e7\u00e3o patrimonial mutualista passa por um momento de transforma\u00e7\u00e3o relevante no Brasil. A entrada desse segmento em um ambiente supervisionado exige profissionais cada vez mais capacitados, com dom\u00ednio t\u00e9cnico, vis\u00e3o de risco e compreens\u00e3o das boas pr\u00e1ticas de governan\u00e7a. Para o IBA, participar da constru\u00e7\u00e3o deste curso ao lado da ENS representa uma contribui\u00e7\u00e3o concreta para o fortalecimento do setor, para a qualifica\u00e7\u00e3o do mercado e para a promo\u00e7\u00e3o de uma atua\u00e7\u00e3o mais sustent\u00e1vel, transparente e respons\u00e1vel&#8221;.<\/p>\n<p align=\"justify\">A forma\u00e7\u00e3o \u00e9 direcionada a atu\u00e1rios, administradores, gestores de entidades mutualistas, profissionais de cooperativas e associa\u00e7\u00f5es, t\u00e9cnicos, consultores e demais interessados em atuar na gest\u00e3o de riscos aplicada ao mutualismo. Com dura\u00e7\u00e3o de 10 semanas, a certifica\u00e7\u00e3o abordar\u00e1 conte\u00fados como Fundamentos do Mutualismo, Gest\u00e3o de Riscos em Entidades Mutualistas, Atu\u00e1ria, Solv\u00eancia, Rela\u00e7\u00e3o com o \u00d3rg\u00e3o Regulador e Sustentabilidade.<\/p>\n<p align=\"justify\">\u00c9 a primeira forma\u00e7\u00e3o desenvolvida\u00a0 pelo IBA e pela ENS, abrindo caminho para novas iniciativas educacionais entre as institui\u00e7\u00f5es. A colabora\u00e7\u00e3o refor\u00e7a a import\u00e2ncia da capacita\u00e7\u00e3o t\u00e9cnica em um setor que passa por mudan\u00e7as regulat\u00f3rias e demanda profissionais preparados para atuar com responsabilidade, seguran\u00e7a e vis\u00e3o estrat\u00e9gica.<\/p>\n<p align=\"justify\"><strong>KS Comunica\u00e7\u00e3o<\/strong><\/p>\n","protected":false},"excerpt":{"rendered":"<p>O Instituto Brasileiro de Atu\u00e1ria (IBA) e a Escola de Neg\u00f3cios e Seguros (ENS) firmaram uma parceria para lan\u00e7ar a Certifica\u00e7\u00e3o Avan\u00e7ada em Gest\u00e3o de Riscos na Atividade Mutualista, programa educacional voltado \u00e0 capacita\u00e7\u00e3o de profissionais que atuam ou desejam atuar no segmento de Prote\u00e7\u00e3o Patrimonial Mutualista (PPM). A iniciativa surge em um momento estrat\u00e9gico [&hellip;]<\/p>\n","protected":false},"author":2,"featured_media":79136,"comment_status":"open","ping_status":"open","sticky":false,"template":"","format":"standard","meta":[],"categories":[153],"tags":[2603,976,14191,5076,13064,3784,611],"jetpack_featured_media_url":"https:\/\/insurancecorp.com.br\/pt\/wp-content\/uploads\/2026\/04\/image-8-1.png","yoast_head":"<!-- This site is optimized with the Yoast SEO plugin v14.8 - https:\/\/yoast.com\/wordpress\/plugins\/seo\/ -->\n<title>IBA e ENS lan\u00e7am curso sobre prote\u00e7\u00e3o patrimonial mutualista | Revista Insurance Corp | PT-BR<\/title>\n<meta name=\"robots\" content=\"index, follow\" \/>\n<meta name=\"googlebot\" content=\"index, follow, max-snippet:-1, max-image-preview:large, max-video-preview:-1\" \/>\n<meta name=\"bingbot\" content=\"index, follow, max-snippet:-1, max-image-preview:large, max-video-preview:-1\" \/>\n<link rel=\"canonical\" href=\"https:\/\/insurancecorp.com.br\/pt\/2026\/04\/29\/iba-e-ens-lancam-curso-sobre-protecao-patrimonial-mutualista\/\" \/>\n<meta property=\"og:locale\" content=\"pt_BR\" \/>\n<meta property=\"og:type\" content=\"article\" \/>\n<meta property=\"og:title\" content=\"IBA e ENS lan\u00e7am curso sobre prote\u00e7\u00e3o patrimonial mutualista | Revista Insurance Corp | PT-BR\" \/>\n<meta property=\"og:description\" content=\"O Instituto Brasileiro de Atu\u00e1ria (IBA) e a Escola de Neg\u00f3cios e Seguros (ENS) firmaram uma parceria para lan\u00e7ar a Certifica\u00e7\u00e3o Avan\u00e7ada em Gest\u00e3o de Riscos na Atividade Mutualista, programa educacional voltado \u00e0 capacita\u00e7\u00e3o de profissionais que atuam ou desejam atuar no segmento de Prote\u00e7\u00e3o Patrimonial Mutualista (PPM). A iniciativa surge em um momento estrat\u00e9gico [&hellip;]\" \/>\n<meta property=\"og:url\" content=\"https:\/\/insurancecorp.com.br\/pt\/2026\/04\/29\/iba-e-ens-lancam-curso-sobre-protecao-patrimonial-mutualista\/\" \/>\n<meta property=\"og:site_name\" content=\"Revista Insurance Corp | PT-BR\" \/>\n<meta property=\"article:publisher\" content=\"https:\/\/www.facebook.com\/RevistaInsuranceCorp\/\" \/>\n<meta property=\"article:published_time\" content=\"2026-04-29T14:16:05+00:00\" \/>\n<meta property=\"og:image\" content=\"https:\/\/insurancecorp.com.br\/pt\/wp-content\/uploads\/2026\/04\/image-8-1.png\" \/>\n\t<meta property=\"og:image:width\" content=\"1400\" \/>\n\t<meta property=\"og:image:height\" content=\"934\" \/>\n<meta name=\"twitter:card\" content=\"summary\" \/>\n<script type=\"application\/ld+json\" class=\"yoast-schema-graph\">{\"@context\":\"https:\/\/schema.org\",\"@graph\":[{\"@type\":\"Organization\",\"@id\":\"https:\/\/insurancecorp.com.br\/pt\/#organization\",\"name\":\"Revista Insurance Corp\",\"url\":\"https:\/\/insurancecorp.com.br\/pt\/\",\"sameAs\":[\"https:\/\/www.facebook.com\/RevistaInsuranceCorp\/\"],\"logo\":{\"@type\":\"ImageObject\",\"@id\":\"https:\/\/insurancecorp.com.br\/pt\/#logo\",\"inLanguage\":\"pt-BR\",\"url\":\"\",\"caption\":\"Revista Insurance Corp\"},\"image\":{\"@id\":\"https:\/\/insurancecorp.com.br\/pt\/#logo\"}},{\"@type\":\"WebSite\",\"@id\":\"https:\/\/insurancecorp.com.br\/pt\/#website\",\"url\":\"https:\/\/insurancecorp.com.br\/pt\/\",\"name\":\"Revista Insurance Corp | PT-BR\",\"description\":\"A \\u00fanica revista bil\\u00edngue voltada ao mercado de seguro.\",\"publisher\":{\"@id\":\"https:\/\/insurancecorp.com.br\/pt\/#organization\"},\"potentialAction\":[{\"@type\":\"SearchAction\",\"target\":\"https:\/\/insurancecorp.com.br\/pt\/?s={search_term_string}\",\"query-input\":\"required name=search_term_string\"}],\"inLanguage\":\"pt-BR\"},{\"@type\":\"ImageObject\",\"@id\":\"https:\/\/insurancecorp.com.br\/pt\/2026\/04\/29\/iba-e-ens-lancam-curso-sobre-protecao-patrimonial-mutualista\/#primaryimage\",\"inLanguage\":\"pt-BR\",\"url\":\"https:\/\/insurancecorp.com.br\/pt\/wp-content\/uploads\/2026\/04\/image-8-1.png\",\"width\":1400,\"height\":934},{\"@type\":\"WebPage\",\"@id\":\"https:\/\/insurancecorp.com.br\/pt\/2026\/04\/29\/iba-e-ens-lancam-curso-sobre-protecao-patrimonial-mutualista\/#webpage\",\"url\":\"https:\/\/insurancecorp.com.br\/pt\/2026\/04\/29\/iba-e-ens-lancam-curso-sobre-protecao-patrimonial-mutualista\/\",\"name\":\"IBA e ENS lan\\u00e7am curso sobre prote\\u00e7\\u00e3o patrimonial mutualista | Revista Insurance Corp | PT-BR\",\"isPartOf\":{\"@id\":\"https:\/\/insurancecorp.com.br\/pt\/#website\"},\"primaryImageOfPage\":{\"@id\":\"https:\/\/insurancecorp.com.br\/pt\/2026\/04\/29\/iba-e-ens-lancam-curso-sobre-protecao-patrimonial-mutualista\/#primaryimage\"},\"datePublished\":\"2026-04-29T14:16:05+00:00\",\"dateModified\":\"2026-04-29T14:16:05+00:00\",\"inLanguage\":\"pt-BR\",\"potentialAction\":[{\"@type\":\"ReadAction\",\"target\":[\"https:\/\/insurancecorp.com.br\/pt\/2026\/04\/29\/iba-e-ens-lancam-curso-sobre-protecao-patrimonial-mutualista\/\"]}]},{\"@type\":\"Article\",\"@id\":\"https:\/\/insurancecorp.com.br\/pt\/2026\/04\/29\/iba-e-ens-lancam-curso-sobre-protecao-patrimonial-mutualista\/#article\",\"isPartOf\":{\"@id\":\"https:\/\/insurancecorp.com.br\/pt\/2026\/04\/29\/iba-e-ens-lancam-curso-sobre-protecao-patrimonial-mutualista\/#webpage\"},\"author\":{\"@id\":\"https:\/\/insurancecorp.com.br\/pt\/#\/schema\/person\/1b69c8cf325f0b7167f1b171f52df4af\"},\"headline\":\"IBA e ENS lan\\u00e7am curso sobre prote\\u00e7\\u00e3o patrimonial mutualista\",\"datePublished\":\"2026-04-29T14:16:05+00:00\",\"dateModified\":\"2026-04-29T14:16:05+00:00\",\"mainEntityOfPage\":{\"@id\":\"https:\/\/insurancecorp.com.br\/pt\/2026\/04\/29\/iba-e-ens-lancam-curso-sobre-protecao-patrimonial-mutualista\/#webpage\"},\"commentCount\":0,\"publisher\":{\"@id\":\"https:\/\/insurancecorp.com.br\/pt\/#organization\"},\"image\":{\"@id\":\"https:\/\/insurancecorp.com.br\/pt\/2026\/04\/29\/iba-e-ens-lancam-curso-sobre-protecao-patrimonial-mutualista\/#primaryimage\"},\"keywords\":\"curso,ENS,IBA,lan\\u00e7am,mutualista,patrimonial,prote\\u00e7\\u00e3o\",\"articleSection\":\"Interesse Mercado\",\"inLanguage\":\"pt-BR\",\"potentialAction\":[{\"@type\":\"CommentAction\",\"name\":\"Comment\",\"target\":[\"https:\/\/insurancecorp.com.br\/pt\/2026\/04\/29\/iba-e-ens-lancam-curso-sobre-protecao-patrimonial-mutualista\/#respond\"]}]},{\"@type\":\"Person\",\"@id\":\"https:\/\/insurancecorp.com.br\/pt\/#\/schema\/person\/1b69c8cf325f0b7167f1b171f52df4af\",\"name\":\"Publica\\u00e7\\u00e3o\",\"image\":{\"@type\":\"ImageObject\",\"@id\":\"https:\/\/insurancecorp.com.br\/pt\/#personlogo\",\"inLanguage\":\"pt-BR\",\"url\":\"https:\/\/secure.gravatar.com\/avatar\/17226f1f60486eb25d4c6b301ffed37f?s=96&d=mm&r=g\",\"caption\":\"Publica\\u00e7\\u00e3o\"}}]}<\/script>\n<!-- \/ Yoast SEO plugin. -->","_links":{"self":[{"href":"https:\/\/insurancecorp.com.br\/pt\/wp-json\/wp\/v2\/posts\/79135"}],"collection":[{"href":"https:\/\/insurancecorp.com.br\/pt\/wp-json\/wp\/v2\/posts"}],"about":[{"href":"https:\/\/insurancecorp.com.br\/pt\/wp-json\/wp\/v2\/types\/post"}],"author":[{"embeddable":true,"href":"https:\/\/insurancecorp.com.br\/pt\/wp-json\/wp\/v2\/users\/2"}],"replies":[{"embeddable":true,"href":"https:\/\/insurancecorp.com.br\/pt\/wp-json\/wp\/v2\/comments?post=79135"}],"version-history":[{"count":1,"href":"https:\/\/insurancecorp.com.br\/pt\/wp-json\/wp\/v2\/posts\/79135\/revisions"}],"predecessor-version":[{"id":79137,"href":"https:\/\/insurancecorp.com.br\/pt\/wp-json\/wp\/v2\/posts\/79135\/revisions\/79137"}],"wp:featuredmedia":[{"embeddable":true,"href":"https:\/\/insurancecorp.com.br\/pt\/wp-json\/wp\/v2\/media\/79136"}],"wp:attachment":[{"href":"https:\/\/insurancecorp.com.br\/pt\/wp-json\/wp\/v2\/media?parent=79135"}],"wp:term":[{"taxonomy":"category","embeddable":true,"href":"https:\/\/insurancecorp.com.br\/pt\/wp-json\/wp\/v2\/categories?post=79135"},{"taxonomy":"post_tag","embeddable":true,"href":"https:\/\/insurancecorp.com.br\/pt\/wp-json\/wp\/v2\/tags?post=79135"}],"curies":[{"name":"wp","href":"https:\/\/api.w.org\/{rel}","templated":true}]}}