{"id":79131,"date":"2026-04-29T11:10:29","date_gmt":"2026-04-29T14:10:29","guid":{"rendered":"https:\/\/insurancecorp.com.br\/pt\/?p=79131"},"modified":"2026-04-29T11:10:29","modified_gmt":"2026-04-29T14:10:29","slug":"nilton-molina-comemora-seus-90-anos","status":"publish","type":"post","link":"https:\/\/insurancecorp.com.br\/pt\/2026\/04\/29\/nilton-molina-comemora-seus-90-anos\/","title":{"rendered":"Nilton Molina comemora seus 90 anos"},"content":{"rendered":"<p align=\"justify\">O empres\u00e1rio Nilton Molina reuniu convidados na sede do Grupo MAG, na Faria Lima, em S\u00e3o Paulo, no dia 23 de abril, para celebrar seus 90 anos. A comemora\u00e7\u00e3o foi oferecida pela companhia e reuniu nomes do setor de seguros, lideran\u00e7as institucionais e convidados do meio empresarial.<\/p>\n<p align=\"justify\">Entre os presentes estavam o presidente da Fenacor, Armando Verg\u00edlio, o empreendedor Celso Athayde, fundador da CUFA, al\u00e9m de representantes do F\u00f3rum M\u00e1rio Petrelli, iniciativa voltada ao fomento do mercado de seguros, previd\u00eancia e capitaliza\u00e7\u00e3o.<\/p>\n<p align=\"justify\">Durante a noite, Molina foi celebrado pela trajet\u00f3ria no setor e pela atua\u00e7\u00e3o no debate sobre longevidade no pa\u00eds. Presidente do Instituto de Longevidade MAG, ele destacou, em seu discurso, o valor de atravessar o tempo com prop\u00f3sito.<\/p>\n<p align=\"justify\">&#8220;Anivers\u00e1rio todos n\u00f3s fazemos todos os anos. \u00c9 uma coisa comum. A\u00ed chegou aos 90. Mas por que um homem de 90 anos quer fazer festa? Fiz uma pesquisa e perguntei \u00e0s estat\u00edsticas quantos homens nascidos em 1936 est\u00e3o vivos aos 90 anos. Eu sou esse cara&#8221;, afirmou.<\/p>\n<p align=\"justify\">&#8220;Eu vou continuar sonhando, tentando realizar coisas. Vou continuar amando minha mulher, meus filhos, meus netos, meus companheiros e principalmente a vida&#8221;, completou Nilton Molina ao encerrar a celebra\u00e7\u00e3o.<\/p>\n<p align=\"justify\"><strong>GBR Comunica\u00e7\u00e3o<\/strong><\/p>\n","protected":false},"excerpt":{"rendered":"<p>O empres\u00e1rio Nilton Molina reuniu convidados na sede do Grupo MAG, na Faria Lima, em S\u00e3o Paulo, no dia 23 de abril, para celebrar seus 90 anos. A comemora\u00e7\u00e3o foi oferecida pela companhia e reuniu nomes do setor de seguros, lideran\u00e7as institucionais e convidados do meio empresarial. Entre os presentes estavam o presidente da Fenacor, [&hellip;]<\/p>\n","protected":false},"author":2,"featured_media":79132,"comment_status":"open","ping_status":"open","sticky":false,"template":"","format":"standard","meta":[],"categories":[515],"tags":[12203,5799,16562,16561],"jetpack_featured_media_url":"https:\/\/insurancecorp.com.br\/pt\/wp-content\/uploads\/2026\/04\/nilton-molina-e1777471775970.png","yoast_head":"<!-- This site is optimized with the Yoast SEO plugin v14.8 - https:\/\/yoast.com\/wordpress\/plugins\/seo\/ -->\n<title>Nilton Molina comemora seus 90 anos | Revista Insurance Corp | PT-BR<\/title>\n<meta name=\"robots\" content=\"index, follow\" \/>\n<meta name=\"googlebot\" content=\"index, follow, max-snippet:-1, max-image-preview:large, max-video-preview:-1\" \/>\n<meta name=\"bingbot\" content=\"index, follow, max-snippet:-1, max-image-preview:large, max-video-preview:-1\" \/>\n<link rel=\"canonical\" href=\"https:\/\/insurancecorp.com.br\/pt\/2026\/04\/29\/nilton-molina-comemora-seus-90-anos\/\" \/>\n<meta property=\"og:locale\" content=\"pt_BR\" \/>\n<meta property=\"og:type\" content=\"article\" \/>\n<meta property=\"og:title\" content=\"Nilton Molina comemora seus 90 anos | Revista Insurance Corp | PT-BR\" \/>\n<meta property=\"og:description\" content=\"O empres\u00e1rio Nilton Molina reuniu convidados na sede do Grupo MAG, na Faria Lima, em S\u00e3o Paulo, no dia 23 de abril, para celebrar seus 90 anos. A comemora\u00e7\u00e3o foi oferecida pela companhia e reuniu nomes do setor de seguros, lideran\u00e7as institucionais e convidados do meio empresarial. Entre os presentes estavam o presidente da Fenacor, [&hellip;]\" \/>\n<meta property=\"og:url\" content=\"https:\/\/insurancecorp.com.br\/pt\/2026\/04\/29\/nilton-molina-comemora-seus-90-anos\/\" \/>\n<meta property=\"og:site_name\" content=\"Revista Insurance Corp | PT-BR\" \/>\n<meta property=\"article:publisher\" content=\"https:\/\/www.facebook.com\/RevistaInsuranceCorp\/\" \/>\n<meta property=\"article:published_time\" content=\"2026-04-29T14:10:29+00:00\" \/>\n<meta property=\"og:image\" content=\"https:\/\/insurancecorp.com.br\/pt\/wp-content\/uploads\/2026\/04\/nilton-molina-e1777471775970.png\" \/>\n\t<meta property=\"og:image:width\" content=\"924\" \/>\n\t<meta property=\"og:image:height\" content=\"415\" \/>\n<meta name=\"twitter:card\" content=\"summary\" \/>\n<script type=\"application\/ld+json\" class=\"yoast-schema-graph\">{\"@context\":\"https:\/\/schema.org\",\"@graph\":[{\"@type\":\"Organization\",\"@id\":\"https:\/\/insurancecorp.com.br\/pt\/#organization\",\"name\":\"Revista Insurance Corp\",\"url\":\"https:\/\/insurancecorp.com.br\/pt\/\",\"sameAs\":[\"https:\/\/www.facebook.com\/RevistaInsuranceCorp\/\"],\"logo\":{\"@type\":\"ImageObject\",\"@id\":\"https:\/\/insurancecorp.com.br\/pt\/#logo\",\"inLanguage\":\"pt-BR\",\"url\":\"\",\"caption\":\"Revista Insurance Corp\"},\"image\":{\"@id\":\"https:\/\/insurancecorp.com.br\/pt\/#logo\"}},{\"@type\":\"WebSite\",\"@id\":\"https:\/\/insurancecorp.com.br\/pt\/#website\",\"url\":\"https:\/\/insurancecorp.com.br\/pt\/\",\"name\":\"Revista Insurance Corp | PT-BR\",\"description\":\"A \\u00fanica revista bil\\u00edngue voltada ao mercado de seguro.\",\"publisher\":{\"@id\":\"https:\/\/insurancecorp.com.br\/pt\/#organization\"},\"potentialAction\":[{\"@type\":\"SearchAction\",\"target\":\"https:\/\/insurancecorp.com.br\/pt\/?s={search_term_string}\",\"query-input\":\"required name=search_term_string\"}],\"inLanguage\":\"pt-BR\"},{\"@type\":\"ImageObject\",\"@id\":\"https:\/\/insurancecorp.com.br\/pt\/2026\/04\/29\/nilton-molina-comemora-seus-90-anos\/#primaryimage\",\"inLanguage\":\"pt-BR\",\"url\":\"https:\/\/insurancecorp.com.br\/pt\/wp-content\/uploads\/2026\/04\/nilton-molina-e1777471775970.png\",\"width\":924,\"height\":415},{\"@type\":\"WebPage\",\"@id\":\"https:\/\/insurancecorp.com.br\/pt\/2026\/04\/29\/nilton-molina-comemora-seus-90-anos\/#webpage\",\"url\":\"https:\/\/insurancecorp.com.br\/pt\/2026\/04\/29\/nilton-molina-comemora-seus-90-anos\/\",\"name\":\"Nilton Molina comemora seus 90 anos | Revista Insurance Corp | PT-BR\",\"isPartOf\":{\"@id\":\"https:\/\/insurancecorp.com.br\/pt\/#website\"},\"primaryImageOfPage\":{\"@id\":\"https:\/\/insurancecorp.com.br\/pt\/2026\/04\/29\/nilton-molina-comemora-seus-90-anos\/#primaryimage\"},\"datePublished\":\"2026-04-29T14:10:29+00:00\",\"dateModified\":\"2026-04-29T14:10:29+00:00\",\"inLanguage\":\"pt-BR\",\"potentialAction\":[{\"@type\":\"ReadAction\",\"target\":[\"https:\/\/insurancecorp.com.br\/pt\/2026\/04\/29\/nilton-molina-comemora-seus-90-anos\/\"]}]},{\"@type\":\"Article\",\"@id\":\"https:\/\/insurancecorp.com.br\/pt\/2026\/04\/29\/nilton-molina-comemora-seus-90-anos\/#article\",\"isPartOf\":{\"@id\":\"https:\/\/insurancecorp.com.br\/pt\/2026\/04\/29\/nilton-molina-comemora-seus-90-anos\/#webpage\"},\"author\":{\"@id\":\"https:\/\/insurancecorp.com.br\/pt\/#\/schema\/person\/1b69c8cf325f0b7167f1b171f52df4af\"},\"headline\":\"Nilton Molina comemora seus 90 anos\",\"datePublished\":\"2026-04-29T14:10:29+00:00\",\"dateModified\":\"2026-04-29T14:10:29+00:00\",\"mainEntityOfPage\":{\"@id\":\"https:\/\/insurancecorp.com.br\/pt\/2026\/04\/29\/nilton-molina-comemora-seus-90-anos\/#webpage\"},\"commentCount\":0,\"publisher\":{\"@id\":\"https:\/\/insurancecorp.com.br\/pt\/#organization\"},\"image\":{\"@id\":\"https:\/\/insurancecorp.com.br\/pt\/2026\/04\/29\/nilton-molina-comemora-seus-90-anos\/#primaryimage\"},\"keywords\":\"90 anos,comemora,Molina,Nilton\",\"articleSection\":\"MAG\",\"inLanguage\":\"pt-BR\",\"potentialAction\":[{\"@type\":\"CommentAction\",\"name\":\"Comment\",\"target\":[\"https:\/\/insurancecorp.com.br\/pt\/2026\/04\/29\/nilton-molina-comemora-seus-90-anos\/#respond\"]}]},{\"@type\":\"Person\",\"@id\":\"https:\/\/insurancecorp.com.br\/pt\/#\/schema\/person\/1b69c8cf325f0b7167f1b171f52df4af\",\"name\":\"Publica\\u00e7\\u00e3o\",\"image\":{\"@type\":\"ImageObject\",\"@id\":\"https:\/\/insurancecorp.com.br\/pt\/#personlogo\",\"inLanguage\":\"pt-BR\",\"url\":\"https:\/\/secure.gravatar.com\/avatar\/17226f1f60486eb25d4c6b301ffed37f?s=96&d=mm&r=g\",\"caption\":\"Publica\\u00e7\\u00e3o\"}}]}<\/script>\n<!-- \/ Yoast SEO plugin. -->","_links":{"self":[{"href":"https:\/\/insurancecorp.com.br\/pt\/wp-json\/wp\/v2\/posts\/79131"}],"collection":[{"href":"https:\/\/insurancecorp.com.br\/pt\/wp-json\/wp\/v2\/posts"}],"about":[{"href":"https:\/\/insurancecorp.com.br\/pt\/wp-json\/wp\/v2\/types\/post"}],"author":[{"embeddable":true,"href":"https:\/\/insurancecorp.com.br\/pt\/wp-json\/wp\/v2\/users\/2"}],"replies":[{"embeddable":true,"href":"https:\/\/insurancecorp.com.br\/pt\/wp-json\/wp\/v2\/comments?post=79131"}],"version-history":[{"count":2,"href":"https:\/\/insurancecorp.com.br\/pt\/wp-json\/wp\/v2\/posts\/79131\/revisions"}],"predecessor-version":[{"id":79134,"href":"https:\/\/insurancecorp.com.br\/pt\/wp-json\/wp\/v2\/posts\/79131\/revisions\/79134"}],"wp:featuredmedia":[{"embeddable":true,"href":"https:\/\/insurancecorp.com.br\/pt\/wp-json\/wp\/v2\/media\/79132"}],"wp:attachment":[{"href":"https:\/\/insurancecorp.com.br\/pt\/wp-json\/wp\/v2\/media?parent=79131"}],"wp:term":[{"taxonomy":"category","embeddable":true,"href":"https:\/\/insurancecorp.com.br\/pt\/wp-json\/wp\/v2\/categories?post=79131"},{"taxonomy":"post_tag","embeddable":true,"href":"https:\/\/insurancecorp.com.br\/pt\/wp-json\/wp\/v2\/tags?post=79131"}],"curies":[{"name":"wp","href":"https:\/\/api.w.org\/{rel}","templated":true}]}}