{"id":79129,"date":"2026-04-29T10:59:17","date_gmt":"2026-04-29T13:59:17","guid":{"rendered":"https:\/\/insurancecorp.com.br\/pt\/?p=79129"},"modified":"2026-04-29T10:59:17","modified_gmt":"2026-04-29T13:59:17","slug":"bradesco-seguros-forma-corretores-para-nova-era-do-mercado","status":"publish","type":"post","link":"https:\/\/insurancecorp.com.br\/pt\/2026\/04\/29\/bradesco-seguros-forma-corretores-para-nova-era-do-mercado\/","title":{"rendered":"Bradesco Seguros forma corretores para nova era do mercado"},"content":{"rendered":"<p align=\"justify\">A Academia de Vendas, iniciativa da Universeg, o setor respons\u00e1vel pela capacita\u00e7\u00e3o do Grupo Bradesco Seguros, concluiu a forma\u00e7\u00e3o de 04 turmas de corretores que estar\u00e3o ainda mais preparados para os desafios do mercado contempor\u00e2neo, considerando um cen\u00e1rio de profundas transforma\u00e7\u00f5es no comportamento do consumidor e o avan\u00e7o acelerado da intelig\u00eancia artificial.<\/p>\n<p align=\"justify\">Ao longo de 15 encontros e mais de 80 horas de conte\u00fado, cerca de 150 corretores do grupo segurador participaram de uma jornada estruturada para desenvolver compet\u00eancias essenciais que v\u00e3o al\u00e9m da venda tradicional, com foco em vendas consultivas, estrat\u00e9gia comercial e intelig\u00eancia de mercado.<\/p>\n<p align=\"justify\">O programa contou com a participa\u00e7\u00e3o de institui\u00e7\u00f5es de refer\u00eancia, como o IBMEC e a Funda\u00e7\u00e3o Instituto de Administra\u00e7\u00e3o (FIA), al\u00e9m de palestrantes renomados, refor\u00e7ando o compromisso com a excel\u00eancia e a forma\u00e7\u00e3o de alto n\u00edvel.<\/p>\n<p align=\"justify\">Um dos encerramentos da jornada contou com a presen\u00e7a do Diretor Comercial da Bradesco Seguros, Leonardo Freitas, e do Superintendente S\u00eanior, Luiz Carlos Gomes. Freitas destacou o papel estrat\u00e9gico do corretor neste novo contexto de mercado. \u201cO mundo mudou, e mudou r\u00e1pido. A informa\u00e7\u00e3o deixou de ser diferencial. Hoje, o que distingue o corretor \u00e9 a capacidade de transformar conhecimento em a\u00e7\u00e3o, e a\u00e7\u00e3o em valor para o cliente. Essa jornada foi sobre isso: preparar profissionais para interpretar, orientar e liderar decis\u00f5es em um mercado cada vez mais complexo. Porque, no fim do dia, n\u00e3o \u00e9 sobre vender mais. \u00c9 sobre ser mais relevante.\u201d<\/p>\n<p align=\"justify\">Para Anderson Mundim, superintendente s\u00eanior de Neg\u00f3cios da Bradesco Vida e Previd\u00eancia, o contexto atual demanda um corretor cada vez mais qualificado e com vis\u00e3o de neg\u00f3cio. &#8220;A Academia de Vendas oferece uma forma\u00e7\u00e3o consistente e alinhada \u00e0s compet\u00eancias que o mercado passou a exigir. Essa iniciativa refor\u00e7a nosso compromisso com o desenvolvimento dos profissionais do setor e com o fortalecimento de uma atua\u00e7\u00e3o mais consultiva e estrat\u00e9gica\u201d, observa.<\/p>\n<p align=\"justify\">Para C\u00e9sar Werner, Superintendente Regional da Bradesco Sa\u00fade, a iniciativa contribui para que o corretor possa se diferenciar e aproveitar as oportunidades de mercado. \u201cA capacita\u00e7\u00e3o vem se tornando cada vez mais um pilar estrat\u00e9gico para que os corretores possam atender com excel\u00eancia, identificar as necessidades do cliente e apresentar a melhor solu\u00e7\u00e3o de prote\u00e7\u00e3o. A Academia de Vendas traduz a evolu\u00e7\u00e3o cont\u00ednua da capacita\u00e7\u00e3o do Grupo Bradesco Seguros, desenvolvida de forma din\u00e2mica, alinhada \u00e0s constantes transforma\u00e7\u00f5es do mercado e com institui\u00e7\u00f5es de ensino de ponta ao nosso lado.\u201d<\/p>\n<p align=\"justify\">As cerim\u00f4nias de encerramento marcaram a entrega dos certificados, evidenciando n\u00e3o apenas a conclus\u00e3o de uma jornada de aprendizado, mas o in\u00edcio de uma nova etapa na atua\u00e7\u00e3o desses participantes.<\/p>\n<p align=\"justify\"><strong>Edelman<\/strong><\/p>\n","protected":false},"excerpt":{"rendered":"<p>A Academia de Vendas, iniciativa da Universeg, o setor respons\u00e1vel pela capacita\u00e7\u00e3o do Grupo Bradesco Seguros, concluiu a forma\u00e7\u00e3o de 04 turmas de corretores que estar\u00e3o ainda mais preparados para os desafios do mercado contempor\u00e2neo, considerando um cen\u00e1rio de profundas transforma\u00e7\u00f5es no comportamento do consumidor e o avan\u00e7o acelerado da intelig\u00eancia artificial. Ao longo de [&hellip;]<\/p>\n","protected":false},"author":2,"featured_media":72182,"comment_status":"open","ping_status":"open","sticky":false,"template":"","format":"standard","meta":[],"categories":[413],"tags":[7052,2295,6555,4445,13923,581],"jetpack_featured_media_url":"https:\/\/insurancecorp.com.br\/pt\/wp-content\/uploads\/2025\/09\/bradesco-e1768934441152.png","yoast_head":"<!-- This site is optimized with the Yoast SEO plugin v14.8 - https:\/\/yoast.com\/wordpress\/plugins\/seo\/ -->\n<title>Bradesco Seguros forma corretores para nova era do mercado | Revista Insurance Corp | PT-BR<\/title>\n<meta name=\"robots\" content=\"index, follow\" \/>\n<meta name=\"googlebot\" content=\"index, follow, max-snippet:-1, max-image-preview:large, max-video-preview:-1\" \/>\n<meta name=\"bingbot\" content=\"index, follow, max-snippet:-1, max-image-preview:large, max-video-preview:-1\" \/>\n<link rel=\"canonical\" href=\"https:\/\/insurancecorp.com.br\/pt\/2026\/04\/29\/bradesco-seguros-forma-corretores-para-nova-era-do-mercado\/\" \/>\n<meta property=\"og:locale\" content=\"pt_BR\" \/>\n<meta property=\"og:type\" content=\"article\" \/>\n<meta property=\"og:title\" content=\"Bradesco Seguros forma corretores para nova era do mercado | Revista Insurance Corp | PT-BR\" \/>\n<meta property=\"og:description\" content=\"A Academia de Vendas, iniciativa da Universeg, o setor respons\u00e1vel pela capacita\u00e7\u00e3o do Grupo Bradesco Seguros, concluiu a forma\u00e7\u00e3o de 04 turmas de corretores que estar\u00e3o ainda mais preparados para os desafios do mercado contempor\u00e2neo, considerando um cen\u00e1rio de profundas transforma\u00e7\u00f5es no comportamento do consumidor e o avan\u00e7o acelerado da intelig\u00eancia artificial. Ao longo de [&hellip;]\" \/>\n<meta property=\"og:url\" content=\"https:\/\/insurancecorp.com.br\/pt\/2026\/04\/29\/bradesco-seguros-forma-corretores-para-nova-era-do-mercado\/\" \/>\n<meta property=\"og:site_name\" content=\"Revista Insurance Corp | PT-BR\" \/>\n<meta property=\"article:publisher\" content=\"https:\/\/www.facebook.com\/RevistaInsuranceCorp\/\" \/>\n<meta property=\"article:published_time\" content=\"2026-04-29T13:59:17+00:00\" \/>\n<meta property=\"og:image\" content=\"https:\/\/insurancecorp.com.br\/pt\/wp-content\/uploads\/2025\/09\/bradesco-e1768934441152.png\" \/>\n\t<meta property=\"og:image:width\" content=\"1800\" \/>\n\t<meta property=\"og:image:height\" content=\"782\" \/>\n<meta name=\"twitter:card\" content=\"summary\" \/>\n<script type=\"application\/ld+json\" class=\"yoast-schema-graph\">{\"@context\":\"https:\/\/schema.org\",\"@graph\":[{\"@type\":\"Organization\",\"@id\":\"https:\/\/insurancecorp.com.br\/pt\/#organization\",\"name\":\"Revista Insurance Corp\",\"url\":\"https:\/\/insurancecorp.com.br\/pt\/\",\"sameAs\":[\"https:\/\/www.facebook.com\/RevistaInsuranceCorp\/\"],\"logo\":{\"@type\":\"ImageObject\",\"@id\":\"https:\/\/insurancecorp.com.br\/pt\/#logo\",\"inLanguage\":\"pt-BR\",\"url\":\"\",\"caption\":\"Revista Insurance Corp\"},\"image\":{\"@id\":\"https:\/\/insurancecorp.com.br\/pt\/#logo\"}},{\"@type\":\"WebSite\",\"@id\":\"https:\/\/insurancecorp.com.br\/pt\/#website\",\"url\":\"https:\/\/insurancecorp.com.br\/pt\/\",\"name\":\"Revista Insurance Corp | PT-BR\",\"description\":\"A \\u00fanica revista bil\\u00edngue voltada ao mercado de seguro.\",\"publisher\":{\"@id\":\"https:\/\/insurancecorp.com.br\/pt\/#organization\"},\"potentialAction\":[{\"@type\":\"SearchAction\",\"target\":\"https:\/\/insurancecorp.com.br\/pt\/?s={search_term_string}\",\"query-input\":\"required name=search_term_string\"}],\"inLanguage\":\"pt-BR\"},{\"@type\":\"ImageObject\",\"@id\":\"https:\/\/insurancecorp.com.br\/pt\/2026\/04\/29\/bradesco-seguros-forma-corretores-para-nova-era-do-mercado\/#primaryimage\",\"inLanguage\":\"pt-BR\",\"url\":\"https:\/\/insurancecorp.com.br\/pt\/wp-content\/uploads\/2025\/09\/bradesco-e1768934441152.png\",\"width\":1800,\"height\":782},{\"@type\":\"WebPage\",\"@id\":\"https:\/\/insurancecorp.com.br\/pt\/2026\/04\/29\/bradesco-seguros-forma-corretores-para-nova-era-do-mercado\/#webpage\",\"url\":\"https:\/\/insurancecorp.com.br\/pt\/2026\/04\/29\/bradesco-seguros-forma-corretores-para-nova-era-do-mercado\/\",\"name\":\"Bradesco Seguros forma corretores para nova era do mercado | Revista Insurance Corp | PT-BR\",\"isPartOf\":{\"@id\":\"https:\/\/insurancecorp.com.br\/pt\/#website\"},\"primaryImageOfPage\":{\"@id\":\"https:\/\/insurancecorp.com.br\/pt\/2026\/04\/29\/bradesco-seguros-forma-corretores-para-nova-era-do-mercado\/#primaryimage\"},\"datePublished\":\"2026-04-29T13:59:17+00:00\",\"dateModified\":\"2026-04-29T13:59:17+00:00\",\"inLanguage\":\"pt-BR\",\"potentialAction\":[{\"@type\":\"ReadAction\",\"target\":[\"https:\/\/insurancecorp.com.br\/pt\/2026\/04\/29\/bradesco-seguros-forma-corretores-para-nova-era-do-mercado\/\"]}]},{\"@type\":\"Article\",\"@id\":\"https:\/\/insurancecorp.com.br\/pt\/2026\/04\/29\/bradesco-seguros-forma-corretores-para-nova-era-do-mercado\/#article\",\"isPartOf\":{\"@id\":\"https:\/\/insurancecorp.com.br\/pt\/2026\/04\/29\/bradesco-seguros-forma-corretores-para-nova-era-do-mercado\/#webpage\"},\"author\":{\"@id\":\"https:\/\/insurancecorp.com.br\/pt\/#\/schema\/person\/1b69c8cf325f0b7167f1b171f52df4af\"},\"headline\":\"Bradesco Seguros forma corretores para nova era do mercado\",\"datePublished\":\"2026-04-29T13:59:17+00:00\",\"dateModified\":\"2026-04-29T13:59:17+00:00\",\"mainEntityOfPage\":{\"@id\":\"https:\/\/insurancecorp.com.br\/pt\/2026\/04\/29\/bradesco-seguros-forma-corretores-para-nova-era-do-mercado\/#webpage\"},\"commentCount\":0,\"publisher\":{\"@id\":\"https:\/\/insurancecorp.com.br\/pt\/#organization\"},\"image\":{\"@id\":\"https:\/\/insurancecorp.com.br\/pt\/2026\/04\/29\/bradesco-seguros-forma-corretores-para-nova-era-do-mercado\/#primaryimage\"},\"keywords\":\"Bradesco,corretores,forma,mercado,nova era,seguros\",\"articleSection\":\"Bradesco Seguros\",\"inLanguage\":\"pt-BR\",\"potentialAction\":[{\"@type\":\"CommentAction\",\"name\":\"Comment\",\"target\":[\"https:\/\/insurancecorp.com.br\/pt\/2026\/04\/29\/bradesco-seguros-forma-corretores-para-nova-era-do-mercado\/#respond\"]}]},{\"@type\":\"Person\",\"@id\":\"https:\/\/insurancecorp.com.br\/pt\/#\/schema\/person\/1b69c8cf325f0b7167f1b171f52df4af\",\"name\":\"Publica\\u00e7\\u00e3o\",\"image\":{\"@type\":\"ImageObject\",\"@id\":\"https:\/\/insurancecorp.com.br\/pt\/#personlogo\",\"inLanguage\":\"pt-BR\",\"url\":\"https:\/\/secure.gravatar.com\/avatar\/17226f1f60486eb25d4c6b301ffed37f?s=96&d=mm&r=g\",\"caption\":\"Publica\\u00e7\\u00e3o\"}}]}<\/script>\n<!-- \/ Yoast SEO plugin. -->","_links":{"self":[{"href":"https:\/\/insurancecorp.com.br\/pt\/wp-json\/wp\/v2\/posts\/79129"}],"collection":[{"href":"https:\/\/insurancecorp.com.br\/pt\/wp-json\/wp\/v2\/posts"}],"about":[{"href":"https:\/\/insurancecorp.com.br\/pt\/wp-json\/wp\/v2\/types\/post"}],"author":[{"embeddable":true,"href":"https:\/\/insurancecorp.com.br\/pt\/wp-json\/wp\/v2\/users\/2"}],"replies":[{"embeddable":true,"href":"https:\/\/insurancecorp.com.br\/pt\/wp-json\/wp\/v2\/comments?post=79129"}],"version-history":[{"count":1,"href":"https:\/\/insurancecorp.com.br\/pt\/wp-json\/wp\/v2\/posts\/79129\/revisions"}],"predecessor-version":[{"id":79130,"href":"https:\/\/insurancecorp.com.br\/pt\/wp-json\/wp\/v2\/posts\/79129\/revisions\/79130"}],"wp:featuredmedia":[{"embeddable":true,"href":"https:\/\/insurancecorp.com.br\/pt\/wp-json\/wp\/v2\/media\/72182"}],"wp:attachment":[{"href":"https:\/\/insurancecorp.com.br\/pt\/wp-json\/wp\/v2\/media?parent=79129"}],"wp:term":[{"taxonomy":"category","embeddable":true,"href":"https:\/\/insurancecorp.com.br\/pt\/wp-json\/wp\/v2\/categories?post=79129"},{"taxonomy":"post_tag","embeddable":true,"href":"https:\/\/insurancecorp.com.br\/pt\/wp-json\/wp\/v2\/tags?post=79129"}],"curies":[{"name":"wp","href":"https:\/\/api.w.org\/{rel}","templated":true}]}}