{"id":79127,"date":"2026-04-29T10:56:07","date_gmt":"2026-04-29T13:56:07","guid":{"rendered":"https:\/\/insurancecorp.com.br\/pt\/?p=79127"},"modified":"2026-04-29T10:56:07","modified_gmt":"2026-04-29T13:56:07","slug":"alta-nos-portos-gera-oportunidades-profissionais","status":"publish","type":"post","link":"https:\/\/insurancecorp.com.br\/pt\/2026\/04\/29\/alta-nos-portos-gera-oportunidades-profissionais\/","title":{"rendered":"Alta nos portos gera oportunidades profissionais"},"content":{"rendered":"<p align=\"justify\">Os portos brasileiros seguem em ritmo de crescimento, mesmo diante da redu\u00e7\u00e3o dos investimentos p\u00fablicos em infraestrutura ao longo da \u00faltima d\u00e9cada.\u00a0No ano passado, os aportes do setor p\u00fablico somaram R$ 45,1 bilh\u00f5es, enquanto os investimentos privados alcan\u00e7aram R$ 234,9 bilh\u00f5es, segundo dados divulgados pela CNN Brasil.<\/p>\n<p align=\"justify\">Ainda em\u00a02025, os portos movimentaram 1,4 bilh\u00e3o de toneladas de cargas, crescimento de 6,1% em rela\u00e7\u00e3o a 2024, quando o volume foi de 1,32 bilh\u00e3o de toneladas. Os dados s\u00e3o da Ag\u00eancia Nacional de Transportes Aquavi\u00e1rios (ANTAQ).<\/p>\n<h4>Profissional necess\u00e1rio<\/h4>\n<p align=\"justify\">O avan\u00e7o da atividade portu\u00e1ria amplia a demanda por profissionais especializados,\u00a0notadamente\u00a0em fun\u00e7\u00f5es ligadas\u00a0\u00e0 vistoria e avalia\u00e7\u00e3o de cargas.\u00a0Nesse contexto, ganha destaque a atua\u00e7\u00e3o dos comiss\u00e1rios de avarias, respons\u00e1veis por vistoriar mercadorias, bens e equipamentos que possam sofrer danos durante opera\u00e7\u00f5es de transporte e armazenagem.<\/p>\n<p align=\"justify\">S\u00e3o\u00a0esses profissionais\u00a0que\u00a0avaliam\u00a0sinistros relacionados aos\u00a0Seguros de\u00a0Transportes, desempenhando papel estrat\u00e9gico na prote\u00e7\u00e3o das cargas seguradas.\u00a0E,\u00a0para\u00a0formar essa m\u00e3o de obra\u00a0t\u00e3o necess\u00e1ria,\u00a0a Escola de Neg\u00f3cios e Seguros (ENS) ministra o\u00a0<a href=\"https:\/\/www.ens.edu.br\/qualificacoes\/habilitacao-de-comissario-de-avarias\" target=\"_blank\" rel=\"noopener noreferrer\">Curso para Habilita\u00e7\u00e3o de Comiss\u00e1rio de Avarias (CHCA),<\/a>\u00a0que est\u00e1 com inscri\u00e7\u00f5es abertas.<\/p>\n<p align=\"justify\">Ministrado\u00a0na modalidade on-line ao vivo, o\u00a0programa\u00a0prepara\u00a0alunos de todas as regi\u00f5es do Pa\u00eds\u00a0para atuar na vistoria de mercadorias e na an\u00e1lise de danos em opera\u00e7\u00f5es log\u00edsticas. Com dura\u00e7\u00e3o aproximada de cinco meses, o\u00a0curso\u00a0confere\u00a0aos\u00a0aprovados certificado\u00a0que permite obter o registro profissional junto \u00e0\u00a0<a href=\"https:\/\/fenseg.org.br\/\" target=\"_blank\" rel=\"noopener noreferrer\">Federa\u00e7\u00e3o Nacional de Seguros Gerais (FenSeg).<\/a><\/p>\n<h4>Inscri\u00e7\u00f5es at\u00e9\u00a0julho<\/h4>\n<p align=\"justify\">Com in\u00edcio previsto para 27 de julho,\u00a0a pr\u00f3xima turma do\u00a0<a href=\"https:\/\/www.ens.edu.br\/qualificacoes\/habilitacao-de-comissario-de-avarias\" target=\"_blank\" rel=\"noopener noreferrer\">CHCA<\/a>\u00a0segue com inscri\u00e7\u00f5es abertas at\u00e9 o dia 24 do mesmo m\u00eas. O investimento \u00e9 de R$ 4.168,00, com possibilidade de parcelamento em at\u00e9 seis vezes sem juros.<\/p>\n<p align=\"justify\">Mais\u00a0informa\u00e7\u00f5es\u00a0est\u00e3o dispon\u00edveis no\u00a0site da ENS ou pelo telefone 0800 025 3322\u00a0e\u00a0pelo e-mail\u00a0<a href=\"mailto:inscricao@ens.edu.br\" rel=\"noreferrer\">inscricao@ens.edu.br.<\/a><\/p>\n<p align=\"justify\"><strong>Comunica\u00e7\u00e3o ENS<\/strong><\/p>\n","protected":false},"excerpt":{"rendered":"<p>Os portos brasileiros seguem em ritmo de crescimento, mesmo diante da redu\u00e7\u00e3o dos investimentos p\u00fablicos em infraestrutura ao longo da \u00faltima d\u00e9cada.\u00a0No ano passado, os aportes do setor p\u00fablico somaram R$ 45,1 bilh\u00f5es, enquanto os investimentos privados alcan\u00e7aram R$ 234,9 bilh\u00f5es, segundo dados divulgados pela CNN Brasil. Ainda em\u00a02025, os portos movimentaram 1,4 bilh\u00e3o de [&hellip;]<\/p>\n","protected":false},"author":2,"featured_media":63822,"comment_status":"open","ping_status":"open","sticky":false,"template":"","format":"standard","meta":[],"categories":[348],"tags":[6419,13009,686,14907,6615],"jetpack_featured_media_url":"https:\/\/insurancecorp.com.br\/pt\/wp-content\/uploads\/2025\/02\/Design-sem-nome-26-scaled.jpg","yoast_head":"<!-- This site is optimized with the Yoast SEO plugin v14.8 - https:\/\/yoast.com\/wordpress\/plugins\/seo\/ -->\n<title>Alta nos portos gera oportunidades profissionais | Revista Insurance Corp | PT-BR<\/title>\n<meta name=\"robots\" content=\"index, follow\" \/>\n<meta name=\"googlebot\" content=\"index, follow, max-snippet:-1, max-image-preview:large, max-video-preview:-1\" \/>\n<meta name=\"bingbot\" content=\"index, follow, max-snippet:-1, max-image-preview:large, max-video-preview:-1\" \/>\n<link rel=\"canonical\" href=\"https:\/\/insurancecorp.com.br\/pt\/2026\/04\/29\/alta-nos-portos-gera-oportunidades-profissionais\/\" \/>\n<meta property=\"og:locale\" content=\"pt_BR\" \/>\n<meta property=\"og:type\" content=\"article\" \/>\n<meta property=\"og:title\" content=\"Alta nos portos gera oportunidades profissionais | Revista Insurance Corp | PT-BR\" \/>\n<meta property=\"og:description\" content=\"Os portos brasileiros seguem em ritmo de crescimento, mesmo diante da redu\u00e7\u00e3o dos investimentos p\u00fablicos em infraestrutura ao longo da \u00faltima d\u00e9cada.\u00a0No ano passado, os aportes do setor p\u00fablico somaram R$ 45,1 bilh\u00f5es, enquanto os investimentos privados alcan\u00e7aram R$ 234,9 bilh\u00f5es, segundo dados divulgados pela CNN Brasil. Ainda em\u00a02025, os portos movimentaram 1,4 bilh\u00e3o de [&hellip;]\" \/>\n<meta property=\"og:url\" content=\"https:\/\/insurancecorp.com.br\/pt\/2026\/04\/29\/alta-nos-portos-gera-oportunidades-profissionais\/\" \/>\n<meta property=\"og:site_name\" content=\"Revista Insurance Corp | PT-BR\" \/>\n<meta property=\"article:publisher\" content=\"https:\/\/www.facebook.com\/RevistaInsuranceCorp\/\" \/>\n<meta property=\"article:published_time\" content=\"2026-04-29T13:56:07+00:00\" \/>\n<meta property=\"og:image\" content=\"https:\/\/insurancecorp.com.br\/pt\/wp-content\/uploads\/2025\/02\/Design-sem-nome-26-scaled.jpg\" \/>\n\t<meta property=\"og:image:width\" content=\"2560\" \/>\n\t<meta property=\"og:image:height\" content=\"1280\" \/>\n<meta name=\"twitter:card\" content=\"summary\" \/>\n<script type=\"application\/ld+json\" class=\"yoast-schema-graph\">{\"@context\":\"https:\/\/schema.org\",\"@graph\":[{\"@type\":\"Organization\",\"@id\":\"https:\/\/insurancecorp.com.br\/pt\/#organization\",\"name\":\"Revista Insurance Corp\",\"url\":\"https:\/\/insurancecorp.com.br\/pt\/\",\"sameAs\":[\"https:\/\/www.facebook.com\/RevistaInsuranceCorp\/\"],\"logo\":{\"@type\":\"ImageObject\",\"@id\":\"https:\/\/insurancecorp.com.br\/pt\/#logo\",\"inLanguage\":\"pt-BR\",\"url\":\"\",\"caption\":\"Revista Insurance Corp\"},\"image\":{\"@id\":\"https:\/\/insurancecorp.com.br\/pt\/#logo\"}},{\"@type\":\"WebSite\",\"@id\":\"https:\/\/insurancecorp.com.br\/pt\/#website\",\"url\":\"https:\/\/insurancecorp.com.br\/pt\/\",\"name\":\"Revista Insurance Corp | PT-BR\",\"description\":\"A \\u00fanica revista bil\\u00edngue voltada ao mercado de seguro.\",\"publisher\":{\"@id\":\"https:\/\/insurancecorp.com.br\/pt\/#organization\"},\"potentialAction\":[{\"@type\":\"SearchAction\",\"target\":\"https:\/\/insurancecorp.com.br\/pt\/?s={search_term_string}\",\"query-input\":\"required name=search_term_string\"}],\"inLanguage\":\"pt-BR\"},{\"@type\":\"ImageObject\",\"@id\":\"https:\/\/insurancecorp.com.br\/pt\/2026\/04\/29\/alta-nos-portos-gera-oportunidades-profissionais\/#primaryimage\",\"inLanguage\":\"pt-BR\",\"url\":\"https:\/\/insurancecorp.com.br\/pt\/wp-content\/uploads\/2025\/02\/Design-sem-nome-26-scaled.jpg\",\"width\":2560,\"height\":1280},{\"@type\":\"WebPage\",\"@id\":\"https:\/\/insurancecorp.com.br\/pt\/2026\/04\/29\/alta-nos-portos-gera-oportunidades-profissionais\/#webpage\",\"url\":\"https:\/\/insurancecorp.com.br\/pt\/2026\/04\/29\/alta-nos-portos-gera-oportunidades-profissionais\/\",\"name\":\"Alta nos portos gera oportunidades profissionais | Revista Insurance Corp | PT-BR\",\"isPartOf\":{\"@id\":\"https:\/\/insurancecorp.com.br\/pt\/#website\"},\"primaryImageOfPage\":{\"@id\":\"https:\/\/insurancecorp.com.br\/pt\/2026\/04\/29\/alta-nos-portos-gera-oportunidades-profissionais\/#primaryimage\"},\"datePublished\":\"2026-04-29T13:56:07+00:00\",\"dateModified\":\"2026-04-29T13:56:07+00:00\",\"inLanguage\":\"pt-BR\",\"potentialAction\":[{\"@type\":\"ReadAction\",\"target\":[\"https:\/\/insurancecorp.com.br\/pt\/2026\/04\/29\/alta-nos-portos-gera-oportunidades-profissionais\/\"]}]},{\"@type\":\"Article\",\"@id\":\"https:\/\/insurancecorp.com.br\/pt\/2026\/04\/29\/alta-nos-portos-gera-oportunidades-profissionais\/#article\",\"isPartOf\":{\"@id\":\"https:\/\/insurancecorp.com.br\/pt\/2026\/04\/29\/alta-nos-portos-gera-oportunidades-profissionais\/#webpage\"},\"author\":{\"@id\":\"https:\/\/insurancecorp.com.br\/pt\/#\/schema\/person\/1b69c8cf325f0b7167f1b171f52df4af\"},\"headline\":\"Alta nos portos gera oportunidades profissionais\",\"datePublished\":\"2026-04-29T13:56:07+00:00\",\"dateModified\":\"2026-04-29T13:56:07+00:00\",\"mainEntityOfPage\":{\"@id\":\"https:\/\/insurancecorp.com.br\/pt\/2026\/04\/29\/alta-nos-portos-gera-oportunidades-profissionais\/#webpage\"},\"commentCount\":0,\"publisher\":{\"@id\":\"https:\/\/insurancecorp.com.br\/pt\/#organization\"},\"image\":{\"@id\":\"https:\/\/insurancecorp.com.br\/pt\/2026\/04\/29\/alta-nos-portos-gera-oportunidades-profissionais\/#primaryimage\"},\"keywords\":\"alta,gera,oportunidades,portos,profissionais\",\"articleSection\":\"Escola de Neg\\u00f3cios e Seguros\",\"inLanguage\":\"pt-BR\",\"potentialAction\":[{\"@type\":\"CommentAction\",\"name\":\"Comment\",\"target\":[\"https:\/\/insurancecorp.com.br\/pt\/2026\/04\/29\/alta-nos-portos-gera-oportunidades-profissionais\/#respond\"]}]},{\"@type\":\"Person\",\"@id\":\"https:\/\/insurancecorp.com.br\/pt\/#\/schema\/person\/1b69c8cf325f0b7167f1b171f52df4af\",\"name\":\"Publica\\u00e7\\u00e3o\",\"image\":{\"@type\":\"ImageObject\",\"@id\":\"https:\/\/insurancecorp.com.br\/pt\/#personlogo\",\"inLanguage\":\"pt-BR\",\"url\":\"https:\/\/secure.gravatar.com\/avatar\/17226f1f60486eb25d4c6b301ffed37f?s=96&d=mm&r=g\",\"caption\":\"Publica\\u00e7\\u00e3o\"}}]}<\/script>\n<!-- \/ Yoast SEO plugin. -->","_links":{"self":[{"href":"https:\/\/insurancecorp.com.br\/pt\/wp-json\/wp\/v2\/posts\/79127"}],"collection":[{"href":"https:\/\/insurancecorp.com.br\/pt\/wp-json\/wp\/v2\/posts"}],"about":[{"href":"https:\/\/insurancecorp.com.br\/pt\/wp-json\/wp\/v2\/types\/post"}],"author":[{"embeddable":true,"href":"https:\/\/insurancecorp.com.br\/pt\/wp-json\/wp\/v2\/users\/2"}],"replies":[{"embeddable":true,"href":"https:\/\/insurancecorp.com.br\/pt\/wp-json\/wp\/v2\/comments?post=79127"}],"version-history":[{"count":1,"href":"https:\/\/insurancecorp.com.br\/pt\/wp-json\/wp\/v2\/posts\/79127\/revisions"}],"predecessor-version":[{"id":79128,"href":"https:\/\/insurancecorp.com.br\/pt\/wp-json\/wp\/v2\/posts\/79127\/revisions\/79128"}],"wp:featuredmedia":[{"embeddable":true,"href":"https:\/\/insurancecorp.com.br\/pt\/wp-json\/wp\/v2\/media\/63822"}],"wp:attachment":[{"href":"https:\/\/insurancecorp.com.br\/pt\/wp-json\/wp\/v2\/media?parent=79127"}],"wp:term":[{"taxonomy":"category","embeddable":true,"href":"https:\/\/insurancecorp.com.br\/pt\/wp-json\/wp\/v2\/categories?post=79127"},{"taxonomy":"post_tag","embeddable":true,"href":"https:\/\/insurancecorp.com.br\/pt\/wp-json\/wp\/v2\/tags?post=79127"}],"curies":[{"name":"wp","href":"https:\/\/api.w.org\/{rel}","templated":true}]}}