{"id":79121,"date":"2026-04-29T10:51:52","date_gmt":"2026-04-29T13:51:52","guid":{"rendered":"https:\/\/insurancecorp.com.br\/pt\/?p=79121"},"modified":"2026-04-29T10:51:52","modified_gmt":"2026-04-29T13:51:52","slug":"sindsegnne-prepara-corretores-para-nova-era-do-mercado","status":"publish","type":"post","link":"https:\/\/insurancecorp.com.br\/pt\/2026\/04\/29\/sindsegnne-prepara-corretores-para-nova-era-do-mercado\/","title":{"rendered":"Sindsegnne prepara corretores para nova era do mercado"},"content":{"rendered":"<p align=\"justify\">O Sindicato das Seguradoras Norte e Nordeste lan\u00e7ou a segunda edi\u00e7\u00e3o do Programa de Desenvolvimento de Compet\u00eancias \u2013 PDMS na Pr\u00e1tica, iniciativa gratuita voltada \u00e0 capacita\u00e7\u00e3o de profissionais do mercado de seguros. Mais do que oferecer qualifica\u00e7\u00e3o t\u00e9cnica, o programa prop\u00f5e uma jornada de transforma\u00e7\u00e3o profissional e pessoal para os participantes.<\/p>\n<p align=\"justify\">Com in\u00edcio em 20 de maio e t\u00e9rmino em 10 de junho, o curso ser\u00e1 realizado de forma 100% online, com encontros \u00e0s quartas-feiras, das 17h30 \u00e0s 19h. Ao todo, ser\u00e3o quatro aulas focadas no desenvolvimento de compet\u00eancias consideradas essenciais para o setor, abordando temas como intelig\u00eancia artificial aplicada ao mercado de seguros, lideran\u00e7a, marketing pessoal e uso estrat\u00e9gico das redes sociais, al\u00e9m de planejamento de vendas.<\/p>\n<p align=\"justify\">&#8220;Acreditamos que a evolu\u00e7\u00e3o do mercado come\u00e7a na evolu\u00e7\u00e3o das pessoas. Um corretor bem treinado e atualizado n\u00e3o apenas entende de produtos, mas \u00e9 capaz de ouvir, orientar e propor solu\u00e7\u00f5es alinhadas \u00e0s necessidades do cliente&#8221;, afirma Emerita Lyra, diretora executiva do Sindsegnne.<\/p>\n<p align=\"justify\">O p\u00fablico-alvo desta edi\u00e7\u00e3o s\u00e3o corretores associados aos Sincors da \u00e1rea de atua\u00e7\u00e3o do Sindsegnne, desde que estejam com as mensalidades em dia. Os participantes que acompanharem pelo menos 75% das aulas receber\u00e3o certificado de conclus\u00e3o.<\/p>\n<p align=\"justify\">Como diferencial, o programa contar\u00e1 ainda com quizzes interativos ao longo das aulas e premia\u00e7\u00e3o para os participantes que se destacarem no desempenho.<\/p>\n<p align=\"justify\">As inscri\u00e7\u00f5es s\u00e3o gratuitas e podem ser realizadas at\u00e9 15 de maio, ou at\u00e9 o preenchimento das vagas, que s\u00e3o limitadas. Os interessados devem se inscrever por meio do link: <a id=\"v1OWAfc38bf58-b2b8-8845-3025-de1d341ac70e\" class=\"v1x_OWAAutoLink\" href=\"https:\/\/shre.ink\/7ip1\" target=\"_blank\" rel=\"noopener noreferrer\"><u>https:\/\/shre.ink\/7ip1<\/u><\/a>.<\/p>\n<p align=\"justify\"><strong>VOZ Comunica\u00e7\u00e3o<\/strong><\/p>\n<p align=\"justify\"><strong>Foto:\u00a0<\/strong>Emerita Lyra, diretora executiva do Sindsegnne<\/p>\n","protected":false},"excerpt":{"rendered":"<p>O Sindicato das Seguradoras Norte e Nordeste lan\u00e7ou a segunda edi\u00e7\u00e3o do Programa de Desenvolvimento de Compet\u00eancias \u2013 PDMS na Pr\u00e1tica, iniciativa gratuita voltada \u00e0 capacita\u00e7\u00e3o de profissionais do mercado de seguros. Mais do que oferecer qualifica\u00e7\u00e3o t\u00e9cnica, o programa prop\u00f5e uma jornada de transforma\u00e7\u00e3o profissional e pessoal para os participantes. Com in\u00edcio em 20 [&hellip;]<\/p>\n","protected":false},"author":2,"featured_media":79124,"comment_status":"open","ping_status":"open","sticky":false,"template":"","format":"standard","meta":[],"categories":[3744],"tags":[2295,4445,13923,11487,3320],"jetpack_featured_media_url":"https:\/\/insurancecorp.com.br\/pt\/wp-content\/uploads\/2026\/04\/Design-sem-nome-86-e1777470661620.png","yoast_head":"<!-- This site is optimized with the Yoast SEO plugin v14.8 - https:\/\/yoast.com\/wordpress\/plugins\/seo\/ -->\n<title>Sindsegnne prepara corretores para nova era do mercado | Revista Insurance Corp | PT-BR<\/title>\n<meta name=\"robots\" content=\"index, follow\" \/>\n<meta name=\"googlebot\" content=\"index, follow, max-snippet:-1, max-image-preview:large, max-video-preview:-1\" \/>\n<meta name=\"bingbot\" content=\"index, follow, max-snippet:-1, max-image-preview:large, max-video-preview:-1\" \/>\n<link rel=\"canonical\" href=\"https:\/\/insurancecorp.com.br\/pt\/2026\/04\/29\/sindsegnne-prepara-corretores-para-nova-era-do-mercado\/\" \/>\n<meta property=\"og:locale\" content=\"pt_BR\" \/>\n<meta property=\"og:type\" content=\"article\" \/>\n<meta property=\"og:title\" content=\"Sindsegnne prepara corretores para nova era do mercado | Revista Insurance Corp | PT-BR\" \/>\n<meta property=\"og:description\" content=\"O Sindicato das Seguradoras Norte e Nordeste lan\u00e7ou a segunda edi\u00e7\u00e3o do Programa de Desenvolvimento de Compet\u00eancias \u2013 PDMS na Pr\u00e1tica, iniciativa gratuita voltada \u00e0 capacita\u00e7\u00e3o de profissionais do mercado de seguros. Mais do que oferecer qualifica\u00e7\u00e3o t\u00e9cnica, o programa prop\u00f5e uma jornada de transforma\u00e7\u00e3o profissional e pessoal para os participantes. Com in\u00edcio em 20 [&hellip;]\" \/>\n<meta property=\"og:url\" content=\"https:\/\/insurancecorp.com.br\/pt\/2026\/04\/29\/sindsegnne-prepara-corretores-para-nova-era-do-mercado\/\" \/>\n<meta property=\"og:site_name\" content=\"Revista Insurance Corp | PT-BR\" \/>\n<meta property=\"article:publisher\" content=\"https:\/\/www.facebook.com\/RevistaInsuranceCorp\/\" \/>\n<meta property=\"article:published_time\" content=\"2026-04-29T13:51:52+00:00\" \/>\n<meta property=\"og:image\" content=\"https:\/\/insurancecorp.com.br\/pt\/wp-content\/uploads\/2026\/04\/Design-sem-nome-86-e1777470661620.png\" \/>\n\t<meta property=\"og:image:width\" content=\"1366\" \/>\n\t<meta property=\"og:image:height\" content=\"542\" \/>\n<meta name=\"twitter:card\" content=\"summary\" \/>\n<script type=\"application\/ld+json\" class=\"yoast-schema-graph\">{\"@context\":\"https:\/\/schema.org\",\"@graph\":[{\"@type\":\"Organization\",\"@id\":\"https:\/\/insurancecorp.com.br\/pt\/#organization\",\"name\":\"Revista Insurance Corp\",\"url\":\"https:\/\/insurancecorp.com.br\/pt\/\",\"sameAs\":[\"https:\/\/www.facebook.com\/RevistaInsuranceCorp\/\"],\"logo\":{\"@type\":\"ImageObject\",\"@id\":\"https:\/\/insurancecorp.com.br\/pt\/#logo\",\"inLanguage\":\"pt-BR\",\"url\":\"\",\"caption\":\"Revista Insurance Corp\"},\"image\":{\"@id\":\"https:\/\/insurancecorp.com.br\/pt\/#logo\"}},{\"@type\":\"WebSite\",\"@id\":\"https:\/\/insurancecorp.com.br\/pt\/#website\",\"url\":\"https:\/\/insurancecorp.com.br\/pt\/\",\"name\":\"Revista Insurance Corp | PT-BR\",\"description\":\"A \\u00fanica revista bil\\u00edngue voltada ao mercado de seguro.\",\"publisher\":{\"@id\":\"https:\/\/insurancecorp.com.br\/pt\/#organization\"},\"potentialAction\":[{\"@type\":\"SearchAction\",\"target\":\"https:\/\/insurancecorp.com.br\/pt\/?s={search_term_string}\",\"query-input\":\"required name=search_term_string\"}],\"inLanguage\":\"pt-BR\"},{\"@type\":\"ImageObject\",\"@id\":\"https:\/\/insurancecorp.com.br\/pt\/2026\/04\/29\/sindsegnne-prepara-corretores-para-nova-era-do-mercado\/#primaryimage\",\"inLanguage\":\"pt-BR\",\"url\":\"https:\/\/insurancecorp.com.br\/pt\/wp-content\/uploads\/2026\/04\/Design-sem-nome-86-e1777470661620.png\",\"width\":1366,\"height\":542},{\"@type\":\"WebPage\",\"@id\":\"https:\/\/insurancecorp.com.br\/pt\/2026\/04\/29\/sindsegnne-prepara-corretores-para-nova-era-do-mercado\/#webpage\",\"url\":\"https:\/\/insurancecorp.com.br\/pt\/2026\/04\/29\/sindsegnne-prepara-corretores-para-nova-era-do-mercado\/\",\"name\":\"Sindsegnne prepara corretores para nova era do mercado | Revista Insurance Corp | PT-BR\",\"isPartOf\":{\"@id\":\"https:\/\/insurancecorp.com.br\/pt\/#website\"},\"primaryImageOfPage\":{\"@id\":\"https:\/\/insurancecorp.com.br\/pt\/2026\/04\/29\/sindsegnne-prepara-corretores-para-nova-era-do-mercado\/#primaryimage\"},\"datePublished\":\"2026-04-29T13:51:52+00:00\",\"dateModified\":\"2026-04-29T13:51:52+00:00\",\"inLanguage\":\"pt-BR\",\"potentialAction\":[{\"@type\":\"ReadAction\",\"target\":[\"https:\/\/insurancecorp.com.br\/pt\/2026\/04\/29\/sindsegnne-prepara-corretores-para-nova-era-do-mercado\/\"]}]},{\"@type\":\"Article\",\"@id\":\"https:\/\/insurancecorp.com.br\/pt\/2026\/04\/29\/sindsegnne-prepara-corretores-para-nova-era-do-mercado\/#article\",\"isPartOf\":{\"@id\":\"https:\/\/insurancecorp.com.br\/pt\/2026\/04\/29\/sindsegnne-prepara-corretores-para-nova-era-do-mercado\/#webpage\"},\"author\":{\"@id\":\"https:\/\/insurancecorp.com.br\/pt\/#\/schema\/person\/1b69c8cf325f0b7167f1b171f52df4af\"},\"headline\":\"Sindsegnne prepara corretores para nova era do mercado\",\"datePublished\":\"2026-04-29T13:51:52+00:00\",\"dateModified\":\"2026-04-29T13:51:52+00:00\",\"mainEntityOfPage\":{\"@id\":\"https:\/\/insurancecorp.com.br\/pt\/2026\/04\/29\/sindsegnne-prepara-corretores-para-nova-era-do-mercado\/#webpage\"},\"commentCount\":0,\"publisher\":{\"@id\":\"https:\/\/insurancecorp.com.br\/pt\/#organization\"},\"image\":{\"@id\":\"https:\/\/insurancecorp.com.br\/pt\/2026\/04\/29\/sindsegnne-prepara-corretores-para-nova-era-do-mercado\/#primaryimage\"},\"keywords\":\"corretores,mercado,nova era,prepara,Sindsegnne\",\"articleSection\":\"Sindsegnne\",\"inLanguage\":\"pt-BR\",\"potentialAction\":[{\"@type\":\"CommentAction\",\"name\":\"Comment\",\"target\":[\"https:\/\/insurancecorp.com.br\/pt\/2026\/04\/29\/sindsegnne-prepara-corretores-para-nova-era-do-mercado\/#respond\"]}]},{\"@type\":\"Person\",\"@id\":\"https:\/\/insurancecorp.com.br\/pt\/#\/schema\/person\/1b69c8cf325f0b7167f1b171f52df4af\",\"name\":\"Publica\\u00e7\\u00e3o\",\"image\":{\"@type\":\"ImageObject\",\"@id\":\"https:\/\/insurancecorp.com.br\/pt\/#personlogo\",\"inLanguage\":\"pt-BR\",\"url\":\"https:\/\/secure.gravatar.com\/avatar\/17226f1f60486eb25d4c6b301ffed37f?s=96&d=mm&r=g\",\"caption\":\"Publica\\u00e7\\u00e3o\"}}]}<\/script>\n<!-- \/ Yoast SEO plugin. -->","_links":{"self":[{"href":"https:\/\/insurancecorp.com.br\/pt\/wp-json\/wp\/v2\/posts\/79121"}],"collection":[{"href":"https:\/\/insurancecorp.com.br\/pt\/wp-json\/wp\/v2\/posts"}],"about":[{"href":"https:\/\/insurancecorp.com.br\/pt\/wp-json\/wp\/v2\/types\/post"}],"author":[{"embeddable":true,"href":"https:\/\/insurancecorp.com.br\/pt\/wp-json\/wp\/v2\/users\/2"}],"replies":[{"embeddable":true,"href":"https:\/\/insurancecorp.com.br\/pt\/wp-json\/wp\/v2\/comments?post=79121"}],"version-history":[{"count":3,"href":"https:\/\/insurancecorp.com.br\/pt\/wp-json\/wp\/v2\/posts\/79121\/revisions"}],"predecessor-version":[{"id":79126,"href":"https:\/\/insurancecorp.com.br\/pt\/wp-json\/wp\/v2\/posts\/79121\/revisions\/79126"}],"wp:featuredmedia":[{"embeddable":true,"href":"https:\/\/insurancecorp.com.br\/pt\/wp-json\/wp\/v2\/media\/79124"}],"wp:attachment":[{"href":"https:\/\/insurancecorp.com.br\/pt\/wp-json\/wp\/v2\/media?parent=79121"}],"wp:term":[{"taxonomy":"category","embeddable":true,"href":"https:\/\/insurancecorp.com.br\/pt\/wp-json\/wp\/v2\/categories?post=79121"},{"taxonomy":"post_tag","embeddable":true,"href":"https:\/\/insurancecorp.com.br\/pt\/wp-json\/wp\/v2\/tags?post=79121"}],"curies":[{"name":"wp","href":"https:\/\/api.w.org\/{rel}","templated":true}]}}