{"id":79115,"date":"2026-04-28T16:52:40","date_gmt":"2026-04-28T19:52:40","guid":{"rendered":"https:\/\/insurancecorp.com.br\/pt\/?p=79115"},"modified":"2026-04-28T16:52:40","modified_gmt":"2026-04-28T19:52:40","slug":"susep-participa-de-conferencia-internacional-sobre-supervisao-de-seguros","status":"publish","type":"post","link":"https:\/\/insurancecorp.com.br\/pt\/2026\/04\/28\/susep-participa-de-conferencia-internacional-sobre-supervisao-de-seguros\/","title":{"rendered":"Susep participa de confer\u00eancia internacional sobre supervis\u00e3o de seguros"},"content":{"rendered":"<p align=\"justify\">A diretora da Superintend\u00eancia de Seguros Privados (Susep), Julia Normande Lins, participou, em abril, da\u00a0Confer\u00eancia de Alto N\u00edvel ASSAL-FSI-IAIS sobre Supervis\u00e3o de Seguros para a Am\u00e9rica Latina e o Caribe e XXXVII Assembleia Geral Ordin\u00e1riarealizadas na Costa Rica. O encontro foi promovido pela Associa\u00e7\u00e3o de Supervisores de Seguros da Am\u00e9rica Latina, em parceria com a International Association of Insurance Supervisors e o Financial Stability Institute.<\/p>\n<p align=\"justify\">A confer\u00eancia reuniu autoridades e especialistas de diferentes pa\u00edses para discutir temas centrais da agenda regulat\u00f3ria e de supervis\u00e3o, com destaque para riscos emergentes, inova\u00e7\u00e3o tecnol\u00f3gica, intelig\u00eancia artificial e desafios relacionados \u00e0s mudan\u00e7as clim\u00e1ticas.<\/p>\n<p align=\"justify\">Segundo Julia, o encontro refor\u00e7a a import\u00e2ncia do di\u00e1logo internacional diante das transforma\u00e7\u00f5es em curso no setor. A diretora destacou que a troca de experi\u00eancias entre supervisores contribui para o aprimoramento das abordagens regulat\u00f3rias e para o acompanhamento de tend\u00eancias que impactam diferentes mercados.<\/p>\n<p align=\"justify\">A participa\u00e7\u00e3o da Susep em encontros de pa\u00edses latinos contribui para o acompanhamento das discuss\u00f5es mais recentes no \u00e2mbito da supervis\u00e3o de seguros, al\u00e9m de favorecer o interc\u00e2mbio de experi\u00eancias e o di\u00e1logo entre economias afins.<\/p>\n<p align=\"justify\"><strong>Assessoria de Imprensa Susep<\/strong><\/p>\n","protected":false},"excerpt":{"rendered":"<p>A diretora da Superintend\u00eancia de Seguros Privados (Susep), Julia Normande Lins, participou, em abril, da\u00a0Confer\u00eancia de Alto N\u00edvel ASSAL-FSI-IAIS sobre Supervis\u00e3o de Seguros para a Am\u00e9rica Latina e o Caribe e XXXVII Assembleia Geral Ordin\u00e1riarealizadas na Costa Rica. O encontro foi promovido pela Associa\u00e7\u00e3o de Supervisores de Seguros da Am\u00e9rica Latina, em parceria com a [&hellip;]<\/p>\n","protected":false},"author":2,"featured_media":60219,"comment_status":"open","ping_status":"open","sticky":false,"template":"","format":"standard","meta":[],"categories":[74],"tags":[5991,8203,2891,581,14886,589],"jetpack_featured_media_url":"https:\/\/insurancecorp.com.br\/pt\/wp-content\/uploads\/2024\/10\/324324223-5-easy-resizecom-e1762277618965.jpg","yoast_head":"<!-- This site is optimized with the Yoast SEO plugin v14.8 - https:\/\/yoast.com\/wordpress\/plugins\/seo\/ -->\n<title>Susep participa de confer\u00eancia internacional sobre supervis\u00e3o de seguros | Revista Insurance Corp | PT-BR<\/title>\n<meta name=\"robots\" content=\"index, follow\" \/>\n<meta name=\"googlebot\" content=\"index, follow, max-snippet:-1, max-image-preview:large, max-video-preview:-1\" \/>\n<meta name=\"bingbot\" content=\"index, follow, max-snippet:-1, max-image-preview:large, max-video-preview:-1\" \/>\n<link rel=\"canonical\" href=\"https:\/\/insurancecorp.com.br\/pt\/2026\/04\/28\/susep-participa-de-conferencia-internacional-sobre-supervisao-de-seguros\/\" \/>\n<meta property=\"og:locale\" content=\"pt_BR\" \/>\n<meta property=\"og:type\" content=\"article\" \/>\n<meta property=\"og:title\" content=\"Susep participa de confer\u00eancia internacional sobre supervis\u00e3o de seguros | Revista Insurance Corp | PT-BR\" \/>\n<meta property=\"og:description\" content=\"A diretora da Superintend\u00eancia de Seguros Privados (Susep), Julia Normande Lins, participou, em abril, da\u00a0Confer\u00eancia de Alto N\u00edvel ASSAL-FSI-IAIS sobre Supervis\u00e3o de Seguros para a Am\u00e9rica Latina e o Caribe e XXXVII Assembleia Geral Ordin\u00e1riarealizadas na Costa Rica. O encontro foi promovido pela Associa\u00e7\u00e3o de Supervisores de Seguros da Am\u00e9rica Latina, em parceria com a [&hellip;]\" \/>\n<meta property=\"og:url\" content=\"https:\/\/insurancecorp.com.br\/pt\/2026\/04\/28\/susep-participa-de-conferencia-internacional-sobre-supervisao-de-seguros\/\" \/>\n<meta property=\"og:site_name\" content=\"Revista Insurance Corp | PT-BR\" \/>\n<meta property=\"article:publisher\" content=\"https:\/\/www.facebook.com\/RevistaInsuranceCorp\/\" \/>\n<meta property=\"article:published_time\" content=\"2026-04-28T19:52:40+00:00\" \/>\n<meta property=\"og:image\" content=\"https:\/\/insurancecorp.com.br\/pt\/wp-content\/uploads\/2024\/10\/324324223-5-easy-resizecom-e1762277618965.jpg\" \/>\n\t<meta property=\"og:image:width\" content=\"1280\" \/>\n\t<meta property=\"og:image:height\" content=\"672\" \/>\n<meta name=\"twitter:card\" content=\"summary\" \/>\n<script type=\"application\/ld+json\" class=\"yoast-schema-graph\">{\"@context\":\"https:\/\/schema.org\",\"@graph\":[{\"@type\":\"Organization\",\"@id\":\"https:\/\/insurancecorp.com.br\/pt\/#organization\",\"name\":\"Revista Insurance Corp\",\"url\":\"https:\/\/insurancecorp.com.br\/pt\/\",\"sameAs\":[\"https:\/\/www.facebook.com\/RevistaInsuranceCorp\/\"],\"logo\":{\"@type\":\"ImageObject\",\"@id\":\"https:\/\/insurancecorp.com.br\/pt\/#logo\",\"inLanguage\":\"pt-BR\",\"url\":\"\",\"caption\":\"Revista Insurance Corp\"},\"image\":{\"@id\":\"https:\/\/insurancecorp.com.br\/pt\/#logo\"}},{\"@type\":\"WebSite\",\"@id\":\"https:\/\/insurancecorp.com.br\/pt\/#website\",\"url\":\"https:\/\/insurancecorp.com.br\/pt\/\",\"name\":\"Revista Insurance Corp | PT-BR\",\"description\":\"A \\u00fanica revista bil\\u00edngue voltada ao mercado de seguro.\",\"publisher\":{\"@id\":\"https:\/\/insurancecorp.com.br\/pt\/#organization\"},\"potentialAction\":[{\"@type\":\"SearchAction\",\"target\":\"https:\/\/insurancecorp.com.br\/pt\/?s={search_term_string}\",\"query-input\":\"required name=search_term_string\"}],\"inLanguage\":\"pt-BR\"},{\"@type\":\"ImageObject\",\"@id\":\"https:\/\/insurancecorp.com.br\/pt\/2026\/04\/28\/susep-participa-de-conferencia-internacional-sobre-supervisao-de-seguros\/#primaryimage\",\"inLanguage\":\"pt-BR\",\"url\":\"https:\/\/insurancecorp.com.br\/pt\/wp-content\/uploads\/2024\/10\/324324223-5-easy-resizecom-e1762277618965.jpg\",\"width\":1280,\"height\":672},{\"@type\":\"WebPage\",\"@id\":\"https:\/\/insurancecorp.com.br\/pt\/2026\/04\/28\/susep-participa-de-conferencia-internacional-sobre-supervisao-de-seguros\/#webpage\",\"url\":\"https:\/\/insurancecorp.com.br\/pt\/2026\/04\/28\/susep-participa-de-conferencia-internacional-sobre-supervisao-de-seguros\/\",\"name\":\"Susep participa de confer\\u00eancia internacional sobre supervis\\u00e3o de seguros | Revista Insurance Corp | PT-BR\",\"isPartOf\":{\"@id\":\"https:\/\/insurancecorp.com.br\/pt\/#website\"},\"primaryImageOfPage\":{\"@id\":\"https:\/\/insurancecorp.com.br\/pt\/2026\/04\/28\/susep-participa-de-conferencia-internacional-sobre-supervisao-de-seguros\/#primaryimage\"},\"datePublished\":\"2026-04-28T19:52:40+00:00\",\"dateModified\":\"2026-04-28T19:52:40+00:00\",\"inLanguage\":\"pt-BR\",\"potentialAction\":[{\"@type\":\"ReadAction\",\"target\":[\"https:\/\/insurancecorp.com.br\/pt\/2026\/04\/28\/susep-participa-de-conferencia-internacional-sobre-supervisao-de-seguros\/\"]}]},{\"@type\":\"Article\",\"@id\":\"https:\/\/insurancecorp.com.br\/pt\/2026\/04\/28\/susep-participa-de-conferencia-internacional-sobre-supervisao-de-seguros\/#article\",\"isPartOf\":{\"@id\":\"https:\/\/insurancecorp.com.br\/pt\/2026\/04\/28\/susep-participa-de-conferencia-internacional-sobre-supervisao-de-seguros\/#webpage\"},\"author\":{\"@id\":\"https:\/\/insurancecorp.com.br\/pt\/#\/schema\/person\/1b69c8cf325f0b7167f1b171f52df4af\"},\"headline\":\"Susep participa de confer\\u00eancia internacional sobre supervis\\u00e3o de seguros\",\"datePublished\":\"2026-04-28T19:52:40+00:00\",\"dateModified\":\"2026-04-28T19:52:40+00:00\",\"mainEntityOfPage\":{\"@id\":\"https:\/\/insurancecorp.com.br\/pt\/2026\/04\/28\/susep-participa-de-conferencia-internacional-sobre-supervisao-de-seguros\/#webpage\"},\"commentCount\":0,\"publisher\":{\"@id\":\"https:\/\/insurancecorp.com.br\/pt\/#organization\"},\"image\":{\"@id\":\"https:\/\/insurancecorp.com.br\/pt\/2026\/04\/28\/susep-participa-de-conferencia-internacional-sobre-supervisao-de-seguros\/#primaryimage\"},\"keywords\":\"confer\\u00eancia,internacional,participa,seguros,supervis\\u00e3o,susep\",\"articleSection\":\"Susep\",\"inLanguage\":\"pt-BR\",\"potentialAction\":[{\"@type\":\"CommentAction\",\"name\":\"Comment\",\"target\":[\"https:\/\/insurancecorp.com.br\/pt\/2026\/04\/28\/susep-participa-de-conferencia-internacional-sobre-supervisao-de-seguros\/#respond\"]}]},{\"@type\":\"Person\",\"@id\":\"https:\/\/insurancecorp.com.br\/pt\/#\/schema\/person\/1b69c8cf325f0b7167f1b171f52df4af\",\"name\":\"Publica\\u00e7\\u00e3o\",\"image\":{\"@type\":\"ImageObject\",\"@id\":\"https:\/\/insurancecorp.com.br\/pt\/#personlogo\",\"inLanguage\":\"pt-BR\",\"url\":\"https:\/\/secure.gravatar.com\/avatar\/17226f1f60486eb25d4c6b301ffed37f?s=96&d=mm&r=g\",\"caption\":\"Publica\\u00e7\\u00e3o\"}}]}<\/script>\n<!-- \/ Yoast SEO plugin. -->","_links":{"self":[{"href":"https:\/\/insurancecorp.com.br\/pt\/wp-json\/wp\/v2\/posts\/79115"}],"collection":[{"href":"https:\/\/insurancecorp.com.br\/pt\/wp-json\/wp\/v2\/posts"}],"about":[{"href":"https:\/\/insurancecorp.com.br\/pt\/wp-json\/wp\/v2\/types\/post"}],"author":[{"embeddable":true,"href":"https:\/\/insurancecorp.com.br\/pt\/wp-json\/wp\/v2\/users\/2"}],"replies":[{"embeddable":true,"href":"https:\/\/insurancecorp.com.br\/pt\/wp-json\/wp\/v2\/comments?post=79115"}],"version-history":[{"count":1,"href":"https:\/\/insurancecorp.com.br\/pt\/wp-json\/wp\/v2\/posts\/79115\/revisions"}],"predecessor-version":[{"id":79116,"href":"https:\/\/insurancecorp.com.br\/pt\/wp-json\/wp\/v2\/posts\/79115\/revisions\/79116"}],"wp:featuredmedia":[{"embeddable":true,"href":"https:\/\/insurancecorp.com.br\/pt\/wp-json\/wp\/v2\/media\/60219"}],"wp:attachment":[{"href":"https:\/\/insurancecorp.com.br\/pt\/wp-json\/wp\/v2\/media?parent=79115"}],"wp:term":[{"taxonomy":"category","embeddable":true,"href":"https:\/\/insurancecorp.com.br\/pt\/wp-json\/wp\/v2\/categories?post=79115"},{"taxonomy":"post_tag","embeddable":true,"href":"https:\/\/insurancecorp.com.br\/pt\/wp-json\/wp\/v2\/tags?post=79115"}],"curies":[{"name":"wp","href":"https:\/\/api.w.org\/{rel}","templated":true}]}}