{"id":79102,"date":"2026-04-28T16:16:55","date_gmt":"2026-04-28T19:16:55","guid":{"rendered":"https:\/\/insurancecorp.com.br\/pt\/?p=79102"},"modified":"2026-04-28T16:21:02","modified_gmt":"2026-04-28T19:21:02","slug":"mills-reduz-emissoes-e-amplia-lucro-em-23-com-foco-em-esg","status":"publish","type":"post","link":"https:\/\/insurancecorp.com.br\/pt\/2026\/04\/28\/mills-reduz-emissoes-e-amplia-lucro-em-23-com-foco-em-esg\/","title":{"rendered":"Mills reduz emiss\u00f5es e amplia lucro em 23% com foco em ESG"},"content":{"rendered":"<p align=\"justify\">A\u00a0Mills\u00a0encerrou o ano de\u00a02025\u00a0com a consolida\u00e7\u00e3o da sustentabilidade como eixo central de sua opera\u00e7\u00e3o, aponta o Relat\u00f3rio de Sustentabilidade da empresa, divulgado nesta quinta-feira (23). No mesmo per\u00edodo, a empresa alcan\u00e7ou uma\u00a0receita l\u00edquida de R$ 1,838 bilh\u00e3o,\u00a0alta de 16,7%\u00a0em rela\u00e7\u00e3o a 2024. Mesmo com a expans\u00e3o impulsionada pela incorpora\u00e7\u00e3o da\u00a0Next Rental, a companhia registrou uma\u00a0queda de 2% nas emiss\u00f5es totais de CO\u2082, com 165.847 toneladas.<\/p>\n<p align=\"justify\">As emiss\u00f5es relativas por receita l\u00edquida apresentaram queda de 13% no ano, refletindo ganhos de efici\u00eancia operacional e melhor gest\u00e3o dos ativos. A estrat\u00e9gia clim\u00e1tica foi estruturada com base em metas alinhadas \u00e0 Science Based Targets initiative (SBTi) e inclui eletrifica\u00e7\u00e3o gradual da frota, testes com combust\u00edveis de menor emiss\u00e3o, amplia\u00e7\u00e3o do monitoramento de dados e incorpora\u00e7\u00e3o de crit\u00e9rios clim\u00e1ticos em decis\u00f5es de investimento.<\/p>\n<p align=\"justify\">No consumo energ\u00e9tico, 62% das unidades operaram com energia de fontes renov\u00e1veis em 2025. A companhia passou a contar com certifica\u00e7\u00e3o para 100% do consumo de energia el\u00e9trica, garantindo rastreabilidade. Houve redu\u00e7\u00e3o de 7% no consumo total de energia no per\u00edodo.<\/p>\n<p align=\"justify\">A ecoefici\u00eancia operacional e a circularidade foram ampliadas com foco na redu\u00e7\u00e3o do consumo de recursos e na extens\u00e3o da vida \u00fatil dos equipamentos. Programas de rebuild, retrofit e recupera\u00e7\u00e3o de componentes foram expandidos, reduzindo a necessidade de aquisi\u00e7\u00e3o de novos itens e aumentando a disponibilidade da frota.<\/p>\n<p align=\"justify\">A recupera\u00e7\u00e3o de baterias atingiu taxa pr\u00f3xima de 90%, com parte relevante da demanda atendida por unidades recuperadas. Na gest\u00e3o de pneus, a taxa de recupera\u00e7\u00e3o chegou a 54%. O laborat\u00f3rio de eletr\u00f4nica recuperou cerca de 3.580 componentes em 2025, com taxa de sucesso de 80% e economia acumulada de R$ 14 milh\u00f5es nos \u00faltimos tr\u00eas anos.<\/p>\n<p align=\"justify\">Na gest\u00e3o de res\u00edduos, a empresa registrou redu\u00e7\u00e3o de 27% no volume total gerado e de 38% na destina\u00e7\u00e3o final, com amplia\u00e7\u00e3o de pr\u00e1ticas de reutiliza\u00e7\u00e3o e log\u00edstica reversa. A estrutura de gest\u00e3o ambiental inclui sistemas de controle de efluentes, monitoramento h\u00eddrico e conformidade regulat\u00f3ria nas unidades operacionais.<\/p>\n<p align=\"justify\">A gest\u00e3o de recursos naturais avan\u00e7ou com foco em efici\u00eancia h\u00eddrica e controle de consumo. As unidades operam com sistemas de tratamento e monitoramento, com uso de concession\u00e1rias e fontes pr\u00f3prias regularizadas.<\/p>\n<p align=\"justify\">Segundo Kleber Racy, Diretor de Pessoas e Sustentabilidade da Mills, &#8220;os resultados de 2025 refletem a consist\u00eancia da nossa estrat\u00e9gia e o avan\u00e7o das iniciativas voltadas \u00e0 sustentabilidade, com integra\u00e7\u00e3o entre efici\u00eancia operacional e responsabilidade ambiental. Seguimos ampliando investimentos em solu\u00e7\u00f5es que reduzem emiss\u00f5es e aumentam a produtividade dos clientes, mantendo o compromisso com pr\u00e1ticas \u00e9ticas, transpar\u00eancia e gera\u00e7\u00e3o de valor no longo prazo&#8221;.<\/p>\n<h4>Gest\u00e3o<\/h4>\n<p align=\"justify\">A sustentabilidade passou a integrar diretamente os mecanismos de gest\u00e3o e incentivo. Em 2025, a companhia vinculou indicadores ESG ao Programa de Participa\u00e7\u00e3o nos Lucros e Resultados (PLR), incorporando metas socioambientais \u00e0 remunera\u00e7\u00e3o vari\u00e1vel.<\/p>\n<p align=\"justify\">A estrat\u00e9gia foi atualizada com base em processo de materialidade que reuniu mais de 500 contribui\u00e7\u00f5es de stakeholders, incluindo colaboradores, clientes, fornecedores e investidores. O processo considerou temas como emiss\u00f5es, seguran\u00e7a, capital humano, diversidade, cadeia de suprimentos e governan\u00e7a.<\/p>\n<p align=\"justify\">Na gest\u00e3o da cadeia de fornecedores, a empresa ampliou o uso de ferramentas de dilig\u00eancia para avalia\u00e7\u00e3o de crit\u00e9rios legais e socioambientais, com foco na mitiga\u00e7\u00e3o de riscos e conformidade regulat\u00f3ria. No eixo social, a companhia alcan\u00e7ou 100% de sal\u00e1rio digno em 2025, abrangendo toda a for\u00e7a de trabalho. O quadro totalizou 2.519 colaboradores, com mais de 71 mil horas de treinamento realizadas no per\u00edodo.<\/p>\n<h4>Capacita\u00e7\u00e3o<\/h4>\n<p align=\"justify\">O Programa TransFORMAR formou mais de 310 jovens em 2025, com foco em capacita\u00e7\u00e3o e empregabilidade. A empresa tamb\u00e9m registrou 46% do quadro composto por pessoas pretas e pardas e 27% em posi\u00e7\u00f5es de lideran\u00e7a.<\/p>\n<p align=\"justify\">Na \u00e1rea de seguran\u00e7a, a companhia registrou redu\u00e7\u00e3o superior a 50% na taxa de frequ\u00eancia de acidentes nos \u00faltimos tr\u00eas anos, mesmo com o crescimento das opera\u00e7\u00f5es. Foram implementadas medidas como sistemas de bloqueio de m\u00e1quinas, monitoramento por c\u00e2meras na frota e amplia\u00e7\u00e3o de treinamentos.<\/p>\n<p align=\"justify\">Os avan\u00e7os em sustentabilidade est\u00e3o integrados \u00e0 opera\u00e7\u00e3o e \u00e0 estrat\u00e9gia de crescimento da companhia, que tamb\u00e9m registrou receita l\u00edquida de R$ 1,838 bilh\u00e3o em 2025, com alta de 16,7%, e EBITDA ajustado de R$ 941,1 milh\u00f5es, com crescimento de 23,8%. O resultado foi impulsionado pela expans\u00e3o da loca\u00e7\u00e3o de equipamentos e pela consolida\u00e7\u00e3o do modelo multiprodutos.<\/p>\n<p align=\"justify\">Entre os movimentos estrat\u00e9gicos, a incorpora\u00e7\u00e3o da Next Rental ampliou a presen\u00e7a territorial e a base de ativos. O investimento total em capex foi de R$ 676 milh\u00f5es, com foco na amplia\u00e7\u00e3o da frota e expans\u00e3o das opera\u00e7\u00f5es. A empresa manteve tamb\u00e9m disciplina de capital, com rela\u00e7\u00e3o d\u00edvida l\u00edquida\/EBITDA de 1,26x e pol\u00edtica de distribui\u00e7\u00e3o de proventos que totalizou R$ 255 milh\u00f5es, considerando juros sobre capital pr\u00f3prio e dividendos aprovados.<\/p>\n<p align=\"justify\"><strong>GBR Comunica\u00e7\u00e3o<\/strong><\/p>\n<p align=\"justify\"><strong>Foto: <\/strong>Kleber Racy, diretor de Pessoas e Sustentabilidade da Mills<\/p>\n","protected":false},"excerpt":{"rendered":"<p>A\u00a0Mills\u00a0encerrou o ano de\u00a02025\u00a0com a consolida\u00e7\u00e3o da sustentabilidade como eixo central de sua opera\u00e7\u00e3o, aponta o Relat\u00f3rio de Sustentabilidade da empresa, divulgado nesta quinta-feira (23). No mesmo per\u00edodo, a empresa alcan\u00e7ou uma\u00a0receita l\u00edquida de R$ 1,838 bilh\u00e3o,\u00a0alta de 16,7%\u00a0em rela\u00e7\u00e3o a 2024. Mesmo com a expans\u00e3o impulsionada pela incorpora\u00e7\u00e3o da\u00a0Next Rental, a companhia registrou uma\u00a0queda [&hellip;]<\/p>\n","protected":false},"author":2,"featured_media":79106,"comment_status":"open","ping_status":"open","sticky":false,"template":"","format":"standard","meta":[],"categories":[130],"tags":[12083,5139,15522,3568,2719,3460,16591,11380],"jetpack_featured_media_url":"https:\/\/insurancecorp.com.br\/pt\/wp-content\/uploads\/2026\/04\/Kleber-Racy-Diretor-de-Pessoas-e-Sustentabilidade-da-Mills-e1777403990312.jpg","yoast_head":"<!-- This site is optimized with the Yoast SEO plugin v14.8 - https:\/\/yoast.com\/wordpress\/plugins\/seo\/ -->\n<title>Mills reduz emiss\u00f5es e amplia lucro em 23% com foco em ESG | Revista Insurance Corp | PT-BR<\/title>\n<meta name=\"robots\" content=\"index, follow\" \/>\n<meta name=\"googlebot\" content=\"index, follow, max-snippet:-1, max-image-preview:large, max-video-preview:-1\" \/>\n<meta name=\"bingbot\" content=\"index, follow, max-snippet:-1, max-image-preview:large, max-video-preview:-1\" \/>\n<link rel=\"canonical\" href=\"https:\/\/insurancecorp.com.br\/pt\/2026\/04\/28\/mills-reduz-emissoes-e-amplia-lucro-em-23-com-foco-em-esg\/\" \/>\n<meta property=\"og:locale\" content=\"pt_BR\" \/>\n<meta property=\"og:type\" content=\"article\" \/>\n<meta property=\"og:title\" content=\"Mills reduz emiss\u00f5es e amplia lucro em 23% com foco em ESG | Revista Insurance Corp | PT-BR\" \/>\n<meta property=\"og:description\" content=\"A\u00a0Mills\u00a0encerrou o ano de\u00a02025\u00a0com a consolida\u00e7\u00e3o da sustentabilidade como eixo central de sua opera\u00e7\u00e3o, aponta o Relat\u00f3rio de Sustentabilidade da empresa, divulgado nesta quinta-feira (23). No mesmo per\u00edodo, a empresa alcan\u00e7ou uma\u00a0receita l\u00edquida de R$ 1,838 bilh\u00e3o,\u00a0alta de 16,7%\u00a0em rela\u00e7\u00e3o a 2024. Mesmo com a expans\u00e3o impulsionada pela incorpora\u00e7\u00e3o da\u00a0Next Rental, a companhia registrou uma\u00a0queda [&hellip;]\" \/>\n<meta property=\"og:url\" content=\"https:\/\/insurancecorp.com.br\/pt\/2026\/04\/28\/mills-reduz-emissoes-e-amplia-lucro-em-23-com-foco-em-esg\/\" \/>\n<meta property=\"og:site_name\" content=\"Revista Insurance Corp | PT-BR\" \/>\n<meta property=\"article:publisher\" content=\"https:\/\/www.facebook.com\/RevistaInsuranceCorp\/\" \/>\n<meta property=\"article:published_time\" content=\"2026-04-28T19:16:55+00:00\" \/>\n<meta property=\"article:modified_time\" content=\"2026-04-28T19:21:02+00:00\" \/>\n<meta property=\"og:image\" content=\"https:\/\/insurancecorp.com.br\/pt\/wp-content\/uploads\/2026\/04\/Kleber-Racy-Diretor-de-Pessoas-e-Sustentabilidade-da-Mills-e1777403990312.jpg\" \/>\n\t<meta property=\"og:image:width\" content=\"800\" \/>\n\t<meta property=\"og:image:height\" content=\"404\" \/>\n<meta name=\"twitter:card\" content=\"summary\" \/>\n<script type=\"application\/ld+json\" class=\"yoast-schema-graph\">{\"@context\":\"https:\/\/schema.org\",\"@graph\":[{\"@type\":\"Organization\",\"@id\":\"https:\/\/insurancecorp.com.br\/pt\/#organization\",\"name\":\"Revista Insurance Corp\",\"url\":\"https:\/\/insurancecorp.com.br\/pt\/\",\"sameAs\":[\"https:\/\/www.facebook.com\/RevistaInsuranceCorp\/\"],\"logo\":{\"@type\":\"ImageObject\",\"@id\":\"https:\/\/insurancecorp.com.br\/pt\/#logo\",\"inLanguage\":\"pt-BR\",\"url\":\"\",\"caption\":\"Revista Insurance Corp\"},\"image\":{\"@id\":\"https:\/\/insurancecorp.com.br\/pt\/#logo\"}},{\"@type\":\"WebSite\",\"@id\":\"https:\/\/insurancecorp.com.br\/pt\/#website\",\"url\":\"https:\/\/insurancecorp.com.br\/pt\/\",\"name\":\"Revista Insurance Corp | PT-BR\",\"description\":\"A \\u00fanica revista bil\\u00edngue voltada ao mercado de seguro.\",\"publisher\":{\"@id\":\"https:\/\/insurancecorp.com.br\/pt\/#organization\"},\"potentialAction\":[{\"@type\":\"SearchAction\",\"target\":\"https:\/\/insurancecorp.com.br\/pt\/?s={search_term_string}\",\"query-input\":\"required name=search_term_string\"}],\"inLanguage\":\"pt-BR\"},{\"@type\":\"ImageObject\",\"@id\":\"https:\/\/insurancecorp.com.br\/pt\/2026\/04\/28\/mills-reduz-emissoes-e-amplia-lucro-em-23-com-foco-em-esg\/#primaryimage\",\"inLanguage\":\"pt-BR\",\"url\":\"https:\/\/insurancecorp.com.br\/pt\/wp-content\/uploads\/2026\/04\/Kleber-Racy-Diretor-de-Pessoas-e-Sustentabilidade-da-Mills-e1777403990312.jpg\",\"width\":800,\"height\":404},{\"@type\":\"WebPage\",\"@id\":\"https:\/\/insurancecorp.com.br\/pt\/2026\/04\/28\/mills-reduz-emissoes-e-amplia-lucro-em-23-com-foco-em-esg\/#webpage\",\"url\":\"https:\/\/insurancecorp.com.br\/pt\/2026\/04\/28\/mills-reduz-emissoes-e-amplia-lucro-em-23-com-foco-em-esg\/\",\"name\":\"Mills reduz emiss\\u00f5es e amplia lucro em 23% com foco em ESG | Revista Insurance Corp | PT-BR\",\"isPartOf\":{\"@id\":\"https:\/\/insurancecorp.com.br\/pt\/#website\"},\"primaryImageOfPage\":{\"@id\":\"https:\/\/insurancecorp.com.br\/pt\/2026\/04\/28\/mills-reduz-emissoes-e-amplia-lucro-em-23-com-foco-em-esg\/#primaryimage\"},\"datePublished\":\"2026-04-28T19:16:55+00:00\",\"dateModified\":\"2026-04-28T19:21:02+00:00\",\"inLanguage\":\"pt-BR\",\"potentialAction\":[{\"@type\":\"ReadAction\",\"target\":[\"https:\/\/insurancecorp.com.br\/pt\/2026\/04\/28\/mills-reduz-emissoes-e-amplia-lucro-em-23-com-foco-em-esg\/\"]}]},{\"@type\":\"Article\",\"@id\":\"https:\/\/insurancecorp.com.br\/pt\/2026\/04\/28\/mills-reduz-emissoes-e-amplia-lucro-em-23-com-foco-em-esg\/#article\",\"isPartOf\":{\"@id\":\"https:\/\/insurancecorp.com.br\/pt\/2026\/04\/28\/mills-reduz-emissoes-e-amplia-lucro-em-23-com-foco-em-esg\/#webpage\"},\"author\":{\"@id\":\"https:\/\/insurancecorp.com.br\/pt\/#\/schema\/person\/1b69c8cf325f0b7167f1b171f52df4af\"},\"headline\":\"Mills reduz emiss\\u00f5es e amplia lucro em 23% com foco em ESG\",\"datePublished\":\"2026-04-28T19:16:55+00:00\",\"dateModified\":\"2026-04-28T19:21:02+00:00\",\"mainEntityOfPage\":{\"@id\":\"https:\/\/insurancecorp.com.br\/pt\/2026\/04\/28\/mills-reduz-emissoes-e-amplia-lucro-em-23-com-foco-em-esg\/#webpage\"},\"commentCount\":0,\"publisher\":{\"@id\":\"https:\/\/insurancecorp.com.br\/pt\/#organization\"},\"image\":{\"@id\":\"https:\/\/insurancecorp.com.br\/pt\/2026\/04\/28\/mills-reduz-emissoes-e-amplia-lucro-em-23-com-foco-em-esg\/#primaryimage\"},\"keywords\":\"23,amplia,emiss\\u00f5es,ESG,foco,lucro,Mills,reduz\",\"articleSection\":\"Diversos\",\"inLanguage\":\"pt-BR\",\"potentialAction\":[{\"@type\":\"CommentAction\",\"name\":\"Comment\",\"target\":[\"https:\/\/insurancecorp.com.br\/pt\/2026\/04\/28\/mills-reduz-emissoes-e-amplia-lucro-em-23-com-foco-em-esg\/#respond\"]}]},{\"@type\":\"Person\",\"@id\":\"https:\/\/insurancecorp.com.br\/pt\/#\/schema\/person\/1b69c8cf325f0b7167f1b171f52df4af\",\"name\":\"Publica\\u00e7\\u00e3o\",\"image\":{\"@type\":\"ImageObject\",\"@id\":\"https:\/\/insurancecorp.com.br\/pt\/#personlogo\",\"inLanguage\":\"pt-BR\",\"url\":\"https:\/\/secure.gravatar.com\/avatar\/17226f1f60486eb25d4c6b301ffed37f?s=96&d=mm&r=g\",\"caption\":\"Publica\\u00e7\\u00e3o\"}}]}<\/script>\n<!-- \/ Yoast SEO plugin. -->","_links":{"self":[{"href":"https:\/\/insurancecorp.com.br\/pt\/wp-json\/wp\/v2\/posts\/79102"}],"collection":[{"href":"https:\/\/insurancecorp.com.br\/pt\/wp-json\/wp\/v2\/posts"}],"about":[{"href":"https:\/\/insurancecorp.com.br\/pt\/wp-json\/wp\/v2\/types\/post"}],"author":[{"embeddable":true,"href":"https:\/\/insurancecorp.com.br\/pt\/wp-json\/wp\/v2\/users\/2"}],"replies":[{"embeddable":true,"href":"https:\/\/insurancecorp.com.br\/pt\/wp-json\/wp\/v2\/comments?post=79102"}],"version-history":[{"count":3,"href":"https:\/\/insurancecorp.com.br\/pt\/wp-json\/wp\/v2\/posts\/79102\/revisions"}],"predecessor-version":[{"id":79107,"href":"https:\/\/insurancecorp.com.br\/pt\/wp-json\/wp\/v2\/posts\/79102\/revisions\/79107"}],"wp:featuredmedia":[{"embeddable":true,"href":"https:\/\/insurancecorp.com.br\/pt\/wp-json\/wp\/v2\/media\/79106"}],"wp:attachment":[{"href":"https:\/\/insurancecorp.com.br\/pt\/wp-json\/wp\/v2\/media?parent=79102"}],"wp:term":[{"taxonomy":"category","embeddable":true,"href":"https:\/\/insurancecorp.com.br\/pt\/wp-json\/wp\/v2\/categories?post=79102"},{"taxonomy":"post_tag","embeddable":true,"href":"https:\/\/insurancecorp.com.br\/pt\/wp-json\/wp\/v2\/tags?post=79102"}],"curies":[{"name":"wp","href":"https:\/\/api.w.org\/{rel}","templated":true}]}}