{"id":79098,"date":"2026-04-28T15:50:05","date_gmt":"2026-04-28T18:50:05","guid":{"rendered":"https:\/\/insurancecorp.com.br\/pt\/?p=79098"},"modified":"2026-04-28T15:50:05","modified_gmt":"2026-04-28T18:50:05","slug":"executiva-do-setor-define-como-transformadora-a-imersao-da-ens-em-nova-york","status":"publish","type":"post","link":"https:\/\/insurancecorp.com.br\/pt\/2026\/04\/28\/executiva-do-setor-define-como-transformadora-a-imersao-da-ens-em-nova-york\/","title":{"rendered":"Executiva do setor define como transformadora a imers\u00e3o da ENS em Nova York"},"content":{"rendered":"<p align=\"justify\">A recente imers\u00e3o em Nova York, promovida pela Escola de Neg\u00f3cios e Seguros (ENS) em parceria com a Sosa NY, est\u00e1 sendo uma experi\u00eancia transformadora sendo realizada entre 27 de abril e 1\u00ba de maio de 2026, coordenada por Rodrigo Matos.<\/p>\n<p align=\"justify\">Tive a honra de participar, representando a RM7 Corretora de Seguros, e ao longo dessa intensa agenda de inova\u00e7\u00e3o, pude testemunhar de perto as diretrizes que est\u00e3o moldando o futuro do setor segurador.<\/p>\n<p align=\"justify\">Uma das minhas reflex\u00f5es mais profundas surgiu da import\u00e2ncia da tecnologia, especialmente da intelig\u00eancia artificial (IA), no nosso ramo. Durante as discuss\u00f5es, ficou claro como a IA pode n\u00e3o apenas otimizar tarefas rotineiras, mas tamb\u00e9m elevar a efici\u00eancia operacional e transformar a rela\u00e7\u00e3o com nossos clientes. \u00c9 essencial que, como l\u00edderes, integremos essas inova\u00e7\u00f5es em nossa estrat\u00e9gia, alinhando-nos \u00e0s tend\u00eancias globais que j\u00e1 est\u00e3o em curso.<\/p>\n<p align=\"justify\">Um dos pontos altos da imers\u00e3o foi a visita \u00e0 Cornell Tech, onde explorei os avan\u00e7os em tecnologia aplicados ao segmento de seguros. A atmosfera estimulante proporcionou um contexto rico para a troca de conhecimentos sobre transforma\u00e7\u00e3o digital e inova\u00e7\u00e3o disruptiva. Al\u00e9m disso, tive o privil\u00e9gio de assistir \u00e0 palestra inspiradora de Bruno Sardinha, Chief Innovation Officer da Travelers. Suas experi\u00eancias em lideran\u00e7a em inova\u00e7\u00e3o e suas estrat\u00e9gias comprovadas ressoaram profundamente em todos n\u00f3s.<\/p>\n<p align=\"justify\">Outro momento extraordin\u00e1rio foi a visita \u00e0 Lemonade, uma insurtech que est\u00e1 redefinindo o mercado com seu uso inovador de IA e machine learning. A brilhante apresenta\u00e7\u00e3o de Maya Prosor, Chief Business Officer, destacou como a Lemonade est\u00e1 reinventando a forma como oferecemos seguros. Com a aprova\u00e7\u00e3o de ap\u00f3lices em minutos e a automa\u00e7\u00e3o de sinistros, a empresa n\u00e3o apenas melhora a efici\u00eancia, mas tamb\u00e9m pratica um modelo de &#8220;social good&#8221;, doando sobras de pr\u00eamios a causas filantr\u00f3picas. A ideia de que a tecnologia pode servir a um prop\u00f3sito maior foi, sem d\u00favida, uma inspira\u00e7\u00e3o poderosa.<\/p>\n<p align=\"justify\">Esta imers\u00e3o em Nova York n\u00e3o apenas ampliou minha vis\u00e3o sobre as tend\u00eancias e inova\u00e7\u00f5es do mercado segurador, mas tamb\u00e9m fortaleceu minha convic\u00e7\u00e3o de que a verdadeira transforma\u00e7\u00e3o no setor exige uma combina\u00e7\u00e3o harmoniosa entre tecnologia e o toque humano. Estou entusiasmada em levar essas experi\u00eancias e aprendizados para a RM7 e contribuir para um futuro mais inovador e sustent\u00e1vel no setor de seguros no Brasil.<\/p>\n<p align=\"justify\">At\u00e9 o presente momento, esta imers\u00e3o tem se configurado como uma experi\u00eancia verdadeiramente excepcional e enriquecedora. Recomendo, sem qualquer hesita\u00e7\u00e3o, a participa\u00e7\u00e3o de todos que almejam expandir seus conhecimentos e cultivar conex\u00f5es significativas, especialmente considerando a excel\u00eancia do grupo que estamos.<\/p>\n<p align=\"justify\"><strong>*Por Rosane Mota , CEO e fundadora da RM7 Seguros<\/strong><\/p>\n","protected":false},"excerpt":{"rendered":"<p>A recente imers\u00e3o em Nova York, promovida pela Escola de Neg\u00f3cios e Seguros (ENS) em parceria com a Sosa NY, est\u00e1 sendo uma experi\u00eancia transformadora sendo realizada entre 27 de abril e 1\u00ba de maio de 2026, coordenada por Rodrigo Matos. Tive a honra de participar, representando a RM7 Corretora de Seguros, e ao longo [&hellip;]<\/p>\n","protected":false},"author":2,"featured_media":79099,"comment_status":"open","ping_status":"open","sticky":false,"template":"","format":"standard","meta":[],"categories":[203],"tags":[14713,976,9500,7849,16590,3540,14123],"jetpack_featured_media_url":"https:\/\/insurancecorp.com.br\/pt\/wp-content\/uploads\/2026\/04\/rosane-mota-ceo-rm7-e1777402146763.jpeg","yoast_head":"<!-- This site is optimized with the Yoast SEO plugin v14.8 - https:\/\/yoast.com\/wordpress\/plugins\/seo\/ -->\n<title>Executiva do setor define como transformadora a imers\u00e3o da ENS em Nova York | Revista Insurance Corp | PT-BR<\/title>\n<meta name=\"robots\" content=\"index, follow\" \/>\n<meta name=\"googlebot\" content=\"index, follow, max-snippet:-1, max-image-preview:large, max-video-preview:-1\" \/>\n<meta name=\"bingbot\" content=\"index, follow, max-snippet:-1, max-image-preview:large, max-video-preview:-1\" \/>\n<link rel=\"canonical\" href=\"https:\/\/insurancecorp.com.br\/pt\/2026\/04\/28\/executiva-do-setor-define-como-transformadora-a-imersao-da-ens-em-nova-york\/\" \/>\n<meta property=\"og:locale\" content=\"pt_BR\" \/>\n<meta property=\"og:type\" content=\"article\" \/>\n<meta property=\"og:title\" content=\"Executiva do setor define como transformadora a imers\u00e3o da ENS em Nova York | Revista Insurance Corp | PT-BR\" \/>\n<meta property=\"og:description\" content=\"A recente imers\u00e3o em Nova York, promovida pela Escola de Neg\u00f3cios e Seguros (ENS) em parceria com a Sosa NY, est\u00e1 sendo uma experi\u00eancia transformadora sendo realizada entre 27 de abril e 1\u00ba de maio de 2026, coordenada por Rodrigo Matos. Tive a honra de participar, representando a RM7 Corretora de Seguros, e ao longo [&hellip;]\" \/>\n<meta property=\"og:url\" content=\"https:\/\/insurancecorp.com.br\/pt\/2026\/04\/28\/executiva-do-setor-define-como-transformadora-a-imersao-da-ens-em-nova-york\/\" \/>\n<meta property=\"og:site_name\" content=\"Revista Insurance Corp | PT-BR\" \/>\n<meta property=\"article:publisher\" content=\"https:\/\/www.facebook.com\/RevistaInsuranceCorp\/\" \/>\n<meta property=\"article:published_time\" content=\"2026-04-28T18:50:05+00:00\" \/>\n<meta property=\"og:image\" content=\"https:\/\/insurancecorp.com.br\/pt\/wp-content\/uploads\/2026\/04\/rosane-mota-ceo-rm7-e1777402146763.jpeg\" \/>\n\t<meta property=\"og:image:width\" content=\"900\" \/>\n\t<meta property=\"og:image:height\" content=\"1544\" \/>\n<meta name=\"twitter:card\" content=\"summary\" \/>\n<script type=\"application\/ld+json\" class=\"yoast-schema-graph\">{\"@context\":\"https:\/\/schema.org\",\"@graph\":[{\"@type\":\"Organization\",\"@id\":\"https:\/\/insurancecorp.com.br\/pt\/#organization\",\"name\":\"Revista Insurance Corp\",\"url\":\"https:\/\/insurancecorp.com.br\/pt\/\",\"sameAs\":[\"https:\/\/www.facebook.com\/RevistaInsuranceCorp\/\"],\"logo\":{\"@type\":\"ImageObject\",\"@id\":\"https:\/\/insurancecorp.com.br\/pt\/#logo\",\"inLanguage\":\"pt-BR\",\"url\":\"\",\"caption\":\"Revista Insurance Corp\"},\"image\":{\"@id\":\"https:\/\/insurancecorp.com.br\/pt\/#logo\"}},{\"@type\":\"WebSite\",\"@id\":\"https:\/\/insurancecorp.com.br\/pt\/#website\",\"url\":\"https:\/\/insurancecorp.com.br\/pt\/\",\"name\":\"Revista Insurance Corp | PT-BR\",\"description\":\"A \\u00fanica revista bil\\u00edngue voltada ao mercado de seguro.\",\"publisher\":{\"@id\":\"https:\/\/insurancecorp.com.br\/pt\/#organization\"},\"potentialAction\":[{\"@type\":\"SearchAction\",\"target\":\"https:\/\/insurancecorp.com.br\/pt\/?s={search_term_string}\",\"query-input\":\"required name=search_term_string\"}],\"inLanguage\":\"pt-BR\"},{\"@type\":\"ImageObject\",\"@id\":\"https:\/\/insurancecorp.com.br\/pt\/2026\/04\/28\/executiva-do-setor-define-como-transformadora-a-imersao-da-ens-em-nova-york\/#primaryimage\",\"inLanguage\":\"pt-BR\",\"url\":\"https:\/\/insurancecorp.com.br\/pt\/wp-content\/uploads\/2026\/04\/rosane-mota-ceo-rm7-e1777402146763.jpeg\",\"width\":900,\"height\":1544},{\"@type\":\"WebPage\",\"@id\":\"https:\/\/insurancecorp.com.br\/pt\/2026\/04\/28\/executiva-do-setor-define-como-transformadora-a-imersao-da-ens-em-nova-york\/#webpage\",\"url\":\"https:\/\/insurancecorp.com.br\/pt\/2026\/04\/28\/executiva-do-setor-define-como-transformadora-a-imersao-da-ens-em-nova-york\/\",\"name\":\"Executiva do setor define como transformadora a imers\\u00e3o da ENS em Nova York | Revista Insurance Corp | PT-BR\",\"isPartOf\":{\"@id\":\"https:\/\/insurancecorp.com.br\/pt\/#website\"},\"primaryImageOfPage\":{\"@id\":\"https:\/\/insurancecorp.com.br\/pt\/2026\/04\/28\/executiva-do-setor-define-como-transformadora-a-imersao-da-ens-em-nova-york\/#primaryimage\"},\"datePublished\":\"2026-04-28T18:50:05+00:00\",\"dateModified\":\"2026-04-28T18:50:05+00:00\",\"inLanguage\":\"pt-BR\",\"potentialAction\":[{\"@type\":\"ReadAction\",\"target\":[\"https:\/\/insurancecorp.com.br\/pt\/2026\/04\/28\/executiva-do-setor-define-como-transformadora-a-imersao-da-ens-em-nova-york\/\"]}]},{\"@type\":\"Article\",\"@id\":\"https:\/\/insurancecorp.com.br\/pt\/2026\/04\/28\/executiva-do-setor-define-como-transformadora-a-imersao-da-ens-em-nova-york\/#article\",\"isPartOf\":{\"@id\":\"https:\/\/insurancecorp.com.br\/pt\/2026\/04\/28\/executiva-do-setor-define-como-transformadora-a-imersao-da-ens-em-nova-york\/#webpage\"},\"author\":{\"@id\":\"https:\/\/insurancecorp.com.br\/pt\/#\/schema\/person\/1b69c8cf325f0b7167f1b171f52df4af\"},\"headline\":\"Executiva do setor define como transformadora a imers\\u00e3o da ENS em Nova York\",\"datePublished\":\"2026-04-28T18:50:05+00:00\",\"dateModified\":\"2026-04-28T18:50:05+00:00\",\"mainEntityOfPage\":{\"@id\":\"https:\/\/insurancecorp.com.br\/pt\/2026\/04\/28\/executiva-do-setor-define-como-transformadora-a-imersao-da-ens-em-nova-york\/#webpage\"},\"commentCount\":1,\"publisher\":{\"@id\":\"https:\/\/insurancecorp.com.br\/pt\/#organization\"},\"image\":{\"@id\":\"https:\/\/insurancecorp.com.br\/pt\/2026\/04\/28\/executiva-do-setor-define-como-transformadora-a-imersao-da-ens-em-nova-york\/#primaryimage\"},\"keywords\":\"define,ENS,Executiva,imers\\u00e3o,nova york,setor,transformadora\",\"articleSection\":\"Artigo\",\"inLanguage\":\"pt-BR\",\"potentialAction\":[{\"@type\":\"CommentAction\",\"name\":\"Comment\",\"target\":[\"https:\/\/insurancecorp.com.br\/pt\/2026\/04\/28\/executiva-do-setor-define-como-transformadora-a-imersao-da-ens-em-nova-york\/#respond\"]}]},{\"@type\":\"Person\",\"@id\":\"https:\/\/insurancecorp.com.br\/pt\/#\/schema\/person\/1b69c8cf325f0b7167f1b171f52df4af\",\"name\":\"Publica\\u00e7\\u00e3o\",\"image\":{\"@type\":\"ImageObject\",\"@id\":\"https:\/\/insurancecorp.com.br\/pt\/#personlogo\",\"inLanguage\":\"pt-BR\",\"url\":\"https:\/\/secure.gravatar.com\/avatar\/17226f1f60486eb25d4c6b301ffed37f?s=96&d=mm&r=g\",\"caption\":\"Publica\\u00e7\\u00e3o\"}}]}<\/script>\n<!-- \/ Yoast SEO plugin. -->","_links":{"self":[{"href":"https:\/\/insurancecorp.com.br\/pt\/wp-json\/wp\/v2\/posts\/79098"}],"collection":[{"href":"https:\/\/insurancecorp.com.br\/pt\/wp-json\/wp\/v2\/posts"}],"about":[{"href":"https:\/\/insurancecorp.com.br\/pt\/wp-json\/wp\/v2\/types\/post"}],"author":[{"embeddable":true,"href":"https:\/\/insurancecorp.com.br\/pt\/wp-json\/wp\/v2\/users\/2"}],"replies":[{"embeddable":true,"href":"https:\/\/insurancecorp.com.br\/pt\/wp-json\/wp\/v2\/comments?post=79098"}],"version-history":[{"count":2,"href":"https:\/\/insurancecorp.com.br\/pt\/wp-json\/wp\/v2\/posts\/79098\/revisions"}],"predecessor-version":[{"id":79101,"href":"https:\/\/insurancecorp.com.br\/pt\/wp-json\/wp\/v2\/posts\/79098\/revisions\/79101"}],"wp:featuredmedia":[{"embeddable":true,"href":"https:\/\/insurancecorp.com.br\/pt\/wp-json\/wp\/v2\/media\/79099"}],"wp:attachment":[{"href":"https:\/\/insurancecorp.com.br\/pt\/wp-json\/wp\/v2\/media?parent=79098"}],"wp:term":[{"taxonomy":"category","embeddable":true,"href":"https:\/\/insurancecorp.com.br\/pt\/wp-json\/wp\/v2\/categories?post=79098"},{"taxonomy":"post_tag","embeddable":true,"href":"https:\/\/insurancecorp.com.br\/pt\/wp-json\/wp\/v2\/tags?post=79098"}],"curies":[{"name":"wp","href":"https:\/\/api.w.org\/{rel}","templated":true}]}}