{"id":79094,"date":"2026-04-28T12:32:36","date_gmt":"2026-04-28T15:32:36","guid":{"rendered":"https:\/\/insurancecorp.com.br\/pt\/?p=79094"},"modified":"2026-04-28T12:32:36","modified_gmt":"2026-04-28T15:32:36","slug":"tempo-reforca-inteligencia-logistica-para-o-feriado-de-1o-de-maio","status":"publish","type":"post","link":"https:\/\/insurancecorp.com.br\/pt\/2026\/04\/28\/tempo-reforca-inteligencia-logistica-para-o-feriado-de-1o-de-maio\/","title":{"rendered":"Tempo refor\u00e7a intelig\u00eancia log\u00edstica para o feriado de 1\u00ba de maio"},"content":{"rendered":"<p align=\"justify\">Na pr\u00f3xima sexta-feira, 1\u00ba de maio, \u00e9 celebrado o Dia do Trabalho e o Pa\u00eds inteiro se prepara para um feriado prolongado de tr\u00eas dias. Nesse per\u00edodo, \u00e9 esperado o aumento do movimento nas estradas e a demanda por servi\u00e7os de conveni\u00eancia tendem a se concentrar, gerando um volume intenso de solicita\u00e7\u00f5es em um curto intervalo. Antecipando-se a esse fluxo, a\u00a0<a href=\"https:\/\/tempo.com.vc\/\" target=\"_blank\" rel=\"noopener noreferrer\">Tempo<\/a>, companhia l\u00edder nos segmentos de assist\u00eancias, conveni\u00eancias e servi\u00e7os especializados, estruturou uma opera\u00e7\u00e3o especial focada em garantir que a efici\u00eancia no atendimento aos consumidores permane\u00e7a inalterada.<\/p>\n<p align=\"justify\">A estrat\u00e9gia da companhia para o feriado envolve o refor\u00e7o t\u00e1tico de suas equipes de plant\u00e3o e a realoca\u00e7\u00e3o de parceiros para pontos estrat\u00e9gicos, com foco especial nos servi\u00e7os de mobilidade, como reboque e socorro mec\u00e2nico. Paralelamente, as centrais da Tempo operam com monitoramento intensivo para assegurar que as demandas residenciais \u2013 como emerg\u00eancias hidr\u00e1ulicas e el\u00e9tricas \u2013 sejam atendidas com rapidez, superando os desafios log\u00edsticos t\u00edpicos de dias de recesso.<\/p>\n<p align=\"justify\">&#8220;Nosso compromisso \u00e9 ser o bra\u00e7o direito do consumidor em qualquer imprevisto. Para este 1\u00ba de maio, desenhamos uma malha de atendimento \u00e1gil, capaz de absorver a concentra\u00e7\u00e3o de chamados caracter\u00edstica de um feriado de tr\u00eas dias, sem qualquer perda de qualidade. Estamos atentos n\u00e3o apenas ao volume de solicita\u00e7\u00f5es, mas tamb\u00e9m \u00e0s condi\u00e7\u00f5es clim\u00e1ticas at\u00edpicas, garantindo que nossos parceiros estejam preparados para oferecer suporte seguro e eficiente sob qualquer condi\u00e7\u00e3o&#8221;, destaca Anderson Ruiz, superintendente de rede da Tempo.<\/p>\n<p align=\"justify\">Al\u00e9m do suporte t\u00e9cnico, a Tempo preparou orienta\u00e7\u00f5es fundamentais para enfrentar a onda de calor que j\u00e1 atinge algumas partes do Brasil, como o interior de S\u00e3o Paulo. Para quem vai pegar a estrada, a regra de ouro \u00e9 a hidrata\u00e7\u00e3o constante e pausas frequentes para aliviar o estresse t\u00e9rmico, tanto do motorista quanto do ve\u00edculo. \u00c9 imprescind\u00edvel nunca deixar crian\u00e7as, idosos ou pets dentro do carro, mesmo com vidros abertos, pois a temperatura interna pode atingir n\u00edveis perigosos em poucos minutos. Al\u00e9m disso, o uso intenso do ar-condicionado exige aten\u00e7\u00e3o ao funcionamento do motor, que sofre maior esfor\u00e7o em condi\u00e7\u00f5es extremas de calor.<\/p>\n<p align=\"justify\">No ambiente dom\u00e9stico, a preven\u00e7\u00e3o \u00e9 a melhor forma de garantir o descanso. A recomenda\u00e7\u00e3o da companhia para os dias quentes \u00e9 manter os ambientes ventilados, preferencialmente durante as primeiras horas da manh\u00e3 e no final da tarde, e evitar o uso excessivo de aparelhos el\u00e9tricos que geram calor extra. Se o sistema de climatiza\u00e7\u00e3o da casa apresentar falhas, a rede de t\u00e9cnicos especializados da Tempo j\u00e1 est\u00e1 em prontid\u00e3o para atuar, garantindo que o feriado seja aproveitado com total conforto.<\/p>\n<p align=\"justify\">Com uma estrutura de rede inteligente e gestores dedicados em regime de plant\u00e3o, a Tempo assegura que, no asfalto ou no conforto do lar, o consumidor ter\u00e1 a assist\u00eancia necess\u00e1ria para seguir seu caminho. A companhia reafirma, assim, seu protagonismo em oferecer solu\u00e7\u00f5es r\u00e1pidas e seguras, transformando a tranquilidade em prioridade, mesmo nos per\u00edodos de maior desafio clim\u00e1tico.<\/p>\n<p align=\"justify\"><strong>Ketchum<\/strong><\/p>\n","protected":false},"excerpt":{"rendered":"<p>Na pr\u00f3xima sexta-feira, 1\u00ba de maio, \u00e9 celebrado o Dia do Trabalho e o Pa\u00eds inteiro se prepara para um feriado prolongado de tr\u00eas dias. Nesse per\u00edodo, \u00e9 esperado o aumento do movimento nas estradas e a demanda por servi\u00e7os de conveni\u00eancia tendem a se concentrar, gerando um volume intenso de solicita\u00e7\u00f5es em um curto [&hellip;]<\/p>\n","protected":false},"author":2,"featured_media":79095,"comment_status":"open","ping_status":"open","sticky":false,"template":"","format":"standard","meta":[],"categories":[10419],"tags":[15316,10045,6598,1072,10748,5748,7780],"jetpack_featured_media_url":"https:\/\/insurancecorp.com.br\/pt\/wp-content\/uploads\/2026\/04\/22df41be3d47e1292d12bfbebce4f883.png","yoast_head":"<!-- This site is optimized with the Yoast SEO plugin v14.8 - https:\/\/yoast.com\/wordpress\/plugins\/seo\/ -->\n<title>Tempo refor\u00e7a intelig\u00eancia log\u00edstica para o feriado de 1\u00ba de maio | Revista Insurance Corp | PT-BR<\/title>\n<meta name=\"robots\" content=\"index, follow\" \/>\n<meta name=\"googlebot\" content=\"index, follow, max-snippet:-1, max-image-preview:large, max-video-preview:-1\" \/>\n<meta name=\"bingbot\" content=\"index, follow, max-snippet:-1, max-image-preview:large, max-video-preview:-1\" \/>\n<link rel=\"canonical\" href=\"https:\/\/insurancecorp.com.br\/pt\/2026\/04\/28\/tempo-reforca-inteligencia-logistica-para-o-feriado-de-1o-de-maio\/\" \/>\n<meta property=\"og:locale\" content=\"pt_BR\" \/>\n<meta property=\"og:type\" content=\"article\" \/>\n<meta property=\"og:title\" content=\"Tempo refor\u00e7a intelig\u00eancia log\u00edstica para o feriado de 1\u00ba de maio | Revista Insurance Corp | PT-BR\" \/>\n<meta property=\"og:description\" content=\"Na pr\u00f3xima sexta-feira, 1\u00ba de maio, \u00e9 celebrado o Dia do Trabalho e o Pa\u00eds inteiro se prepara para um feriado prolongado de tr\u00eas dias. Nesse per\u00edodo, \u00e9 esperado o aumento do movimento nas estradas e a demanda por servi\u00e7os de conveni\u00eancia tendem a se concentrar, gerando um volume intenso de solicita\u00e7\u00f5es em um curto [&hellip;]\" \/>\n<meta property=\"og:url\" content=\"https:\/\/insurancecorp.com.br\/pt\/2026\/04\/28\/tempo-reforca-inteligencia-logistica-para-o-feriado-de-1o-de-maio\/\" \/>\n<meta property=\"og:site_name\" content=\"Revista Insurance Corp | PT-BR\" \/>\n<meta property=\"article:publisher\" content=\"https:\/\/www.facebook.com\/RevistaInsuranceCorp\/\" \/>\n<meta property=\"article:published_time\" content=\"2026-04-28T15:32:36+00:00\" \/>\n<meta property=\"og:image\" content=\"https:\/\/insurancecorp.com.br\/pt\/wp-content\/uploads\/2026\/04\/22df41be3d47e1292d12bfbebce4f883-1024x559.png\" \/>\n\t<meta property=\"og:image:width\" content=\"1024\" \/>\n\t<meta property=\"og:image:height\" content=\"559\" \/>\n<meta name=\"twitter:card\" content=\"summary\" \/>\n<script type=\"application\/ld+json\" class=\"yoast-schema-graph\">{\"@context\":\"https:\/\/schema.org\",\"@graph\":[{\"@type\":\"Organization\",\"@id\":\"https:\/\/insurancecorp.com.br\/pt\/#organization\",\"name\":\"Revista Insurance Corp\",\"url\":\"https:\/\/insurancecorp.com.br\/pt\/\",\"sameAs\":[\"https:\/\/www.facebook.com\/RevistaInsuranceCorp\/\"],\"logo\":{\"@type\":\"ImageObject\",\"@id\":\"https:\/\/insurancecorp.com.br\/pt\/#logo\",\"inLanguage\":\"pt-BR\",\"url\":\"\",\"caption\":\"Revista Insurance Corp\"},\"image\":{\"@id\":\"https:\/\/insurancecorp.com.br\/pt\/#logo\"}},{\"@type\":\"WebSite\",\"@id\":\"https:\/\/insurancecorp.com.br\/pt\/#website\",\"url\":\"https:\/\/insurancecorp.com.br\/pt\/\",\"name\":\"Revista Insurance Corp | PT-BR\",\"description\":\"A \\u00fanica revista bil\\u00edngue voltada ao mercado de seguro.\",\"publisher\":{\"@id\":\"https:\/\/insurancecorp.com.br\/pt\/#organization\"},\"potentialAction\":[{\"@type\":\"SearchAction\",\"target\":\"https:\/\/insurancecorp.com.br\/pt\/?s={search_term_string}\",\"query-input\":\"required name=search_term_string\"}],\"inLanguage\":\"pt-BR\"},{\"@type\":\"ImageObject\",\"@id\":\"https:\/\/insurancecorp.com.br\/pt\/2026\/04\/28\/tempo-reforca-inteligencia-logistica-para-o-feriado-de-1o-de-maio\/#primaryimage\",\"inLanguage\":\"pt-BR\",\"url\":\"https:\/\/insurancecorp.com.br\/pt\/wp-content\/uploads\/2026\/04\/22df41be3d47e1292d12bfbebce4f883.png\",\"width\":1408,\"height\":768},{\"@type\":\"WebPage\",\"@id\":\"https:\/\/insurancecorp.com.br\/pt\/2026\/04\/28\/tempo-reforca-inteligencia-logistica-para-o-feriado-de-1o-de-maio\/#webpage\",\"url\":\"https:\/\/insurancecorp.com.br\/pt\/2026\/04\/28\/tempo-reforca-inteligencia-logistica-para-o-feriado-de-1o-de-maio\/\",\"name\":\"Tempo refor\\u00e7a intelig\\u00eancia log\\u00edstica para o feriado de 1\\u00ba de maio | Revista Insurance Corp | PT-BR\",\"isPartOf\":{\"@id\":\"https:\/\/insurancecorp.com.br\/pt\/#website\"},\"primaryImageOfPage\":{\"@id\":\"https:\/\/insurancecorp.com.br\/pt\/2026\/04\/28\/tempo-reforca-inteligencia-logistica-para-o-feriado-de-1o-de-maio\/#primaryimage\"},\"datePublished\":\"2026-04-28T15:32:36+00:00\",\"dateModified\":\"2026-04-28T15:32:36+00:00\",\"inLanguage\":\"pt-BR\",\"potentialAction\":[{\"@type\":\"ReadAction\",\"target\":[\"https:\/\/insurancecorp.com.br\/pt\/2026\/04\/28\/tempo-reforca-inteligencia-logistica-para-o-feriado-de-1o-de-maio\/\"]}]},{\"@type\":\"Article\",\"@id\":\"https:\/\/insurancecorp.com.br\/pt\/2026\/04\/28\/tempo-reforca-inteligencia-logistica-para-o-feriado-de-1o-de-maio\/#article\",\"isPartOf\":{\"@id\":\"https:\/\/insurancecorp.com.br\/pt\/2026\/04\/28\/tempo-reforca-inteligencia-logistica-para-o-feriado-de-1o-de-maio\/#webpage\"},\"author\":{\"@id\":\"https:\/\/insurancecorp.com.br\/pt\/#\/schema\/person\/1b69c8cf325f0b7167f1b171f52df4af\"},\"headline\":\"Tempo refor\\u00e7a intelig\\u00eancia log\\u00edstica para o feriado de 1\\u00ba de maio\",\"datePublished\":\"2026-04-28T15:32:36+00:00\",\"dateModified\":\"2026-04-28T15:32:36+00:00\",\"mainEntityOfPage\":{\"@id\":\"https:\/\/insurancecorp.com.br\/pt\/2026\/04\/28\/tempo-reforca-inteligencia-logistica-para-o-feriado-de-1o-de-maio\/#webpage\"},\"commentCount\":0,\"publisher\":{\"@id\":\"https:\/\/insurancecorp.com.br\/pt\/#organization\"},\"image\":{\"@id\":\"https:\/\/insurancecorp.com.br\/pt\/2026\/04\/28\/tempo-reforca-inteligencia-logistica-para-o-feriado-de-1o-de-maio\/#primaryimage\"},\"keywords\":\"1\\u00ba,feriado,intelig\\u00eancia,log\\u00edstica,Maio,refor\\u00e7a,Tempo\",\"articleSection\":\"Tempo Assist\\u00eancia\",\"inLanguage\":\"pt-BR\",\"potentialAction\":[{\"@type\":\"CommentAction\",\"name\":\"Comment\",\"target\":[\"https:\/\/insurancecorp.com.br\/pt\/2026\/04\/28\/tempo-reforca-inteligencia-logistica-para-o-feriado-de-1o-de-maio\/#respond\"]}]},{\"@type\":\"Person\",\"@id\":\"https:\/\/insurancecorp.com.br\/pt\/#\/schema\/person\/1b69c8cf325f0b7167f1b171f52df4af\",\"name\":\"Publica\\u00e7\\u00e3o\",\"image\":{\"@type\":\"ImageObject\",\"@id\":\"https:\/\/insurancecorp.com.br\/pt\/#personlogo\",\"inLanguage\":\"pt-BR\",\"url\":\"https:\/\/secure.gravatar.com\/avatar\/17226f1f60486eb25d4c6b301ffed37f?s=96&d=mm&r=g\",\"caption\":\"Publica\\u00e7\\u00e3o\"}}]}<\/script>\n<!-- \/ Yoast SEO plugin. -->","_links":{"self":[{"href":"https:\/\/insurancecorp.com.br\/pt\/wp-json\/wp\/v2\/posts\/79094"}],"collection":[{"href":"https:\/\/insurancecorp.com.br\/pt\/wp-json\/wp\/v2\/posts"}],"about":[{"href":"https:\/\/insurancecorp.com.br\/pt\/wp-json\/wp\/v2\/types\/post"}],"author":[{"embeddable":true,"href":"https:\/\/insurancecorp.com.br\/pt\/wp-json\/wp\/v2\/users\/2"}],"replies":[{"embeddable":true,"href":"https:\/\/insurancecorp.com.br\/pt\/wp-json\/wp\/v2\/comments?post=79094"}],"version-history":[{"count":1,"href":"https:\/\/insurancecorp.com.br\/pt\/wp-json\/wp\/v2\/posts\/79094\/revisions"}],"predecessor-version":[{"id":79096,"href":"https:\/\/insurancecorp.com.br\/pt\/wp-json\/wp\/v2\/posts\/79094\/revisions\/79096"}],"wp:featuredmedia":[{"embeddable":true,"href":"https:\/\/insurancecorp.com.br\/pt\/wp-json\/wp\/v2\/media\/79095"}],"wp:attachment":[{"href":"https:\/\/insurancecorp.com.br\/pt\/wp-json\/wp\/v2\/media?parent=79094"}],"wp:term":[{"taxonomy":"category","embeddable":true,"href":"https:\/\/insurancecorp.com.br\/pt\/wp-json\/wp\/v2\/categories?post=79094"},{"taxonomy":"post_tag","embeddable":true,"href":"https:\/\/insurancecorp.com.br\/pt\/wp-json\/wp\/v2\/tags?post=79094"}],"curies":[{"name":"wp","href":"https:\/\/api.w.org\/{rel}","templated":true}]}}