{"id":79090,"date":"2026-04-28T12:19:19","date_gmt":"2026-04-28T15:19:19","guid":{"rendered":"https:\/\/insurancecorp.com.br\/pt\/?p=79090"},"modified":"2026-04-28T12:19:19","modified_gmt":"2026-04-28T15:19:19","slug":"porto-abre-inscricoes-para-o-programa-de-formacao-da-ti","status":"publish","type":"post","link":"https:\/\/insurancecorp.com.br\/pt\/2026\/04\/28\/porto-abre-inscricoes-para-o-programa-de-formacao-da-ti\/","title":{"rendered":"Porto abre inscri\u00e7\u00f5es para o Programa de Forma\u00e7\u00e3o da TI"},"content":{"rendered":"<p align=\"justify\">Est\u00e3o abertas as inscri\u00e7\u00f5es para a 19\u00aa edi\u00e7\u00e3o do Programa de Forma\u00e7\u00e3o da TI da Porto, iniciativa gratuita voltada \u00e0 capacita\u00e7\u00e3o de profissionais para atuar no setor de Tecnologia da Informa\u00e7\u00e3o. Os interessados poder\u00e3o se inscrever at\u00e9 15 de maio. Ao todo, ser\u00e3o oferecidas 40 vagas, com possibilidade de contrata\u00e7\u00e3o futura pela companhia para os participantes de destaque.<\/p>\n<p align=\"justify\">Criado com o objetivo de ampliar o acesso \u00e0 forma\u00e7\u00e3o em tecnologia e contribuir para o desenvolvimento de novos talentos, o programa busca preparar os participantes para diferentes \u00e1reas de atua\u00e7\u00e3o em TI, combinando conte\u00fado t\u00e9cnico, viv\u00eancias pr\u00e1ticas e desenvolvimento de habilidades comportamentais. Ao longo de suas 18 edi\u00e7\u00f5es, a iniciativa j\u00e1 formou cerca de 500 profissionais, consolidando-se como uma importante porta de entrada para quem deseja construir carreira no setor.<\/p>\n<p align=\"justify\">A forma\u00e7\u00e3o est\u00e1 alinhada \u00e0 estrat\u00e9gia da Porto de acelerar sua transforma\u00e7\u00e3o digital e ampliar o uso de tecnologia em diferentes frentes do neg\u00f3cio. Nos \u00faltimos anos, a companhia tem investido em iniciativas voltadas \u00e0 moderniza\u00e7\u00e3o de processos, desenvolvimento de solu\u00e7\u00f5es digitais, uso de dados e intelig\u00eancia artificial generativa, al\u00e9m da cria\u00e7\u00e3o de experi\u00eancias cada vez mais integradas para clientes, parceiros e corretores.<\/p>\n<p align=\"justify\">&#8220;Por meio do Programa de Forma\u00e7\u00e3o da TI, a Porto reafirma seu compromisso com a forma\u00e7\u00e3o de novos talentos e com o desenvolvimento de profissionais preparados para os desafios da transforma\u00e7\u00e3o digital. Mais do que ensinar tecnologia, queremos criar oportunidades para que essa nova gera\u00e7\u00e3o possa construir uma trajet\u00f3ria de carreira consistente e fazer parte de um ambiente inovador e colaborativo&#8221;, afirma Marcos Sirelli, vice-presidente de Tecnologia, Dados e Atendimento da Porto.<\/p>\n<p align=\"justify\">A edi\u00e7\u00e3o de 2026 ter\u00e1 in\u00edcio em 1\u00ba de junho e contar\u00e1 com a seguinte estrutura: um m\u00eas de treinamento on-line e ao vivo, em parceria com a SoulCode Academy \u2014 edtech brasileira que tem como prop\u00f3sito democratizar a educa\u00e7\u00e3o tecnol\u00f3gica e a intelig\u00eancia artificial no mundo \u2014, seguidos de dois meses de capacita\u00e7\u00e3o presencial na Porto para os participantes contratados.<\/p>\n<p align=\"justify\">A trilha de forma\u00e7\u00e3o inclui aulas de desenvolvimento Java Full Stack, proporcionando aos participantes conhecimento t\u00e9cnico e viv\u00eancias pr\u00e1ticas em um ecossistema personalizado. O Programa tamb\u00e9m oferece aulas de ingl\u00eas e desenvolvimento de soft skills, ampliando a prepara\u00e7\u00e3o dos alunos para os desafios do mercado de tecnologia.<\/p>\n<p align=\"justify\">&#8220;Na SoulCode, acreditamos que a educa\u00e7\u00e3o \u00e9 o principal motor de transforma\u00e7\u00e3o social e profissional. A parceria com a Porto refor\u00e7a esse prop\u00f3sito e, juntos, estruturamos uma forma\u00e7\u00e3o que conecta aprendizado pr\u00e1tico \u00e0s demandas reais do mercado, preparando talentos para atuar com confian\u00e7a no setor de tecnologia. Agradecemos \u00e0 Porto pela confian\u00e7a no nosso trabalho desde 2022, seguimos juntos promovendo inclus\u00e3o digital e ampliando oportunidades&#8221;, afirma Carmela Borst, CEO e cofundadora da SoulCode.<\/p>\n<p align=\"justify\">Podem participar pessoas com mais de 18 anos, preferencialmente residentes em S\u00e3o Paulo e formadas ou cursando gradua\u00e7\u00e3o na \u00e1rea de tecnologia. As inscri\u00e7\u00f5es devem ser feitas pelo\u00a0<a href=\"https:\/\/porto.vc\/formacaodati2026\" target=\"_blank\" rel=\"noopener noreferrer\">Link<\/a>.<\/p>\n<p align=\"justify\"><strong>PROS Comunica\u00e7\u00e3o<\/strong><\/p>\n","protected":false},"excerpt":{"rendered":"<p>Est\u00e3o abertas as inscri\u00e7\u00f5es para a 19\u00aa edi\u00e7\u00e3o do Programa de Forma\u00e7\u00e3o da TI da Porto, iniciativa gratuita voltada \u00e0 capacita\u00e7\u00e3o de profissionais para atuar no setor de Tecnologia da Informa\u00e7\u00e3o. Os interessados poder\u00e3o se inscrever at\u00e9 15 de maio. Ao todo, ser\u00e3o oferecidas 40 vagas, com possibilidade de contrata\u00e7\u00e3o futura pela companhia para os [&hellip;]<\/p>\n","protected":false},"author":2,"featured_media":63304,"comment_status":"open","ping_status":"open","sticky":false,"template":"","format":"standard","meta":[],"categories":[2851],"tags":[8098,4113,3962,2853,2499,1640],"jetpack_featured_media_url":"https:\/\/insurancecorp.com.br\/pt\/wp-content\/uploads\/2025\/01\/Design-sem-nome-8-e1761057474617.png","yoast_head":"<!-- This site is optimized with the Yoast SEO plugin v14.8 - https:\/\/yoast.com\/wordpress\/plugins\/seo\/ -->\n<title>Porto abre inscri\u00e7\u00f5es para o Programa de Forma\u00e7\u00e3o da TI | Revista Insurance Corp | PT-BR<\/title>\n<meta name=\"robots\" content=\"index, follow\" \/>\n<meta name=\"googlebot\" content=\"index, follow, max-snippet:-1, max-image-preview:large, max-video-preview:-1\" \/>\n<meta name=\"bingbot\" content=\"index, follow, max-snippet:-1, max-image-preview:large, max-video-preview:-1\" \/>\n<link rel=\"canonical\" href=\"https:\/\/insurancecorp.com.br\/pt\/2026\/04\/28\/porto-abre-inscricoes-para-o-programa-de-formacao-da-ti\/\" \/>\n<meta property=\"og:locale\" content=\"pt_BR\" \/>\n<meta property=\"og:type\" content=\"article\" \/>\n<meta property=\"og:title\" content=\"Porto abre inscri\u00e7\u00f5es para o Programa de Forma\u00e7\u00e3o da TI | Revista Insurance Corp | PT-BR\" \/>\n<meta property=\"og:description\" content=\"Est\u00e3o abertas as inscri\u00e7\u00f5es para a 19\u00aa edi\u00e7\u00e3o do Programa de Forma\u00e7\u00e3o da TI da Porto, iniciativa gratuita voltada \u00e0 capacita\u00e7\u00e3o de profissionais para atuar no setor de Tecnologia da Informa\u00e7\u00e3o. Os interessados poder\u00e3o se inscrever at\u00e9 15 de maio. Ao todo, ser\u00e3o oferecidas 40 vagas, com possibilidade de contrata\u00e7\u00e3o futura pela companhia para os [&hellip;]\" \/>\n<meta property=\"og:url\" content=\"https:\/\/insurancecorp.com.br\/pt\/2026\/04\/28\/porto-abre-inscricoes-para-o-programa-de-formacao-da-ti\/\" \/>\n<meta property=\"og:site_name\" content=\"Revista Insurance Corp | PT-BR\" \/>\n<meta property=\"article:publisher\" content=\"https:\/\/www.facebook.com\/RevistaInsuranceCorp\/\" \/>\n<meta property=\"article:published_time\" content=\"2026-04-28T15:19:19+00:00\" \/>\n<meta property=\"og:image\" content=\"https:\/\/insurancecorp.com.br\/pt\/wp-content\/uploads\/2025\/01\/Design-sem-nome-8-e1761057474617.png\" \/>\n\t<meta property=\"og:image:width\" content=\"6912\" \/>\n\t<meta property=\"og:image:height\" content=\"3352\" \/>\n<meta name=\"twitter:card\" content=\"summary\" \/>\n<script type=\"application\/ld+json\" class=\"yoast-schema-graph\">{\"@context\":\"https:\/\/schema.org\",\"@graph\":[{\"@type\":\"Organization\",\"@id\":\"https:\/\/insurancecorp.com.br\/pt\/#organization\",\"name\":\"Revista Insurance Corp\",\"url\":\"https:\/\/insurancecorp.com.br\/pt\/\",\"sameAs\":[\"https:\/\/www.facebook.com\/RevistaInsuranceCorp\/\"],\"logo\":{\"@type\":\"ImageObject\",\"@id\":\"https:\/\/insurancecorp.com.br\/pt\/#logo\",\"inLanguage\":\"pt-BR\",\"url\":\"\",\"caption\":\"Revista Insurance Corp\"},\"image\":{\"@id\":\"https:\/\/insurancecorp.com.br\/pt\/#logo\"}},{\"@type\":\"WebSite\",\"@id\":\"https:\/\/insurancecorp.com.br\/pt\/#website\",\"url\":\"https:\/\/insurancecorp.com.br\/pt\/\",\"name\":\"Revista Insurance Corp | PT-BR\",\"description\":\"A \\u00fanica revista bil\\u00edngue voltada ao mercado de seguro.\",\"publisher\":{\"@id\":\"https:\/\/insurancecorp.com.br\/pt\/#organization\"},\"potentialAction\":[{\"@type\":\"SearchAction\",\"target\":\"https:\/\/insurancecorp.com.br\/pt\/?s={search_term_string}\",\"query-input\":\"required name=search_term_string\"}],\"inLanguage\":\"pt-BR\"},{\"@type\":\"ImageObject\",\"@id\":\"https:\/\/insurancecorp.com.br\/pt\/2026\/04\/28\/porto-abre-inscricoes-para-o-programa-de-formacao-da-ti\/#primaryimage\",\"inLanguage\":\"pt-BR\",\"url\":\"https:\/\/insurancecorp.com.br\/pt\/wp-content\/uploads\/2025\/01\/Design-sem-nome-8-e1761057474617.png\",\"width\":6912,\"height\":3352},{\"@type\":\"WebPage\",\"@id\":\"https:\/\/insurancecorp.com.br\/pt\/2026\/04\/28\/porto-abre-inscricoes-para-o-programa-de-formacao-da-ti\/#webpage\",\"url\":\"https:\/\/insurancecorp.com.br\/pt\/2026\/04\/28\/porto-abre-inscricoes-para-o-programa-de-formacao-da-ti\/\",\"name\":\"Porto abre inscri\\u00e7\\u00f5es para o Programa de Forma\\u00e7\\u00e3o da TI | Revista Insurance Corp | PT-BR\",\"isPartOf\":{\"@id\":\"https:\/\/insurancecorp.com.br\/pt\/#website\"},\"primaryImageOfPage\":{\"@id\":\"https:\/\/insurancecorp.com.br\/pt\/2026\/04\/28\/porto-abre-inscricoes-para-o-programa-de-formacao-da-ti\/#primaryimage\"},\"datePublished\":\"2026-04-28T15:19:19+00:00\",\"dateModified\":\"2026-04-28T15:19:19+00:00\",\"inLanguage\":\"pt-BR\",\"potentialAction\":[{\"@type\":\"ReadAction\",\"target\":[\"https:\/\/insurancecorp.com.br\/pt\/2026\/04\/28\/porto-abre-inscricoes-para-o-programa-de-formacao-da-ti\/\"]}]},{\"@type\":\"Article\",\"@id\":\"https:\/\/insurancecorp.com.br\/pt\/2026\/04\/28\/porto-abre-inscricoes-para-o-programa-de-formacao-da-ti\/#article\",\"isPartOf\":{\"@id\":\"https:\/\/insurancecorp.com.br\/pt\/2026\/04\/28\/porto-abre-inscricoes-para-o-programa-de-formacao-da-ti\/#webpage\"},\"author\":{\"@id\":\"https:\/\/insurancecorp.com.br\/pt\/#\/schema\/person\/1b69c8cf325f0b7167f1b171f52df4af\"},\"headline\":\"Porto abre inscri\\u00e7\\u00f5es para o Programa de Forma\\u00e7\\u00e3o da TI\",\"datePublished\":\"2026-04-28T15:19:19+00:00\",\"dateModified\":\"2026-04-28T15:19:19+00:00\",\"mainEntityOfPage\":{\"@id\":\"https:\/\/insurancecorp.com.br\/pt\/2026\/04\/28\/porto-abre-inscricoes-para-o-programa-de-formacao-da-ti\/#webpage\"},\"commentCount\":0,\"publisher\":{\"@id\":\"https:\/\/insurancecorp.com.br\/pt\/#organization\"},\"image\":{\"@id\":\"https:\/\/insurancecorp.com.br\/pt\/2026\/04\/28\/porto-abre-inscricoes-para-o-programa-de-formacao-da-ti\/#primaryimage\"},\"keywords\":\"abre,forma\\u00e7\\u00e3o,inscri\\u00e7\\u00f5es,Porto,programa,TI\",\"articleSection\":\"Porto\",\"inLanguage\":\"pt-BR\",\"potentialAction\":[{\"@type\":\"CommentAction\",\"name\":\"Comment\",\"target\":[\"https:\/\/insurancecorp.com.br\/pt\/2026\/04\/28\/porto-abre-inscricoes-para-o-programa-de-formacao-da-ti\/#respond\"]}]},{\"@type\":\"Person\",\"@id\":\"https:\/\/insurancecorp.com.br\/pt\/#\/schema\/person\/1b69c8cf325f0b7167f1b171f52df4af\",\"name\":\"Publica\\u00e7\\u00e3o\",\"image\":{\"@type\":\"ImageObject\",\"@id\":\"https:\/\/insurancecorp.com.br\/pt\/#personlogo\",\"inLanguage\":\"pt-BR\",\"url\":\"https:\/\/secure.gravatar.com\/avatar\/17226f1f60486eb25d4c6b301ffed37f?s=96&d=mm&r=g\",\"caption\":\"Publica\\u00e7\\u00e3o\"}}]}<\/script>\n<!-- \/ Yoast SEO plugin. -->","_links":{"self":[{"href":"https:\/\/insurancecorp.com.br\/pt\/wp-json\/wp\/v2\/posts\/79090"}],"collection":[{"href":"https:\/\/insurancecorp.com.br\/pt\/wp-json\/wp\/v2\/posts"}],"about":[{"href":"https:\/\/insurancecorp.com.br\/pt\/wp-json\/wp\/v2\/types\/post"}],"author":[{"embeddable":true,"href":"https:\/\/insurancecorp.com.br\/pt\/wp-json\/wp\/v2\/users\/2"}],"replies":[{"embeddable":true,"href":"https:\/\/insurancecorp.com.br\/pt\/wp-json\/wp\/v2\/comments?post=79090"}],"version-history":[{"count":1,"href":"https:\/\/insurancecorp.com.br\/pt\/wp-json\/wp\/v2\/posts\/79090\/revisions"}],"predecessor-version":[{"id":79091,"href":"https:\/\/insurancecorp.com.br\/pt\/wp-json\/wp\/v2\/posts\/79090\/revisions\/79091"}],"wp:featuredmedia":[{"embeddable":true,"href":"https:\/\/insurancecorp.com.br\/pt\/wp-json\/wp\/v2\/media\/63304"}],"wp:attachment":[{"href":"https:\/\/insurancecorp.com.br\/pt\/wp-json\/wp\/v2\/media?parent=79090"}],"wp:term":[{"taxonomy":"category","embeddable":true,"href":"https:\/\/insurancecorp.com.br\/pt\/wp-json\/wp\/v2\/categories?post=79090"},{"taxonomy":"post_tag","embeddable":true,"href":"https:\/\/insurancecorp.com.br\/pt\/wp-json\/wp\/v2\/tags?post=79090"}],"curies":[{"name":"wp","href":"https:\/\/api.w.org\/{rel}","templated":true}]}}