{"id":79086,"date":"2026-04-28T12:13:12","date_gmt":"2026-04-28T15:13:12","guid":{"rendered":"https:\/\/insurancecorp.com.br\/pt\/?p=79086"},"modified":"2026-04-28T12:13:12","modified_gmt":"2026-04-28T15:13:12","slug":"allcare-anuncia-parceria-com-humana-saude-piaui","status":"publish","type":"post","link":"https:\/\/insurancecorp.com.br\/pt\/2026\/04\/28\/allcare-anuncia-parceria-com-humana-saude-piaui\/","title":{"rendered":"Allcare anuncia parceria com Humana Sa\u00fade Piau\u00ed"},"content":{"rendered":"<p align=\"justify\">A\u00a0Allcare Gestora de Sa\u00fade\u00a0e a\u00a0Humana Sa\u00fade Piau\u00ed\u00a0firmaram parceria para a oferta de planos coletivos por ades\u00e3o no estado. A iniciativa amplia o acesso da popula\u00e7\u00e3o a uma operadora consolidada na regi\u00e3o, com 30 anos de atua\u00e7\u00e3o e integrada ao Grupo Athena Sa\u00fade, que re\u00fane 1,5 milh\u00e3o de benefici\u00e1rios em todo o Brasil.<\/p>\n<p align=\"justify\">Com sede em Teresina, a Humana Sa\u00fade construiu uma opera\u00e7\u00e3o baseada na verticaliza\u00e7\u00e3o dos servi\u00e7os, reunindo hospitais, centros diagn\u00f3sticos e unidades pr\u00f3prias sob a mesma gest\u00e3o. Esse modelo permite maior controle da jornada do paciente, efici\u00eancia operacional e oferta de planos com custo mais competitivo em rela\u00e7\u00e3o \u00e0 m\u00e9dia do mercado.<\/p>\n<p align=\"justify\">A operadora se destaca especialmente pela for\u00e7a de sua rede pr\u00f3pria, com ativos relevantes como o Hospital Prontomed, o Hospital Santa Maria e as unidades da Med Imagem, refer\u00eancia em diagn\u00f3stico na regi\u00e3o. A atua\u00e7\u00e3o se estende a munic\u00edpios estrat\u00e9gicos do Piau\u00ed e tamb\u00e9m a estados como Maranh\u00e3o e Rio Grande do Norte, garantindo capilaridade e suporte assistencial em diferentes localidades.<\/p>\n<p align=\"justify\">Os planos coletivos por ades\u00e3o, viabilizados pela Allcare, s\u00e3o direcionados a profissionais liberais, servidores p\u00fablicos, estudantes e integrantes de entidades de classe. O modelo permite acesso a condi\u00e7\u00f5es mais competitivas, com benef\u00edcios adicionais e uma jornada mais estruturada de contrata\u00e7\u00e3o e relacionamento.<\/p>\n<p align=\"justify\">\u201cA parceria com a Allcare fortalece nossa estrat\u00e9gia de expans\u00e3o e amplia o acesso da popula\u00e7\u00e3o \u00e0 nossa rede. Nosso objetivo \u00e9 levar um modelo de cuidado que combina tecnologia, efici\u00eancia e atendimento humanizado a um n\u00famero cada vez maior de pessoas\u201d, afirma o Anselmo Martins, Diretor Comercial, Marketing e P\u00f3s-venda Nordeste da Humana Sa\u00fade Piau\u00ed.<\/p>\n<p align=\"justify\">Para Erika Queiroz, superintendente Comercial da Allcare, \u201ca chegada da Humana Sa\u00fade ao nosso portf\u00f3lio refor\u00e7a nossa atua\u00e7\u00e3o no Nordeste com uma operadora s\u00f3lida, que alia tradi\u00e7\u00e3o, estrutura pr\u00f3pria robusta e gest\u00e3o orientada por dados. \u00c9 uma parceria que amplia o acesso \u00e0 sa\u00fade de qualidade com consist\u00eancia e efici\u00eancia\u201d, destaca.<\/p>\n<p align=\"justify\">Todos os clientes dos planos coletivos por ades\u00e3o provenientes da parceria contar\u00e3o, sem custo adicional, com servi\u00e7os exclusivos oferecidos pela Allcare, como a Telemedicina Allcare, com atendimento m\u00e9dico online 24 horas por dia, sete dias por semana, sem limite de utiliza\u00e7\u00e3o, podendo incluir dependentes, al\u00e9m do Clube de Vantagens, com descontos em farm\u00e1cias, viagens e lojas online.<\/p>\n<p align=\"justify\"><strong>LT Guimaraes Comunica\u00e7\u00e3o<\/strong><\/p>\n<p align=\"justify\"><strong>Foto: <\/strong>Complexo Hospitalar Med Imagem, da Humana Sa\u00fade Piau\u00ed<\/p>\n","protected":false},"excerpt":{"rendered":"<p>A\u00a0Allcare Gestora de Sa\u00fade\u00a0e a\u00a0Humana Sa\u00fade Piau\u00ed\u00a0firmaram parceria para a oferta de planos coletivos por ades\u00e3o no estado. A iniciativa amplia o acesso da popula\u00e7\u00e3o a uma operadora consolidada na regi\u00e3o, com 30 anos de atua\u00e7\u00e3o e integrada ao Grupo Athena Sa\u00fade, que re\u00fane 1,5 milh\u00e3o de benefici\u00e1rios em todo o Brasil. Com sede em [&hellip;]<\/p>\n","protected":false},"author":2,"featured_media":79087,"comment_status":"open","ping_status":"open","sticky":false,"template":"","format":"standard","meta":[],"categories":[122],"tags":[5373,5618,14243,885,16588,1356],"jetpack_featured_media_url":"https:\/\/insurancecorp.com.br\/pt\/wp-content\/uploads\/2026\/04\/Picture1-e1777389168773.jpg","yoast_head":"<!-- This site is optimized with the Yoast SEO plugin v14.8 - https:\/\/yoast.com\/wordpress\/plugins\/seo\/ -->\n<title>Allcare anuncia parceria com Humana Sa\u00fade Piau\u00ed | Revista Insurance Corp | PT-BR<\/title>\n<meta name=\"robots\" content=\"index, follow\" \/>\n<meta name=\"googlebot\" content=\"index, follow, max-snippet:-1, max-image-preview:large, max-video-preview:-1\" \/>\n<meta name=\"bingbot\" content=\"index, follow, max-snippet:-1, max-image-preview:large, max-video-preview:-1\" \/>\n<link rel=\"canonical\" href=\"https:\/\/insurancecorp.com.br\/pt\/2026\/04\/28\/allcare-anuncia-parceria-com-humana-saude-piaui\/\" \/>\n<meta property=\"og:locale\" content=\"pt_BR\" \/>\n<meta property=\"og:type\" content=\"article\" \/>\n<meta property=\"og:title\" content=\"Allcare anuncia parceria com Humana Sa\u00fade Piau\u00ed | Revista Insurance Corp | PT-BR\" \/>\n<meta property=\"og:description\" content=\"A\u00a0Allcare Gestora de Sa\u00fade\u00a0e a\u00a0Humana Sa\u00fade Piau\u00ed\u00a0firmaram parceria para a oferta de planos coletivos por ades\u00e3o no estado. A iniciativa amplia o acesso da popula\u00e7\u00e3o a uma operadora consolidada na regi\u00e3o, com 30 anos de atua\u00e7\u00e3o e integrada ao Grupo Athena Sa\u00fade, que re\u00fane 1,5 milh\u00e3o de benefici\u00e1rios em todo o Brasil. Com sede em [&hellip;]\" \/>\n<meta property=\"og:url\" content=\"https:\/\/insurancecorp.com.br\/pt\/2026\/04\/28\/allcare-anuncia-parceria-com-humana-saude-piaui\/\" \/>\n<meta property=\"og:site_name\" content=\"Revista Insurance Corp | PT-BR\" \/>\n<meta property=\"article:publisher\" content=\"https:\/\/www.facebook.com\/RevistaInsuranceCorp\/\" \/>\n<meta property=\"article:published_time\" content=\"2026-04-28T15:13:12+00:00\" \/>\n<meta property=\"og:image\" content=\"https:\/\/insurancecorp.com.br\/pt\/wp-content\/uploads\/2026\/04\/Picture1-e1777389168773.jpg\" \/>\n\t<meta property=\"og:image:width\" content=\"990\" \/>\n\t<meta property=\"og:image:height\" content=\"396\" \/>\n<meta name=\"twitter:card\" content=\"summary\" \/>\n<script type=\"application\/ld+json\" class=\"yoast-schema-graph\">{\"@context\":\"https:\/\/schema.org\",\"@graph\":[{\"@type\":\"Organization\",\"@id\":\"https:\/\/insurancecorp.com.br\/pt\/#organization\",\"name\":\"Revista Insurance Corp\",\"url\":\"https:\/\/insurancecorp.com.br\/pt\/\",\"sameAs\":[\"https:\/\/www.facebook.com\/RevistaInsuranceCorp\/\"],\"logo\":{\"@type\":\"ImageObject\",\"@id\":\"https:\/\/insurancecorp.com.br\/pt\/#logo\",\"inLanguage\":\"pt-BR\",\"url\":\"\",\"caption\":\"Revista Insurance Corp\"},\"image\":{\"@id\":\"https:\/\/insurancecorp.com.br\/pt\/#logo\"}},{\"@type\":\"WebSite\",\"@id\":\"https:\/\/insurancecorp.com.br\/pt\/#website\",\"url\":\"https:\/\/insurancecorp.com.br\/pt\/\",\"name\":\"Revista Insurance Corp | PT-BR\",\"description\":\"A \\u00fanica revista bil\\u00edngue voltada ao mercado de seguro.\",\"publisher\":{\"@id\":\"https:\/\/insurancecorp.com.br\/pt\/#organization\"},\"potentialAction\":[{\"@type\":\"SearchAction\",\"target\":\"https:\/\/insurancecorp.com.br\/pt\/?s={search_term_string}\",\"query-input\":\"required name=search_term_string\"}],\"inLanguage\":\"pt-BR\"},{\"@type\":\"ImageObject\",\"@id\":\"https:\/\/insurancecorp.com.br\/pt\/2026\/04\/28\/allcare-anuncia-parceria-com-humana-saude-piaui\/#primaryimage\",\"inLanguage\":\"pt-BR\",\"url\":\"https:\/\/insurancecorp.com.br\/pt\/wp-content\/uploads\/2026\/04\/Picture1-e1777389168773.jpg\",\"width\":990,\"height\":396},{\"@type\":\"WebPage\",\"@id\":\"https:\/\/insurancecorp.com.br\/pt\/2026\/04\/28\/allcare-anuncia-parceria-com-humana-saude-piaui\/#webpage\",\"url\":\"https:\/\/insurancecorp.com.br\/pt\/2026\/04\/28\/allcare-anuncia-parceria-com-humana-saude-piaui\/\",\"name\":\"Allcare anuncia parceria com Humana Sa\\u00fade Piau\\u00ed | Revista Insurance Corp | PT-BR\",\"isPartOf\":{\"@id\":\"https:\/\/insurancecorp.com.br\/pt\/#website\"},\"primaryImageOfPage\":{\"@id\":\"https:\/\/insurancecorp.com.br\/pt\/2026\/04\/28\/allcare-anuncia-parceria-com-humana-saude-piaui\/#primaryimage\"},\"datePublished\":\"2026-04-28T15:13:12+00:00\",\"dateModified\":\"2026-04-28T15:13:12+00:00\",\"inLanguage\":\"pt-BR\",\"potentialAction\":[{\"@type\":\"ReadAction\",\"target\":[\"https:\/\/insurancecorp.com.br\/pt\/2026\/04\/28\/allcare-anuncia-parceria-com-humana-saude-piaui\/\"]}]},{\"@type\":\"Article\",\"@id\":\"https:\/\/insurancecorp.com.br\/pt\/2026\/04\/28\/allcare-anuncia-parceria-com-humana-saude-piaui\/#article\",\"isPartOf\":{\"@id\":\"https:\/\/insurancecorp.com.br\/pt\/2026\/04\/28\/allcare-anuncia-parceria-com-humana-saude-piaui\/#webpage\"},\"author\":{\"@id\":\"https:\/\/insurancecorp.com.br\/pt\/#\/schema\/person\/1b69c8cf325f0b7167f1b171f52df4af\"},\"headline\":\"Allcare anuncia parceria com Humana Sa\\u00fade Piau\\u00ed\",\"datePublished\":\"2026-04-28T15:13:12+00:00\",\"dateModified\":\"2026-04-28T15:13:12+00:00\",\"mainEntityOfPage\":{\"@id\":\"https:\/\/insurancecorp.com.br\/pt\/2026\/04\/28\/allcare-anuncia-parceria-com-humana-saude-piaui\/#webpage\"},\"commentCount\":0,\"publisher\":{\"@id\":\"https:\/\/insurancecorp.com.br\/pt\/#organization\"},\"image\":{\"@id\":\"https:\/\/insurancecorp.com.br\/pt\/2026\/04\/28\/allcare-anuncia-parceria-com-humana-saude-piaui\/#primaryimage\"},\"keywords\":\"AllCare,anuncia,humana,parceria,Piau\\u00ed,sa\\u00fade\",\"articleSection\":\"Sa\\u00fade Suplementar\",\"inLanguage\":\"pt-BR\",\"potentialAction\":[{\"@type\":\"CommentAction\",\"name\":\"Comment\",\"target\":[\"https:\/\/insurancecorp.com.br\/pt\/2026\/04\/28\/allcare-anuncia-parceria-com-humana-saude-piaui\/#respond\"]}]},{\"@type\":\"Person\",\"@id\":\"https:\/\/insurancecorp.com.br\/pt\/#\/schema\/person\/1b69c8cf325f0b7167f1b171f52df4af\",\"name\":\"Publica\\u00e7\\u00e3o\",\"image\":{\"@type\":\"ImageObject\",\"@id\":\"https:\/\/insurancecorp.com.br\/pt\/#personlogo\",\"inLanguage\":\"pt-BR\",\"url\":\"https:\/\/secure.gravatar.com\/avatar\/17226f1f60486eb25d4c6b301ffed37f?s=96&d=mm&r=g\",\"caption\":\"Publica\\u00e7\\u00e3o\"}}]}<\/script>\n<!-- \/ Yoast SEO plugin. -->","_links":{"self":[{"href":"https:\/\/insurancecorp.com.br\/pt\/wp-json\/wp\/v2\/posts\/79086"}],"collection":[{"href":"https:\/\/insurancecorp.com.br\/pt\/wp-json\/wp\/v2\/posts"}],"about":[{"href":"https:\/\/insurancecorp.com.br\/pt\/wp-json\/wp\/v2\/types\/post"}],"author":[{"embeddable":true,"href":"https:\/\/insurancecorp.com.br\/pt\/wp-json\/wp\/v2\/users\/2"}],"replies":[{"embeddable":true,"href":"https:\/\/insurancecorp.com.br\/pt\/wp-json\/wp\/v2\/comments?post=79086"}],"version-history":[{"count":2,"href":"https:\/\/insurancecorp.com.br\/pt\/wp-json\/wp\/v2\/posts\/79086\/revisions"}],"predecessor-version":[{"id":79089,"href":"https:\/\/insurancecorp.com.br\/pt\/wp-json\/wp\/v2\/posts\/79086\/revisions\/79089"}],"wp:featuredmedia":[{"embeddable":true,"href":"https:\/\/insurancecorp.com.br\/pt\/wp-json\/wp\/v2\/media\/79087"}],"wp:attachment":[{"href":"https:\/\/insurancecorp.com.br\/pt\/wp-json\/wp\/v2\/media?parent=79086"}],"wp:term":[{"taxonomy":"category","embeddable":true,"href":"https:\/\/insurancecorp.com.br\/pt\/wp-json\/wp\/v2\/categories?post=79086"},{"taxonomy":"post_tag","embeddable":true,"href":"https:\/\/insurancecorp.com.br\/pt\/wp-json\/wp\/v2\/tags?post=79086"}],"curies":[{"name":"wp","href":"https:\/\/api.w.org\/{rel}","templated":true}]}}