{"id":7908,"date":"2019-05-13T13:58:21","date_gmt":"2019-05-13T16:58:21","guid":{"rendered":"https:\/\/insurancecorp.com.br\/pt\/?p=7908"},"modified":"2019-05-13T13:58:21","modified_gmt":"2019-05-13T16:58:21","slug":"robert-bittar-recebe-homenagem-no-1o-congrecor","status":"publish","type":"post","link":"https:\/\/insurancecorp.com.br\/pt\/2019\/05\/13\/robert-bittar-recebe-homenagem-no-1o-congrecor\/","title":{"rendered":"Robert Bittar recebe homenagem no 1\u00ba Congrecor"},"content":{"rendered":"<div class=\"center\">\n<div class=\"clearfix\">\n<div class=\"column-70 left\">\n<div class=\"text-noticie\">\n<p>O presidente da Escola Nacional de Seguros (ENS), Robert Bittar, foi homenageado durante o 1\u00ba Congresso Regional Centro-Oeste e Minas dos Corretores de Seguros (Congrecor), realizado nos dias 2 e 3 de maio, em Uberl\u00e2ndia (MG). O executivo foi reconhecido por contribuir com projetos relevantes na forma\u00e7\u00e3o e capacita\u00e7\u00e3o dos integrantes do mercado de seguros brasileiro.<\/p>\n<p>A homenagem aconteceu no segundo dia de atividades, quando os presidentes dos Sincors realizadores do evento (DF, GO, MG, MS e MT) entregaram a Bittar obras de arte criadas por artistas mineiros. Al\u00e9m dele, tamb\u00e9m receberam a distin\u00e7\u00e3o o deputado federal e presidente do Sincor-GO, Lucas Vergilio; o presidente da Fenacor, Armando Vergilio; e o ex-superintendente da Susep, Joaquim Mendanha.<\/p>\n<p>Para Bittar, momentos como esse precisam ser valorizados e comemorados. \u201cFiquei extremamente feliz e honrado com esta homenagem, principalmente porque foi motivada por uma causa t\u00e3o nobre. Sinto-me ainda mais estimulado para continuar capitaneando esse trabalho da ENS na forma\u00e7\u00e3o e capacita\u00e7\u00e3o profissional em seguros e \u00e1reas afins, que tanto contribui para o desenvolvimento do nosso setor\u201d, declarou.<\/p>\n<p>O executivo tamb\u00e9m esteve presente na mesa solene de abertura do congresso, que teve como tema \u201cInova\u00e7\u00e3o, Neg\u00f3cios e Oportunidades\u201d. Em seu pronunciamento, destacou as inova\u00e7\u00f5es que a ENS vem agregando aos seus programas educacionais. \u201cAproveitando o momento de maior inser\u00e7\u00e3o de tecnologia, nossa escola, amparada pelo mercado, busca ser uma institui\u00e7\u00e3o de forma\u00e7\u00e3o, em breve todos tomar\u00e3o conhecimento de novas mudan\u00e7as que est\u00e3o sendo implementadas no nosso ensino a dist\u00e2ncia\u201d, revelou.<\/p>\n<p><strong>Nota m\u00e1xima no MEC<\/strong><\/p>\n<p>Bittar participou, ainda, de <em>talk show<\/em> com Lucas Vergilio, Armando Vergilio e Marcio Coriolano, este \u00faltimo presidente da CNseg. As a\u00e7\u00f5es de enfrentamento \u00e0 amea\u00e7a do mercado marginal e o papel do corretor de seguros frente a desafios como a tecnologia e as crises econ\u00f4micas foram os temas debatidos.<\/p>\n<p>Em uma de suas interven\u00e7\u00f5es, o presidente da ENS falou sobre a atua\u00e7\u00e3o da Institui\u00e7\u00e3o em tempos dominados pela tecnologia. \u201cVivemos um momento diferente no setor de seguros e, portanto, temos oportunidades diferentes. A tecnologia est\u00e1 incorporada em praticamente todas as atividades do nosso cotidiano e nossa miss\u00e3o como institui\u00e7\u00e3o de ensino \u00e9 proporcionar a melhor forma\u00e7\u00e3o para os corretores de seguros manterem-se competitivos e relevantes\u201d, destacou.<\/p>\n<p>O executivo fez quest\u00e3o de mencionar mais uma nota m\u00e1xima recebida pela ENS em avalia\u00e7\u00e3o do Minist\u00e9rio da Educa\u00e7\u00e3o (MEC). \u201cEssa avalia\u00e7\u00e3o coroa uma jornada que come\u00e7ou em 1971, cujo saldo \u00e9 a forma\u00e7\u00e3o de 90 mil corretores de seguros ao longo destes anos. No entanto, tudo isso n\u00e3o \u00e9 motivo para acomoda\u00e7\u00e3o, pelo contr\u00e1rio, estamos estudando novas formas de inserir a ENS no mercado, desenvolvendo seu papel de escola de neg\u00f3cios e gest\u00e3o\u201d, concluiu Bittar.<\/p>\n<p>O diretor geral da ENS, Tarc\u00edsio Godoy, tamb\u00e9m prestigiou o evento, assim como as gestoras de Unidades Nivea Barros (Minas Gerais), Rosiane Rocha (Distrito Federal) e Duaine Kuhn (Goi\u00e1s). A Institui\u00e7\u00e3o contou ainda com estande onde divulgou seus programas educacionais, recebendo a visita de centenas de congressistas.<\/p>\n<p>O 1\u00ba Congrecor reuniu mais de 800 participantes e contou com apoio institucional da ENS.<\/p>\n<p>Fonte: Boletim da Escola Nacional de Seguros\/ENS<\/p>\n<\/div>\n<\/div>\n<\/div>\n<\/div>\n","protected":false},"excerpt":{"rendered":"<p>O presidente da Escola Nacional de Seguros (ENS), Robert Bittar, foi homenageado durante o 1\u00ba Congresso Regional Centro-Oeste e Minas dos Corretores de Seguros (Congrecor), realizado nos dias 2 e 3 de maio, em Uberl\u00e2ndia (MG). O executivo foi reconhecido por contribuir com projetos relevantes na forma\u00e7\u00e3o e capacita\u00e7\u00e3o dos integrantes do mercado de seguros [&hellip;]<\/p>\n","protected":false},"author":2,"featured_media":7909,"comment_status":"open","ping_status":"open","sticky":false,"template":"","format":"standard","meta":[],"categories":[118],"tags":[],"jetpack_featured_media_url":"https:\/\/insurancecorp.com.br\/pt\/wp-content\/uploads\/2019\/05\/Argo.png","yoast_head":"<!-- This site is optimized with the Yoast SEO plugin v14.8 - https:\/\/yoast.com\/wordpress\/plugins\/seo\/ -->\n<title>Robert Bittar recebe homenagem no 1\u00ba Congrecor | Revista Insurance Corp | PT-BR<\/title>\n<meta name=\"robots\" content=\"index, follow\" \/>\n<meta name=\"googlebot\" content=\"index, follow, max-snippet:-1, max-image-preview:large, max-video-preview:-1\" \/>\n<meta name=\"bingbot\" content=\"index, follow, max-snippet:-1, max-image-preview:large, max-video-preview:-1\" \/>\n<link rel=\"canonical\" href=\"https:\/\/insurancecorp.com.br\/pt\/2019\/05\/13\/robert-bittar-recebe-homenagem-no-1o-congrecor\/\" \/>\n<meta property=\"og:locale\" content=\"pt_BR\" \/>\n<meta property=\"og:type\" content=\"article\" \/>\n<meta property=\"og:title\" content=\"Robert Bittar recebe homenagem no 1\u00ba Congrecor | Revista Insurance Corp | PT-BR\" \/>\n<meta property=\"og:description\" content=\"O presidente da Escola Nacional de Seguros (ENS), Robert Bittar, foi homenageado durante o 1\u00ba Congresso Regional Centro-Oeste e Minas dos Corretores de Seguros (Congrecor), realizado nos dias 2 e 3 de maio, em Uberl\u00e2ndia (MG). O executivo foi reconhecido por contribuir com projetos relevantes na forma\u00e7\u00e3o e capacita\u00e7\u00e3o dos integrantes do mercado de seguros [&hellip;]\" \/>\n<meta property=\"og:url\" content=\"https:\/\/insurancecorp.com.br\/pt\/2019\/05\/13\/robert-bittar-recebe-homenagem-no-1o-congrecor\/\" \/>\n<meta property=\"og:site_name\" content=\"Revista Insurance Corp | PT-BR\" \/>\n<meta property=\"article:publisher\" content=\"https:\/\/www.facebook.com\/RevistaInsuranceCorp\/\" \/>\n<meta property=\"article:published_time\" content=\"2019-05-13T16:58:21+00:00\" \/>\n<meta property=\"og:image\" content=\"https:\/\/insurancecorp.com.br\/pt\/wp-content\/uploads\/2019\/05\/Argo.png\" \/>\n\t<meta property=\"og:image:width\" content=\"860\" \/>\n\t<meta property=\"og:image:height\" content=\"617\" \/>\n<meta name=\"twitter:card\" content=\"summary\" \/>\n<script type=\"application\/ld+json\" class=\"yoast-schema-graph\">{\"@context\":\"https:\/\/schema.org\",\"@graph\":[{\"@type\":\"Organization\",\"@id\":\"https:\/\/insurancecorp.com.br\/pt\/#organization\",\"name\":\"Revista Insurance Corp\",\"url\":\"https:\/\/insurancecorp.com.br\/pt\/\",\"sameAs\":[\"https:\/\/www.facebook.com\/RevistaInsuranceCorp\/\"],\"logo\":{\"@type\":\"ImageObject\",\"@id\":\"https:\/\/insurancecorp.com.br\/pt\/#logo\",\"inLanguage\":\"pt-BR\",\"url\":\"\",\"caption\":\"Revista Insurance Corp\"},\"image\":{\"@id\":\"https:\/\/insurancecorp.com.br\/pt\/#logo\"}},{\"@type\":\"WebSite\",\"@id\":\"https:\/\/insurancecorp.com.br\/pt\/#website\",\"url\":\"https:\/\/insurancecorp.com.br\/pt\/\",\"name\":\"Revista Insurance Corp | PT-BR\",\"description\":\"A \\u00fanica revista bil\\u00edngue voltada ao mercado de seguro.\",\"publisher\":{\"@id\":\"https:\/\/insurancecorp.com.br\/pt\/#organization\"},\"potentialAction\":[{\"@type\":\"SearchAction\",\"target\":\"https:\/\/insurancecorp.com.br\/pt\/?s={search_term_string}\",\"query-input\":\"required name=search_term_string\"}],\"inLanguage\":\"pt-BR\"},{\"@type\":\"ImageObject\",\"@id\":\"https:\/\/insurancecorp.com.br\/pt\/2019\/05\/13\/robert-bittar-recebe-homenagem-no-1o-congrecor\/#primaryimage\",\"inLanguage\":\"pt-BR\",\"url\":\"https:\/\/insurancecorp.com.br\/pt\/wp-content\/uploads\/2019\/05\/Argo.png\",\"width\":860,\"height\":617},{\"@type\":\"WebPage\",\"@id\":\"https:\/\/insurancecorp.com.br\/pt\/2019\/05\/13\/robert-bittar-recebe-homenagem-no-1o-congrecor\/#webpage\",\"url\":\"https:\/\/insurancecorp.com.br\/pt\/2019\/05\/13\/robert-bittar-recebe-homenagem-no-1o-congrecor\/\",\"name\":\"Robert Bittar recebe homenagem no 1\\u00ba Congrecor | Revista Insurance Corp | PT-BR\",\"isPartOf\":{\"@id\":\"https:\/\/insurancecorp.com.br\/pt\/#website\"},\"primaryImageOfPage\":{\"@id\":\"https:\/\/insurancecorp.com.br\/pt\/2019\/05\/13\/robert-bittar-recebe-homenagem-no-1o-congrecor\/#primaryimage\"},\"datePublished\":\"2019-05-13T16:58:21+00:00\",\"dateModified\":\"2019-05-13T16:58:21+00:00\",\"inLanguage\":\"pt-BR\",\"potentialAction\":[{\"@type\":\"ReadAction\",\"target\":[\"https:\/\/insurancecorp.com.br\/pt\/2019\/05\/13\/robert-bittar-recebe-homenagem-no-1o-congrecor\/\"]}]},{\"@type\":\"Article\",\"@id\":\"https:\/\/insurancecorp.com.br\/pt\/2019\/05\/13\/robert-bittar-recebe-homenagem-no-1o-congrecor\/#article\",\"isPartOf\":{\"@id\":\"https:\/\/insurancecorp.com.br\/pt\/2019\/05\/13\/robert-bittar-recebe-homenagem-no-1o-congrecor\/#webpage\"},\"author\":{\"@id\":\"https:\/\/insurancecorp.com.br\/pt\/#\/schema\/person\/1b69c8cf325f0b7167f1b171f52df4af\"},\"headline\":\"Robert Bittar recebe homenagem no 1\\u00ba Congrecor\",\"datePublished\":\"2019-05-13T16:58:21+00:00\",\"dateModified\":\"2019-05-13T16:58:21+00:00\",\"mainEntityOfPage\":{\"@id\":\"https:\/\/insurancecorp.com.br\/pt\/2019\/05\/13\/robert-bittar-recebe-homenagem-no-1o-congrecor\/#webpage\"},\"commentCount\":0,\"publisher\":{\"@id\":\"https:\/\/insurancecorp.com.br\/pt\/#organization\"},\"image\":{\"@id\":\"https:\/\/insurancecorp.com.br\/pt\/2019\/05\/13\/robert-bittar-recebe-homenagem-no-1o-congrecor\/#primaryimage\"},\"articleSection\":\"Escola Nacional de Seguros\",\"inLanguage\":\"pt-BR\",\"potentialAction\":[{\"@type\":\"CommentAction\",\"name\":\"Comment\",\"target\":[\"https:\/\/insurancecorp.com.br\/pt\/2019\/05\/13\/robert-bittar-recebe-homenagem-no-1o-congrecor\/#respond\"]}]},{\"@type\":\"Person\",\"@id\":\"https:\/\/insurancecorp.com.br\/pt\/#\/schema\/person\/1b69c8cf325f0b7167f1b171f52df4af\",\"name\":\"Publica\\u00e7\\u00e3o\",\"image\":{\"@type\":\"ImageObject\",\"@id\":\"https:\/\/insurancecorp.com.br\/pt\/#personlogo\",\"inLanguage\":\"pt-BR\",\"url\":\"https:\/\/secure.gravatar.com\/avatar\/17226f1f60486eb25d4c6b301ffed37f?s=96&d=mm&r=g\",\"caption\":\"Publica\\u00e7\\u00e3o\"}}]}<\/script>\n<!-- \/ Yoast SEO plugin. -->","_links":{"self":[{"href":"https:\/\/insurancecorp.com.br\/pt\/wp-json\/wp\/v2\/posts\/7908"}],"collection":[{"href":"https:\/\/insurancecorp.com.br\/pt\/wp-json\/wp\/v2\/posts"}],"about":[{"href":"https:\/\/insurancecorp.com.br\/pt\/wp-json\/wp\/v2\/types\/post"}],"author":[{"embeddable":true,"href":"https:\/\/insurancecorp.com.br\/pt\/wp-json\/wp\/v2\/users\/2"}],"replies":[{"embeddable":true,"href":"https:\/\/insurancecorp.com.br\/pt\/wp-json\/wp\/v2\/comments?post=7908"}],"version-history":[{"count":1,"href":"https:\/\/insurancecorp.com.br\/pt\/wp-json\/wp\/v2\/posts\/7908\/revisions"}],"predecessor-version":[{"id":7910,"href":"https:\/\/insurancecorp.com.br\/pt\/wp-json\/wp\/v2\/posts\/7908\/revisions\/7910"}],"wp:featuredmedia":[{"embeddable":true,"href":"https:\/\/insurancecorp.com.br\/pt\/wp-json\/wp\/v2\/media\/7909"}],"wp:attachment":[{"href":"https:\/\/insurancecorp.com.br\/pt\/wp-json\/wp\/v2\/media?parent=7908"}],"wp:term":[{"taxonomy":"category","embeddable":true,"href":"https:\/\/insurancecorp.com.br\/pt\/wp-json\/wp\/v2\/categories?post=7908"},{"taxonomy":"post_tag","embeddable":true,"href":"https:\/\/insurancecorp.com.br\/pt\/wp-json\/wp\/v2\/tags?post=7908"}],"curies":[{"name":"wp","href":"https:\/\/api.w.org\/{rel}","templated":true}]}}