{"id":79079,"date":"2026-04-28T11:38:56","date_gmt":"2026-04-28T14:38:56","guid":{"rendered":"https:\/\/insurancecorp.com.br\/pt\/?p=79079"},"modified":"2026-04-28T11:38:56","modified_gmt":"2026-04-28T14:38:56","slug":"grupo-a12-lanca-plataforma-corporativa-inovadora","status":"publish","type":"post","link":"https:\/\/insurancecorp.com.br\/pt\/2026\/04\/28\/grupo-a12-lanca-plataforma-corporativa-inovadora\/","title":{"rendered":"Grupo A12+ lan\u00e7a plataforma corporativa inovadora"},"content":{"rendered":"<p align=\"justify\">O Grupo A12+ acaba de lan\u00e7ar sua nova plataforma corporativa, um ambiente desenvolvido para integrar, organizar e fortalecer a gest\u00e3o interna das corretoras participantes. A ferramenta funciona como uma intranet estrat\u00e9gica e como um sistema de gest\u00e3o empresarial, conectando todos os membros em um \u00fanico espa\u00e7o, proporcionando maior organiza\u00e7\u00e3o operacional, governan\u00e7a e autonomia para as corretoras.<\/p>\n<p align=\"justify\">O ambiente conta com uma infraestrutura robusta, que re\u00fane diversas funcionalidades essenciais para o dia a dia das empresas. Entre os recursos dispon\u00edveis est\u00e3o a universidade corporativa, com trilhas de capacita\u00e7\u00e3o voltadas ao desencolvimento dos membros do grupo; m\u00f3dulos de gest\u00e3o de projetos, que facilitam a delega\u00e7\u00e3o e o acompanhamento de tarefas; e um disco virtual seguro para armazenamento e compartilhamento de documentos. Al\u00e9m disso, o m\u00f3dulo de marketing disponibiliza materiais comerciais e institucionais personaliz\u00e1veis, permitindo que cada corretora fortale\u00e7a sua identidade e Amplie sua atua\u00e7\u00e3o comercial no mercado.<\/p>\n<p align=\"justify\">\u201cA plataforma corporativa representa um marco na transforma\u00e7\u00e3o digital do Grupo A12+. Estamos criando um ambiente mais \u00e1gil e eficiente, permitindo que todas as corretoras operem de forma coordenada e com maior autonomia. Nosso objetivo \u00e9 facilitar a tomada de decis\u00f5es por meio da centraliza\u00e7\u00e3o de informa\u00e7\u00f5es e demandas, al\u00e9m de oferecer ferramentas que impulsionam o desenvolvimento e a capacita\u00e7\u00e3o cont\u00ednua das equipes.\u201d, explicou Renner Fidelis, presidente do Grupo A12+.<\/p>\n<p align=\"justify\">A gest\u00e3o estrat\u00e9gica oferecida pelo Grupo A12+ possibilita aos usu\u00e1rios um gerenciamento centralizado que fortalece a organiza\u00e7\u00e3o interna das corretoras e contribui diretamente para a efici\u00eancia operacional. A plataforma permite o controle das comunica\u00e7\u00f5es e solicita\u00e7\u00f5es de atendimento, al\u00e9m de garantir a rastreabilidade e maior agilidade nos processos. Tamb\u00e9m atua como um ambiente cont\u00ednuo de desenvolvimento, ao disponibilizar cursos e trilhas de aprendizagem focados no aprimoramento de compet\u00eancias t\u00e9cnicas e gerenciais.<\/p>\n<p align=\"justify\">Outro diferencial est\u00e1 no apoio direto \u00e0 opera\u00e7\u00e3o comercial das corretoras. A infraestrutura disponibiliza materiais institucionais e comerciais, preservando a identidade de cada empresa e fortalecendo sua presen\u00e7a no mercado. Al\u00e9m disso, por meio da integra\u00e7\u00e3o com fornecedor homologado, facilita o acesso a brindes promocionais e materiais institucionais, contribuindo para a padroniza\u00e7\u00e3o e profissionaliza\u00e7\u00e3o das a\u00e7\u00f5es de marketing.<\/p>\n<p align=\"justify\">Para o diretor de Marketing e Tecnologia, Flavio Lino de Paula, a centraliza\u00e7\u00e3o da comunica\u00e7\u00e3o institucional e do atendimento interno \u00e9 um dos diferenciais da plataforma. &#8220;Podemos registrar, delegar e acompanhar as solicita\u00e7\u00f5es de forma estruturada, garantindo a transpar\u00eancia e a efici\u00eancia nos processos. Com a integra\u00e7\u00e3o de diversos m\u00f3dulos, conseguimos oferecer um suporte completo \u00e0s corretoras, desde o marketing at\u00e9 a gest\u00e3o de projetos e rotinas operacionais. Em um mercado din\u00e2mico, essa ferramenta se torna essencial para promover decis\u00f5es mais assertivas e aumentar a competitividade das corretoras&#8221;, concluiu.<\/p>\n<p align=\"justify\">Com a nova plataforma corporativa, o Grupo A12+ refor\u00e7a seu compromisso com a inova\u00e7\u00e3o, a governan\u00e7a e o desenvolvimento sustent\u00e1vel das corretoras que integram o seu ecossistema.<\/p>\n<p align=\"justify\"><strong>DG Comunica\u00e7\u00e3o<\/strong><\/p>\n<p align=\"justify\"><strong>Foto: <\/strong>Flavio Lino de Paula, diretor de Marketing e Tecnologia e Renner Fidelis, presidente do Grupo A12+<\/p>\n","protected":false},"excerpt":{"rendered":"<p>O Grupo A12+ acaba de lan\u00e7ar sua nova plataforma corporativa, um ambiente desenvolvido para integrar, organizar e fortalecer a gest\u00e3o interna das corretoras participantes. A ferramenta funciona como uma intranet estrat\u00e9gica e como um sistema de gest\u00e3o empresarial, conectando todos os membros em um \u00fanico espa\u00e7o, proporcionando maior organiza\u00e7\u00e3o operacional, governan\u00e7a e autonomia para as [&hellip;]<\/p>\n","protected":false},"author":2,"featured_media":79080,"comment_status":"open","ping_status":"open","sticky":false,"template":"","format":"standard","meta":[],"categories":[93],"tags":[9399,15358,8757,6014,5013,1576],"jetpack_featured_media_url":"https:\/\/insurancecorp.com.br\/pt\/wp-content\/uploads\/2026\/04\/WhatsApp-Image-2026-04-28-at-09.58.22.jpeg","yoast_head":"<!-- This site is optimized with the Yoast SEO plugin v14.8 - https:\/\/yoast.com\/wordpress\/plugins\/seo\/ -->\n<title>Grupo A12+ lan\u00e7a plataforma corporativa inovadora | Revista Insurance Corp | PT-BR<\/title>\n<meta name=\"robots\" content=\"index, follow\" \/>\n<meta name=\"googlebot\" content=\"index, follow, max-snippet:-1, max-image-preview:large, max-video-preview:-1\" \/>\n<meta name=\"bingbot\" content=\"index, follow, max-snippet:-1, max-image-preview:large, max-video-preview:-1\" \/>\n<link rel=\"canonical\" href=\"https:\/\/insurancecorp.com.br\/pt\/2026\/04\/28\/grupo-a12-lanca-plataforma-corporativa-inovadora\/\" \/>\n<meta property=\"og:locale\" content=\"pt_BR\" \/>\n<meta property=\"og:type\" content=\"article\" \/>\n<meta property=\"og:title\" content=\"Grupo A12+ lan\u00e7a plataforma corporativa inovadora | Revista Insurance Corp | PT-BR\" \/>\n<meta property=\"og:description\" content=\"O Grupo A12+ acaba de lan\u00e7ar sua nova plataforma corporativa, um ambiente desenvolvido para integrar, organizar e fortalecer a gest\u00e3o interna das corretoras participantes. A ferramenta funciona como uma intranet estrat\u00e9gica e como um sistema de gest\u00e3o empresarial, conectando todos os membros em um \u00fanico espa\u00e7o, proporcionando maior organiza\u00e7\u00e3o operacional, governan\u00e7a e autonomia para as [&hellip;]\" \/>\n<meta property=\"og:url\" content=\"https:\/\/insurancecorp.com.br\/pt\/2026\/04\/28\/grupo-a12-lanca-plataforma-corporativa-inovadora\/\" \/>\n<meta property=\"og:site_name\" content=\"Revista Insurance Corp | PT-BR\" \/>\n<meta property=\"article:publisher\" content=\"https:\/\/www.facebook.com\/RevistaInsuranceCorp\/\" \/>\n<meta property=\"article:published_time\" content=\"2026-04-28T14:38:56+00:00\" \/>\n<meta property=\"og:image\" content=\"https:\/\/insurancecorp.com.br\/pt\/wp-content\/uploads\/2026\/04\/WhatsApp-Image-2026-04-28-at-09.58.22.jpeg\" \/>\n\t<meta property=\"og:image:width\" content=\"1600\" \/>\n\t<meta property=\"og:image:height\" content=\"1200\" \/>\n<meta name=\"twitter:card\" content=\"summary\" \/>\n<script type=\"application\/ld+json\" class=\"yoast-schema-graph\">{\"@context\":\"https:\/\/schema.org\",\"@graph\":[{\"@type\":\"Organization\",\"@id\":\"https:\/\/insurancecorp.com.br\/pt\/#organization\",\"name\":\"Revista Insurance Corp\",\"url\":\"https:\/\/insurancecorp.com.br\/pt\/\",\"sameAs\":[\"https:\/\/www.facebook.com\/RevistaInsuranceCorp\/\"],\"logo\":{\"@type\":\"ImageObject\",\"@id\":\"https:\/\/insurancecorp.com.br\/pt\/#logo\",\"inLanguage\":\"pt-BR\",\"url\":\"\",\"caption\":\"Revista Insurance Corp\"},\"image\":{\"@id\":\"https:\/\/insurancecorp.com.br\/pt\/#logo\"}},{\"@type\":\"WebSite\",\"@id\":\"https:\/\/insurancecorp.com.br\/pt\/#website\",\"url\":\"https:\/\/insurancecorp.com.br\/pt\/\",\"name\":\"Revista Insurance Corp | PT-BR\",\"description\":\"A \\u00fanica revista bil\\u00edngue voltada ao mercado de seguro.\",\"publisher\":{\"@id\":\"https:\/\/insurancecorp.com.br\/pt\/#organization\"},\"potentialAction\":[{\"@type\":\"SearchAction\",\"target\":\"https:\/\/insurancecorp.com.br\/pt\/?s={search_term_string}\",\"query-input\":\"required name=search_term_string\"}],\"inLanguage\":\"pt-BR\"},{\"@type\":\"ImageObject\",\"@id\":\"https:\/\/insurancecorp.com.br\/pt\/2026\/04\/28\/grupo-a12-lanca-plataforma-corporativa-inovadora\/#primaryimage\",\"inLanguage\":\"pt-BR\",\"url\":\"https:\/\/insurancecorp.com.br\/pt\/wp-content\/uploads\/2026\/04\/WhatsApp-Image-2026-04-28-at-09.58.22.jpeg\",\"width\":1600,\"height\":1200},{\"@type\":\"WebPage\",\"@id\":\"https:\/\/insurancecorp.com.br\/pt\/2026\/04\/28\/grupo-a12-lanca-plataforma-corporativa-inovadora\/#webpage\",\"url\":\"https:\/\/insurancecorp.com.br\/pt\/2026\/04\/28\/grupo-a12-lanca-plataforma-corporativa-inovadora\/\",\"name\":\"Grupo A12+ lan\\u00e7a plataforma corporativa inovadora | Revista Insurance Corp | PT-BR\",\"isPartOf\":{\"@id\":\"https:\/\/insurancecorp.com.br\/pt\/#website\"},\"primaryImageOfPage\":{\"@id\":\"https:\/\/insurancecorp.com.br\/pt\/2026\/04\/28\/grupo-a12-lanca-plataforma-corporativa-inovadora\/#primaryimage\"},\"datePublished\":\"2026-04-28T14:38:56+00:00\",\"dateModified\":\"2026-04-28T14:38:56+00:00\",\"inLanguage\":\"pt-BR\",\"potentialAction\":[{\"@type\":\"ReadAction\",\"target\":[\"https:\/\/insurancecorp.com.br\/pt\/2026\/04\/28\/grupo-a12-lanca-plataforma-corporativa-inovadora\/\"]}]},{\"@type\":\"Article\",\"@id\":\"https:\/\/insurancecorp.com.br\/pt\/2026\/04\/28\/grupo-a12-lanca-plataforma-corporativa-inovadora\/#article\",\"isPartOf\":{\"@id\":\"https:\/\/insurancecorp.com.br\/pt\/2026\/04\/28\/grupo-a12-lanca-plataforma-corporativa-inovadora\/#webpage\"},\"author\":{\"@id\":\"https:\/\/insurancecorp.com.br\/pt\/#\/schema\/person\/1b69c8cf325f0b7167f1b171f52df4af\"},\"headline\":\"Grupo A12+ lan\\u00e7a plataforma corporativa inovadora\",\"datePublished\":\"2026-04-28T14:38:56+00:00\",\"dateModified\":\"2026-04-28T14:38:56+00:00\",\"mainEntityOfPage\":{\"@id\":\"https:\/\/insurancecorp.com.br\/pt\/2026\/04\/28\/grupo-a12-lanca-plataforma-corporativa-inovadora\/#webpage\"},\"commentCount\":0,\"publisher\":{\"@id\":\"https:\/\/insurancecorp.com.br\/pt\/#organization\"},\"image\":{\"@id\":\"https:\/\/insurancecorp.com.br\/pt\/2026\/04\/28\/grupo-a12-lanca-plataforma-corporativa-inovadora\/#primaryimage\"},\"keywords\":\"A12+,corporativa,grupo,inovadora,lan\\u00e7a,plataforma\",\"articleSection\":\"Grupo A12+\",\"inLanguage\":\"pt-BR\",\"potentialAction\":[{\"@type\":\"CommentAction\",\"name\":\"Comment\",\"target\":[\"https:\/\/insurancecorp.com.br\/pt\/2026\/04\/28\/grupo-a12-lanca-plataforma-corporativa-inovadora\/#respond\"]}]},{\"@type\":\"Person\",\"@id\":\"https:\/\/insurancecorp.com.br\/pt\/#\/schema\/person\/1b69c8cf325f0b7167f1b171f52df4af\",\"name\":\"Publica\\u00e7\\u00e3o\",\"image\":{\"@type\":\"ImageObject\",\"@id\":\"https:\/\/insurancecorp.com.br\/pt\/#personlogo\",\"inLanguage\":\"pt-BR\",\"url\":\"https:\/\/secure.gravatar.com\/avatar\/17226f1f60486eb25d4c6b301ffed37f?s=96&d=mm&r=g\",\"caption\":\"Publica\\u00e7\\u00e3o\"}}]}<\/script>\n<!-- \/ Yoast SEO plugin. -->","_links":{"self":[{"href":"https:\/\/insurancecorp.com.br\/pt\/wp-json\/wp\/v2\/posts\/79079"}],"collection":[{"href":"https:\/\/insurancecorp.com.br\/pt\/wp-json\/wp\/v2\/posts"}],"about":[{"href":"https:\/\/insurancecorp.com.br\/pt\/wp-json\/wp\/v2\/types\/post"}],"author":[{"embeddable":true,"href":"https:\/\/insurancecorp.com.br\/pt\/wp-json\/wp\/v2\/users\/2"}],"replies":[{"embeddable":true,"href":"https:\/\/insurancecorp.com.br\/pt\/wp-json\/wp\/v2\/comments?post=79079"}],"version-history":[{"count":1,"href":"https:\/\/insurancecorp.com.br\/pt\/wp-json\/wp\/v2\/posts\/79079\/revisions"}],"predecessor-version":[{"id":79081,"href":"https:\/\/insurancecorp.com.br\/pt\/wp-json\/wp\/v2\/posts\/79079\/revisions\/79081"}],"wp:featuredmedia":[{"embeddable":true,"href":"https:\/\/insurancecorp.com.br\/pt\/wp-json\/wp\/v2\/media\/79080"}],"wp:attachment":[{"href":"https:\/\/insurancecorp.com.br\/pt\/wp-json\/wp\/v2\/media?parent=79079"}],"wp:term":[{"taxonomy":"category","embeddable":true,"href":"https:\/\/insurancecorp.com.br\/pt\/wp-json\/wp\/v2\/categories?post=79079"},{"taxonomy":"post_tag","embeddable":true,"href":"https:\/\/insurancecorp.com.br\/pt\/wp-json\/wp\/v2\/tags?post=79079"}],"curies":[{"name":"wp","href":"https:\/\/api.w.org\/{rel}","templated":true}]}}