{"id":79075,"date":"2026-04-27T16:53:28","date_gmt":"2026-04-27T19:53:28","guid":{"rendered":"https:\/\/insurancecorp.com.br\/pt\/?p=79075"},"modified":"2026-04-27T16:54:03","modified_gmt":"2026-04-27T19:54:03","slug":"eleicao-na-fenacor-chapa-e-eleita-por-unanimidade","status":"publish","type":"post","link":"https:\/\/insurancecorp.com.br\/pt\/2026\/04\/27\/eleicao-na-fenacor-chapa-e-eleita-por-unanimidade\/","title":{"rendered":"Elei\u00e7\u00e3o na Fenacor: chapa \u00e9 eleita por unanimidade"},"content":{"rendered":"<p align=\"justify\">Foi realizada, nesta 2\u00aa feira (27 de abril), a elei\u00e7\u00e3o da Diretoria e do Conselho Fiscal da Federa\u00e7\u00e3o Nacional dos Corretores de Seguros (Fenacor) &#8211; al\u00e9m dos delegados junto \u00e0 Confedera\u00e7\u00e3o Nacional do Com\u00e9rcio de Bens, Servi\u00e7os e Turismo (CNC) &#8211; para o quadri\u00eanio 2026-2030. A \u00fanica chapa inscrita no pleito, \u201cFenacor Unida \u2013 For\u00e7a Institucional e Desenvolvimento\u201d, encabe\u00e7ada por Armando Vergilio dos Santos Junior, atual presidente da Federa\u00e7\u00e3o, foi eleita, por unanimidade, pelos 22 sindicatos votantes. N\u00e3o houve voto contr\u00e1rio, em branco ou nulo.<\/p>\n<p align=\"justify\">Segundo Armando Vergilio, esse resultado consolida o cen\u00e1rio de plena harmonia e converg\u00eancia de ideias entre as entidades que representam os mais de 152 mil Corretores de Seguros com registros ativos neste momento, sendo 85 mil pessoas f\u00edsicas e 67 mil empresas. \u201cA Fenacor, junto com os Sindicatos, dar\u00e1 continuidade ao trabalho que vem sendo feito, com muita harmonia para enfrentar os eventuais desafios\u201d, frisou.<\/p>\n<p align=\"justify\">O presidente reeleito acrescentou que esse trabalho conjunto ter\u00e1 como guia o Plano Diretor do Mercado de Intermedia\u00e7\u00e3o de Seguros (PDMIS), iniciativa do Instituto Brasileiro de Desenvolvimento dos Corretores de Seguros \u2013 IBDCOR, que ser\u00e1 lan\u00e7ado no dia 26 de maio, durante a edi\u00e7\u00e3o 2026 do \u201cConex\u00e3o Futuro Seguro\u201d, e que tem como focos principais a moderniza\u00e7\u00e3o digital, a valoriza\u00e7\u00e3o do Corretor de Seguros e a defesa do consumidor.<\/p>\n<p align=\"justify\">A nova composi\u00e7\u00e3o da diretoria da Fenacor refor\u00e7a o compromisso de integra\u00e7\u00e3o entre os sindicatos e a Federa\u00e7\u00e3o, fortalecendo a representa\u00e7\u00e3o institucional e ampliando a atua\u00e7\u00e3o dessas entidades em defesa do Corretor de Seguros.<\/p>\n<p align=\"justify\">A nova gest\u00e3o come\u00e7a no pr\u00f3ximo dia 1\u00ba de junho e seguir\u00e1 at\u00e9 31 de maio de 2030.<\/p>\n<h4>Veja, abaixo, a rela\u00e7\u00e3o completa da chapa eleita:<\/h4>\n<h5>Diretoria Plena \u2013 Fenacor (Gest\u00e3o 2026\u20132030)<\/h5>\n<p>Presidente: Armando Vergilio dos Santos J\u00fanior<br \/>\n1\u00ba Vice-Presidente: Lucas de Castro Santos<br \/>\n2\u00ba Vice-Presidente: Manuel Dantas Matos<\/p>\n<p>Vice-Presidente Administrativo: Vin\u00edcius de Ara\u00fajo Porto<br \/>\n2\u00ba Vice-Presidente Administrativo: Wellerson Cl\u00e1udio de Castro<\/p>\n<p>Vice-Presidente Financeiro: Robert Bittar<br \/>\n2\u00ba Vice-Presidente Financeiro: Arnol Lemos Filho<\/p>\n<p>Vice-Presidente de Rela\u00e7\u00f5es Institucionais: Rodrigo de Almeida Matos<\/p>\n<p>Vice-Presidente de Benef\u00edcios e Patrim\u00f4nio: Boris Ber<\/p>\n<p>Vice-Presidente de Rela\u00e7\u00f5es com o Mercado: Henrique Jorge Duarte Brand\u00e3o J\u00fanior<\/p>\n<p>Vice-Presidente de Marketing e Eventos: St\u00eanio Max Fernandes de Freitas<\/p>\n<p>Vice-Presidente de Comunica\u00e7\u00e3o: Fernando Dantas de Santana<\/p>\n<p>Vice-Presidente de Tecnologia e Inova\u00e7\u00e3o: \u00c9rico Jos\u00e9 Melo Nery<\/p>\n<p>Vice-Presidente T\u00e9cnico: Jos\u00e9 Ant\u00f4nio de Castro<\/p>\n<p>Vice-Presidente Regional Norte: Luiz Andr\u00e9 Moraes Santos<\/p>\n<p>Vice-Presidente Regional Nordeste: Edmilson Ribeiro Silva<\/p>\n<p>Vice-Presidente Regional Centro-Oeste: Jos\u00e9 Crist\u00f3v\u00e3o Martins<\/p>\n<p>Vice-Presidente Regional Sudeste: Ricardo Faria Garrido<\/p>\n<p>Vice-Presidente Regional Sul: Ricardo Albino Ferreira Pansera<\/p>\n<p align=\"justify\">Vice-Presidentes de Representa\u00e7\u00e3o (em ordem alfab\u00e9tica): Andr\u00e9 Luiz Araujo Thozeski, Auri Bertelli, Cl\u00e1udia Gerlane C\u00e2ndida Diniz, Dorival Alves de Sousa, Gustavo Pereira Lima Bentes, Jair Ant\u00f4nio Martins Fernandes, Jair da Concei\u00e7\u00e3o, Jos\u00e9 Lu\u00eds Cunha Figueiredo, Jos\u00e9 Alexandre Cid Pinto e Josimar Antunes Ribeiro.<\/p>\n<p align=\"justify\">2\u00ba Vice-Presidentes de Representa\u00e7\u00e3o: John Neves Fox Rangel, Jos\u00e9 Fernando Bairos Faracco, Jos\u00e9 R\u00f4mulo da Silva, Jucin\u00eaia M\u00e1rcia Moraes Rosa e Maria Margarete Braga Serra.<\/p>\n<h5>Ouvidoria<\/h5>\n<p>Vice-Presidente de Ouvidoria: Carlos Alberto Valle<br \/>\n2\u00ba Vice-Presidente de Ouvidoria: Maria Vit\u00f3ria Ten\u00f3rio de Freitas<\/p>\n<p>Conselho Fiscal \u2013 Efetivos: Claudio Sim\u00e3o, Edvan Gomes de Vasconcelos e Juvenal Ribeiro Vilanova.<\/p>\n<p>Conselho Fiscal \u2013 Suplentes: Jaques Furtado de Andrade, Ant\u00f4nio Carlos Batista da Rocha e Faride Sobreira da Silva.<\/p>\n<h5>Delegados Representantes junto \u00e0 CNC:<\/h5>\n<p>Efetivos: Armando Vergilio dos Santos J\u00fanior e Lucas de Castro Santos.<br \/>\nSuplentes: Wilson Pereira e Juliana dos Santos Pereira.<\/p>\n<p align=\"justify\"><strong>Assessoria de Imprensa da Fenacor<\/strong><\/p>\n","protected":false},"excerpt":{"rendered":"<p>Foi realizada, nesta 2\u00aa feira (27 de abril), a elei\u00e7\u00e3o da Diretoria e do Conselho Fiscal da Federa\u00e7\u00e3o Nacional dos Corretores de Seguros (Fenacor) &#8211; al\u00e9m dos delegados junto \u00e0 Confedera\u00e7\u00e3o Nacional do Com\u00e9rcio de Bens, Servi\u00e7os e Turismo (CNC) &#8211; para o quadri\u00eanio 2026-2030. A \u00fanica chapa inscrita no pleito, \u201cFenacor Unida \u2013 For\u00e7a [&hellip;]<\/p>\n","protected":false},"author":2,"featured_media":79076,"comment_status":"open","ping_status":"open","sticky":false,"template":"","format":"standard","meta":[],"categories":[96],"tags":[16585,2256,5007,647,16586],"jetpack_featured_media_url":"https:\/\/insurancecorp.com.br\/pt\/wp-content\/uploads\/2026\/04\/fenacor-e1777319593526.jpeg","yoast_head":"<!-- This site is optimized with the Yoast SEO plugin v14.8 - https:\/\/yoast.com\/wordpress\/plugins\/seo\/ -->\n<title>Elei\u00e7\u00e3o na Fenacor: chapa \u00e9 eleita por unanimidade | Revista Insurance Corp | PT-BR<\/title>\n<meta name=\"robots\" content=\"index, follow\" \/>\n<meta name=\"googlebot\" content=\"index, follow, max-snippet:-1, max-image-preview:large, max-video-preview:-1\" \/>\n<meta name=\"bingbot\" content=\"index, follow, max-snippet:-1, max-image-preview:large, max-video-preview:-1\" \/>\n<link rel=\"canonical\" href=\"https:\/\/insurancecorp.com.br\/pt\/2026\/04\/27\/eleicao-na-fenacor-chapa-e-eleita-por-unanimidade\/\" \/>\n<meta property=\"og:locale\" content=\"pt_BR\" \/>\n<meta property=\"og:type\" content=\"article\" \/>\n<meta property=\"og:title\" content=\"Elei\u00e7\u00e3o na Fenacor: chapa \u00e9 eleita por unanimidade | Revista Insurance Corp | PT-BR\" \/>\n<meta property=\"og:description\" content=\"Foi realizada, nesta 2\u00aa feira (27 de abril), a elei\u00e7\u00e3o da Diretoria e do Conselho Fiscal da Federa\u00e7\u00e3o Nacional dos Corretores de Seguros (Fenacor) &#8211; al\u00e9m dos delegados junto \u00e0 Confedera\u00e7\u00e3o Nacional do Com\u00e9rcio de Bens, Servi\u00e7os e Turismo (CNC) &#8211; para o quadri\u00eanio 2026-2030. A \u00fanica chapa inscrita no pleito, \u201cFenacor Unida \u2013 For\u00e7a [&hellip;]\" \/>\n<meta property=\"og:url\" content=\"https:\/\/insurancecorp.com.br\/pt\/2026\/04\/27\/eleicao-na-fenacor-chapa-e-eleita-por-unanimidade\/\" \/>\n<meta property=\"og:site_name\" content=\"Revista Insurance Corp | PT-BR\" \/>\n<meta property=\"article:publisher\" content=\"https:\/\/www.facebook.com\/RevistaInsuranceCorp\/\" \/>\n<meta property=\"article:published_time\" content=\"2026-04-27T19:53:28+00:00\" \/>\n<meta property=\"article:modified_time\" content=\"2026-04-27T19:54:03+00:00\" \/>\n<meta property=\"og:image\" content=\"https:\/\/insurancecorp.com.br\/pt\/wp-content\/uploads\/2026\/04\/fenacor-e1777319593526.jpeg\" \/>\n\t<meta property=\"og:image:width\" content=\"1340\" \/>\n\t<meta property=\"og:image:height\" content=\"623\" \/>\n<meta name=\"twitter:card\" content=\"summary\" \/>\n<script type=\"application\/ld+json\" class=\"yoast-schema-graph\">{\"@context\":\"https:\/\/schema.org\",\"@graph\":[{\"@type\":\"Organization\",\"@id\":\"https:\/\/insurancecorp.com.br\/pt\/#organization\",\"name\":\"Revista Insurance Corp\",\"url\":\"https:\/\/insurancecorp.com.br\/pt\/\",\"sameAs\":[\"https:\/\/www.facebook.com\/RevistaInsuranceCorp\/\"],\"logo\":{\"@type\":\"ImageObject\",\"@id\":\"https:\/\/insurancecorp.com.br\/pt\/#logo\",\"inLanguage\":\"pt-BR\",\"url\":\"\",\"caption\":\"Revista Insurance Corp\"},\"image\":{\"@id\":\"https:\/\/insurancecorp.com.br\/pt\/#logo\"}},{\"@type\":\"WebSite\",\"@id\":\"https:\/\/insurancecorp.com.br\/pt\/#website\",\"url\":\"https:\/\/insurancecorp.com.br\/pt\/\",\"name\":\"Revista Insurance Corp | PT-BR\",\"description\":\"A \\u00fanica revista bil\\u00edngue voltada ao mercado de seguro.\",\"publisher\":{\"@id\":\"https:\/\/insurancecorp.com.br\/pt\/#organization\"},\"potentialAction\":[{\"@type\":\"SearchAction\",\"target\":\"https:\/\/insurancecorp.com.br\/pt\/?s={search_term_string}\",\"query-input\":\"required name=search_term_string\"}],\"inLanguage\":\"pt-BR\"},{\"@type\":\"ImageObject\",\"@id\":\"https:\/\/insurancecorp.com.br\/pt\/2026\/04\/27\/eleicao-na-fenacor-chapa-e-eleita-por-unanimidade\/#primaryimage\",\"inLanguage\":\"pt-BR\",\"url\":\"https:\/\/insurancecorp.com.br\/pt\/wp-content\/uploads\/2026\/04\/fenacor-e1777319593526.jpeg\",\"width\":1340,\"height\":623},{\"@type\":\"WebPage\",\"@id\":\"https:\/\/insurancecorp.com.br\/pt\/2026\/04\/27\/eleicao-na-fenacor-chapa-e-eleita-por-unanimidade\/#webpage\",\"url\":\"https:\/\/insurancecorp.com.br\/pt\/2026\/04\/27\/eleicao-na-fenacor-chapa-e-eleita-por-unanimidade\/\",\"name\":\"Elei\\u00e7\\u00e3o na Fenacor: chapa \\u00e9 eleita por unanimidade | Revista Insurance Corp | PT-BR\",\"isPartOf\":{\"@id\":\"https:\/\/insurancecorp.com.br\/pt\/#website\"},\"primaryImageOfPage\":{\"@id\":\"https:\/\/insurancecorp.com.br\/pt\/2026\/04\/27\/eleicao-na-fenacor-chapa-e-eleita-por-unanimidade\/#primaryimage\"},\"datePublished\":\"2026-04-27T19:53:28+00:00\",\"dateModified\":\"2026-04-27T19:54:03+00:00\",\"inLanguage\":\"pt-BR\",\"potentialAction\":[{\"@type\":\"ReadAction\",\"target\":[\"https:\/\/insurancecorp.com.br\/pt\/2026\/04\/27\/eleicao-na-fenacor-chapa-e-eleita-por-unanimidade\/\"]}]},{\"@type\":\"Article\",\"@id\":\"https:\/\/insurancecorp.com.br\/pt\/2026\/04\/27\/eleicao-na-fenacor-chapa-e-eleita-por-unanimidade\/#article\",\"isPartOf\":{\"@id\":\"https:\/\/insurancecorp.com.br\/pt\/2026\/04\/27\/eleicao-na-fenacor-chapa-e-eleita-por-unanimidade\/#webpage\"},\"author\":{\"@id\":\"https:\/\/insurancecorp.com.br\/pt\/#\/schema\/person\/1b69c8cf325f0b7167f1b171f52df4af\"},\"headline\":\"Elei\\u00e7\\u00e3o na Fenacor: chapa \\u00e9 eleita por unanimidade\",\"datePublished\":\"2026-04-27T19:53:28+00:00\",\"dateModified\":\"2026-04-27T19:54:03+00:00\",\"mainEntityOfPage\":{\"@id\":\"https:\/\/insurancecorp.com.br\/pt\/2026\/04\/27\/eleicao-na-fenacor-chapa-e-eleita-por-unanimidade\/#webpage\"},\"commentCount\":1,\"publisher\":{\"@id\":\"https:\/\/insurancecorp.com.br\/pt\/#organization\"},\"image\":{\"@id\":\"https:\/\/insurancecorp.com.br\/pt\/2026\/04\/27\/eleicao-na-fenacor-chapa-e-eleita-por-unanimidade\/#primaryimage\"},\"keywords\":\"chapa,elei\\u00e7\\u00e3o,eleita,Fenacor,unanimidade\",\"articleSection\":\"Fenacor\",\"inLanguage\":\"pt-BR\",\"potentialAction\":[{\"@type\":\"CommentAction\",\"name\":\"Comment\",\"target\":[\"https:\/\/insurancecorp.com.br\/pt\/2026\/04\/27\/eleicao-na-fenacor-chapa-e-eleita-por-unanimidade\/#respond\"]}]},{\"@type\":\"Person\",\"@id\":\"https:\/\/insurancecorp.com.br\/pt\/#\/schema\/person\/1b69c8cf325f0b7167f1b171f52df4af\",\"name\":\"Publica\\u00e7\\u00e3o\",\"image\":{\"@type\":\"ImageObject\",\"@id\":\"https:\/\/insurancecorp.com.br\/pt\/#personlogo\",\"inLanguage\":\"pt-BR\",\"url\":\"https:\/\/secure.gravatar.com\/avatar\/17226f1f60486eb25d4c6b301ffed37f?s=96&d=mm&r=g\",\"caption\":\"Publica\\u00e7\\u00e3o\"}}]}<\/script>\n<!-- \/ Yoast SEO plugin. -->","_links":{"self":[{"href":"https:\/\/insurancecorp.com.br\/pt\/wp-json\/wp\/v2\/posts\/79075"}],"collection":[{"href":"https:\/\/insurancecorp.com.br\/pt\/wp-json\/wp\/v2\/posts"}],"about":[{"href":"https:\/\/insurancecorp.com.br\/pt\/wp-json\/wp\/v2\/types\/post"}],"author":[{"embeddable":true,"href":"https:\/\/insurancecorp.com.br\/pt\/wp-json\/wp\/v2\/users\/2"}],"replies":[{"embeddable":true,"href":"https:\/\/insurancecorp.com.br\/pt\/wp-json\/wp\/v2\/comments?post=79075"}],"version-history":[{"count":2,"href":"https:\/\/insurancecorp.com.br\/pt\/wp-json\/wp\/v2\/posts\/79075\/revisions"}],"predecessor-version":[{"id":79078,"href":"https:\/\/insurancecorp.com.br\/pt\/wp-json\/wp\/v2\/posts\/79075\/revisions\/79078"}],"wp:featuredmedia":[{"embeddable":true,"href":"https:\/\/insurancecorp.com.br\/pt\/wp-json\/wp\/v2\/media\/79076"}],"wp:attachment":[{"href":"https:\/\/insurancecorp.com.br\/pt\/wp-json\/wp\/v2\/media?parent=79075"}],"wp:term":[{"taxonomy":"category","embeddable":true,"href":"https:\/\/insurancecorp.com.br\/pt\/wp-json\/wp\/v2\/categories?post=79075"},{"taxonomy":"post_tag","embeddable":true,"href":"https:\/\/insurancecorp.com.br\/pt\/wp-json\/wp\/v2\/tags?post=79075"}],"curies":[{"name":"wp","href":"https:\/\/api.w.org\/{rel}","templated":true}]}}