{"id":79071,"date":"2026-04-27T16:25:09","date_gmt":"2026-04-27T19:25:09","guid":{"rendered":"https:\/\/insurancecorp.com.br\/pt\/?p=79071"},"modified":"2026-04-27T16:25:20","modified_gmt":"2026-04-27T19:25:20","slug":"porto-transforma-performance-em-experiencia","status":"publish","type":"post","link":"https:\/\/insurancecorp.com.br\/pt\/2026\/04\/27\/porto-transforma-performance-em-experiencia\/","title":{"rendered":"Porto transforma performance em experi\u00eancia"},"content":{"rendered":"<p align=\"justify\">A nova edi\u00e7\u00e3o da &#8220;Fecha Regional&#8221;, iniciativa que integra a campanha &#8220;Fecha com a Porto&#8221;, premia corretores parceiros com melhor desempenho de vendas at\u00e9 30 de abril. Voltada \u00e0s regionais do interior paulista, a a\u00e7\u00e3o oferece como reconhecimento uma experi\u00eancia VIP na Festa do Pe\u00e3o de Americana, um dos principais eventos do calend\u00e1rio sertanejo do pa\u00eds.<\/p>\n<p align=\"justify\">Pelo segundo ano consecutivo, os profissionais com melhor performance nas sucursais de Campinas, Piracicaba, Bragan\u00e7a Paulista e Jundia\u00ed ser\u00e3o contemplados com pares de ingressos para o camarote VIP do evento, que acontece em junho e re\u00fane grandes nomes da m\u00fasica nacional.<\/p>\n<p align=\"justify\">&#8220;A &#8216;Fecha com a Porto&#8217; traduz o nosso compromisso de ir al\u00e9m do reconhecimento comercial. Com a &#8216;Fecha Regional&#8217;, refor\u00e7amos essa estrat\u00e9gia ao criar iniciativas direcionadas, que valorizam o desempenho dos corretores em cada regi\u00e3o e fortalecem ainda mais a nossa proximidade com esses parceiros&#8221;, afirma Emerson Valentim, diretor executivo comercial Brasil da Porto.<\/p>\n<p align=\"justify\">A campanha contempla diferentes produtos do portf\u00f3lio, como Auto, Sa\u00fade e Cart\u00e3o, e adota uma mec\u00e2nica baseada em metas de crescimento e desempenho, com crit\u00e9rios que consideram evolu\u00e7\u00e3o de produ\u00e7\u00e3o, volume de vendas e expans\u00e3o da base de clientes.<\/p>\n<p align=\"justify\">iniciativa integra a estrat\u00e9gia da Porto de fortalecer o relacionamento com seus parceiros comerciais, reconhecendo o papel dos corretores na constru\u00e7\u00e3o dos resultados da companhia. Ao unir reconhecimento e experi\u00eancia, a a\u00e7\u00e3o refor\u00e7a o posicionamento da empresa como uma marca que vai al\u00e9m da oferta de produtos e servi\u00e7os, com foco em relacionamento e gera\u00e7\u00e3o de valor para sua rede.<\/p>\n<p align=\"justify\"><strong>PROS Comunica\u00e7\u00e3o<\/strong><\/p>\n","protected":false},"excerpt":{"rendered":"<p>A nova edi\u00e7\u00e3o da &#8220;Fecha Regional&#8221;, iniciativa que integra a campanha &#8220;Fecha com a Porto&#8221;, premia corretores parceiros com melhor desempenho de vendas at\u00e9 30 de abril. Voltada \u00e0s regionais do interior paulista, a a\u00e7\u00e3o oferece como reconhecimento uma experi\u00eancia VIP na Festa do Pe\u00e3o de Americana, um dos principais eventos do calend\u00e1rio sertanejo do [&hellip;]<\/p>\n","protected":false},"author":2,"featured_media":66687,"comment_status":"open","ping_status":"open","sticky":false,"template":"","format":"standard","meta":[],"categories":[346],"tags":[6245,8798,2853,12961],"jetpack_featured_media_url":"https:\/\/insurancecorp.com.br\/pt\/wp-content\/uploads\/2025\/04\/Design-sem-nome-1-4.png","yoast_head":"<!-- This site is optimized with the Yoast SEO plugin v14.8 - https:\/\/yoast.com\/wordpress\/plugins\/seo\/ -->\n<title>Porto transforma performance em experi\u00eancia | Revista Insurance Corp | PT-BR<\/title>\n<meta name=\"robots\" content=\"index, follow\" \/>\n<meta name=\"googlebot\" content=\"index, follow, max-snippet:-1, max-image-preview:large, max-video-preview:-1\" \/>\n<meta name=\"bingbot\" content=\"index, follow, max-snippet:-1, max-image-preview:large, max-video-preview:-1\" \/>\n<link rel=\"canonical\" href=\"https:\/\/insurancecorp.com.br\/pt\/2026\/04\/27\/porto-transforma-performance-em-experiencia\/\" \/>\n<meta property=\"og:locale\" content=\"pt_BR\" \/>\n<meta property=\"og:type\" content=\"article\" \/>\n<meta property=\"og:title\" content=\"Porto transforma performance em experi\u00eancia | Revista Insurance Corp | PT-BR\" \/>\n<meta property=\"og:description\" content=\"A nova edi\u00e7\u00e3o da &#8220;Fecha Regional&#8221;, iniciativa que integra a campanha &#8220;Fecha com a Porto&#8221;, premia corretores parceiros com melhor desempenho de vendas at\u00e9 30 de abril. Voltada \u00e0s regionais do interior paulista, a a\u00e7\u00e3o oferece como reconhecimento uma experi\u00eancia VIP na Festa do Pe\u00e3o de Americana, um dos principais eventos do calend\u00e1rio sertanejo do [&hellip;]\" \/>\n<meta property=\"og:url\" content=\"https:\/\/insurancecorp.com.br\/pt\/2026\/04\/27\/porto-transforma-performance-em-experiencia\/\" \/>\n<meta property=\"og:site_name\" content=\"Revista Insurance Corp | PT-BR\" \/>\n<meta property=\"article:publisher\" content=\"https:\/\/www.facebook.com\/RevistaInsuranceCorp\/\" \/>\n<meta property=\"article:published_time\" content=\"2026-04-27T19:25:09+00:00\" \/>\n<meta property=\"article:modified_time\" content=\"2026-04-27T19:25:20+00:00\" \/>\n<meta property=\"og:image\" content=\"https:\/\/insurancecorp.com.br\/pt\/wp-content\/uploads\/2025\/04\/Design-sem-nome-1-4.png\" \/>\n\t<meta property=\"og:image:width\" content=\"6912\" \/>\n\t<meta property=\"og:image:height\" content=\"3456\" \/>\n<meta name=\"twitter:card\" content=\"summary\" \/>\n<script type=\"application\/ld+json\" class=\"yoast-schema-graph\">{\"@context\":\"https:\/\/schema.org\",\"@graph\":[{\"@type\":\"Organization\",\"@id\":\"https:\/\/insurancecorp.com.br\/pt\/#organization\",\"name\":\"Revista Insurance Corp\",\"url\":\"https:\/\/insurancecorp.com.br\/pt\/\",\"sameAs\":[\"https:\/\/www.facebook.com\/RevistaInsuranceCorp\/\"],\"logo\":{\"@type\":\"ImageObject\",\"@id\":\"https:\/\/insurancecorp.com.br\/pt\/#logo\",\"inLanguage\":\"pt-BR\",\"url\":\"\",\"caption\":\"Revista Insurance Corp\"},\"image\":{\"@id\":\"https:\/\/insurancecorp.com.br\/pt\/#logo\"}},{\"@type\":\"WebSite\",\"@id\":\"https:\/\/insurancecorp.com.br\/pt\/#website\",\"url\":\"https:\/\/insurancecorp.com.br\/pt\/\",\"name\":\"Revista Insurance Corp | PT-BR\",\"description\":\"A \\u00fanica revista bil\\u00edngue voltada ao mercado de seguro.\",\"publisher\":{\"@id\":\"https:\/\/insurancecorp.com.br\/pt\/#organization\"},\"potentialAction\":[{\"@type\":\"SearchAction\",\"target\":\"https:\/\/insurancecorp.com.br\/pt\/?s={search_term_string}\",\"query-input\":\"required name=search_term_string\"}],\"inLanguage\":\"pt-BR\"},{\"@type\":\"ImageObject\",\"@id\":\"https:\/\/insurancecorp.com.br\/pt\/2026\/04\/27\/porto-transforma-performance-em-experiencia\/#primaryimage\",\"inLanguage\":\"pt-BR\",\"url\":\"https:\/\/insurancecorp.com.br\/pt\/wp-content\/uploads\/2025\/04\/Design-sem-nome-1-4.png\",\"width\":6912,\"height\":3456},{\"@type\":\"WebPage\",\"@id\":\"https:\/\/insurancecorp.com.br\/pt\/2026\/04\/27\/porto-transforma-performance-em-experiencia\/#webpage\",\"url\":\"https:\/\/insurancecorp.com.br\/pt\/2026\/04\/27\/porto-transforma-performance-em-experiencia\/\",\"name\":\"Porto transforma performance em experi\\u00eancia | Revista Insurance Corp | PT-BR\",\"isPartOf\":{\"@id\":\"https:\/\/insurancecorp.com.br\/pt\/#website\"},\"primaryImageOfPage\":{\"@id\":\"https:\/\/insurancecorp.com.br\/pt\/2026\/04\/27\/porto-transforma-performance-em-experiencia\/#primaryimage\"},\"datePublished\":\"2026-04-27T19:25:09+00:00\",\"dateModified\":\"2026-04-27T19:25:20+00:00\",\"inLanguage\":\"pt-BR\",\"potentialAction\":[{\"@type\":\"ReadAction\",\"target\":[\"https:\/\/insurancecorp.com.br\/pt\/2026\/04\/27\/porto-transforma-performance-em-experiencia\/\"]}]},{\"@type\":\"Article\",\"@id\":\"https:\/\/insurancecorp.com.br\/pt\/2026\/04\/27\/porto-transforma-performance-em-experiencia\/#article\",\"isPartOf\":{\"@id\":\"https:\/\/insurancecorp.com.br\/pt\/2026\/04\/27\/porto-transforma-performance-em-experiencia\/#webpage\"},\"author\":{\"@id\":\"https:\/\/insurancecorp.com.br\/pt\/#\/schema\/person\/1b69c8cf325f0b7167f1b171f52df4af\"},\"headline\":\"Porto transforma performance em experi\\u00eancia\",\"datePublished\":\"2026-04-27T19:25:09+00:00\",\"dateModified\":\"2026-04-27T19:25:20+00:00\",\"mainEntityOfPage\":{\"@id\":\"https:\/\/insurancecorp.com.br\/pt\/2026\/04\/27\/porto-transforma-performance-em-experiencia\/#webpage\"},\"commentCount\":0,\"publisher\":{\"@id\":\"https:\/\/insurancecorp.com.br\/pt\/#organization\"},\"image\":{\"@id\":\"https:\/\/insurancecorp.com.br\/pt\/2026\/04\/27\/porto-transforma-performance-em-experiencia\/#primaryimage\"},\"keywords\":\"experi\\u00eancia,performance,Porto,transforma\",\"articleSection\":\"Porto Seguro\",\"inLanguage\":\"pt-BR\",\"potentialAction\":[{\"@type\":\"CommentAction\",\"name\":\"Comment\",\"target\":[\"https:\/\/insurancecorp.com.br\/pt\/2026\/04\/27\/porto-transforma-performance-em-experiencia\/#respond\"]}]},{\"@type\":\"Person\",\"@id\":\"https:\/\/insurancecorp.com.br\/pt\/#\/schema\/person\/1b69c8cf325f0b7167f1b171f52df4af\",\"name\":\"Publica\\u00e7\\u00e3o\",\"image\":{\"@type\":\"ImageObject\",\"@id\":\"https:\/\/insurancecorp.com.br\/pt\/#personlogo\",\"inLanguage\":\"pt-BR\",\"url\":\"https:\/\/secure.gravatar.com\/avatar\/17226f1f60486eb25d4c6b301ffed37f?s=96&d=mm&r=g\",\"caption\":\"Publica\\u00e7\\u00e3o\"}}]}<\/script>\n<!-- \/ Yoast SEO plugin. -->","_links":{"self":[{"href":"https:\/\/insurancecorp.com.br\/pt\/wp-json\/wp\/v2\/posts\/79071"}],"collection":[{"href":"https:\/\/insurancecorp.com.br\/pt\/wp-json\/wp\/v2\/posts"}],"about":[{"href":"https:\/\/insurancecorp.com.br\/pt\/wp-json\/wp\/v2\/types\/post"}],"author":[{"embeddable":true,"href":"https:\/\/insurancecorp.com.br\/pt\/wp-json\/wp\/v2\/users\/2"}],"replies":[{"embeddable":true,"href":"https:\/\/insurancecorp.com.br\/pt\/wp-json\/wp\/v2\/comments?post=79071"}],"version-history":[{"count":1,"href":"https:\/\/insurancecorp.com.br\/pt\/wp-json\/wp\/v2\/posts\/79071\/revisions"}],"predecessor-version":[{"id":79072,"href":"https:\/\/insurancecorp.com.br\/pt\/wp-json\/wp\/v2\/posts\/79071\/revisions\/79072"}],"wp:featuredmedia":[{"embeddable":true,"href":"https:\/\/insurancecorp.com.br\/pt\/wp-json\/wp\/v2\/media\/66687"}],"wp:attachment":[{"href":"https:\/\/insurancecorp.com.br\/pt\/wp-json\/wp\/v2\/media?parent=79071"}],"wp:term":[{"taxonomy":"category","embeddable":true,"href":"https:\/\/insurancecorp.com.br\/pt\/wp-json\/wp\/v2\/categories?post=79071"},{"taxonomy":"post_tag","embeddable":true,"href":"https:\/\/insurancecorp.com.br\/pt\/wp-json\/wp\/v2\/tags?post=79071"}],"curies":[{"name":"wp","href":"https:\/\/api.w.org\/{rel}","templated":true}]}}