{"id":79064,"date":"2026-04-27T15:23:17","date_gmt":"2026-04-27T18:23:17","guid":{"rendered":"https:\/\/insurancecorp.com.br\/pt\/?p=79064"},"modified":"2026-04-27T15:23:17","modified_gmt":"2026-04-27T18:23:17","slug":"capemisa-reune-colaboradores-para-falar-de-gestao-de-riscos-psicossociais","status":"publish","type":"post","link":"https:\/\/insurancecorp.com.br\/pt\/2026\/04\/27\/capemisa-reune-colaboradores-para-falar-de-gestao-de-riscos-psicossociais\/","title":{"rendered":"CAPEMISA re\u00fane colaboradores para falar de gest\u00e3o de riscos psicossociais"},"content":{"rendered":"<p align=\"justify\">A CAPEMISA preparou mais uma edi\u00e7\u00e3o do Caf\u00e9 &amp; Ideias, uma reuni\u00e3o mais descontra\u00edda com os Colaboradores, desta vez dedicada a um tema cada vez mais presente no dia a dia das organiza\u00e7\u00f5es: a gest\u00e3o dos riscos psicossociais. O assunto ganhou relev\u00e2ncia com a atualiza\u00e7\u00e3o da Norma Regulamentadora n\u00ba 1 (NR-1), que estabelece as diretrizes gerais de seguran\u00e7a e bem-estar no trabalho e passou a incluir, de forma mais estruturada, a necessidade de identifica\u00e7\u00e3o e administra\u00e7\u00e3o de fatores organizacionais que podem impactar a sa\u00fade mental dos profissionais.<\/p>\n<p align=\"justify\">Com uma abordagem acess\u00edvel e pr\u00f3xima da realidade dos Colaboradores, o encontro online trouxe reflex\u00f5es sobre como aspectos como carga de trabalho, rela\u00e7\u00f5es interpessoais, ambiente organizacional e estrutura das atividades podem gerar estresse, ansiedade e outros impactos emocionais quando n\u00e3o adequadamente geridos. A programa\u00e7\u00e3o tamb\u00e9m destacou a import\u00e2ncia de estruturar a\u00e7\u00f5es de preven\u00e7\u00e3o ao ass\u00e9dio e ao adoecimento relacionado ao trabalho, al\u00e9m de apresentar iniciativas da Companhia voltadas \u00e0 adequa\u00e7\u00e3o \u00e0 norma e ao fortalecimento de pr\u00e1ticas de cuidado no ambiente corporativo.<\/p>\n<p align=\"justify\">A edi\u00e7\u00e3o contou com a participa\u00e7\u00e3o de Carlos Meneses, Engenheiro do Trabalho com mais de 20 anos de experi\u00eancia na \u00e1rea, que compartilhou ideias e orienta\u00e7\u00f5es:<\/p>\n<p align=\"justify\">&#8220;Ao promovermos espa\u00e7os como o Caf\u00e9 &amp; Ideias, conseguimos tratar temas relevantes de forma pr\u00f3xima e acolhedora, estimulando a escuta ativa e fortalecendo uma cultura organizacional que valoriza o bem-estar e a sa\u00fade dos Colaboradores&#8221;, afirma Carlos.<\/p>\n<p align=\"justify\">A CAPEMISA tamb\u00e9m lan\u00e7ou uma pesquisa interna, para ser respondida de forma an\u00f4nima. As respostas ajudar\u00e3o a mapear percep\u00e7\u00f5es que v\u00e3o contribuir para um diagn\u00f3stico mais preciso, al\u00e9m de definir estrat\u00e9gias de preven\u00e7\u00e3o mais assertivas.<\/p>\n<p align=\"justify\">Para quem acompanhou o encontro, a experi\u00eancia refor\u00e7ou a import\u00e2ncia de ampliar o di\u00e1logo sobre sa\u00fade mental no ambiente corporativo.<\/p>\n<p align=\"justify\">&#8220;Foi um momento importante para refletirmos sobre situa\u00e7\u00f5es do dia a dia que muitas vezes passam despercebidas, mas que t\u00eam impacto direto no nosso bem-estar. Iniciativas como essa mostram o cuidado da Empresa com as pessoas&#8221;, contou Vivian Gabriela, colaboradora CAPEMISA e membro da CIPA.<\/p>\n<p align=\"justify\"><strong>Danthi<\/strong><\/p>\n","protected":false},"excerpt":{"rendered":"<p>A CAPEMISA preparou mais uma edi\u00e7\u00e3o do Caf\u00e9 &amp; Ideias, uma reuni\u00e3o mais descontra\u00edda com os Colaboradores, desta vez dedicada a um tema cada vez mais presente no dia a dia das organiza\u00e7\u00f5es: a gest\u00e3o dos riscos psicossociais. O assunto ganhou relev\u00e2ncia com a atualiza\u00e7\u00e3o da Norma Regulamentadora n\u00ba 1 (NR-1), que estabelece as diretrizes [&hellip;]<\/p>\n","protected":false},"author":2,"featured_media":72178,"comment_status":"open","ping_status":"open","sticky":false,"template":"","format":"standard","meta":[],"categories":[385],"tags":[1054,2183,6468,15221,5459,4061],"jetpack_featured_media_url":"https:\/\/insurancecorp.com.br\/pt\/wp-content\/uploads\/2025\/09\/capemisa-1.png","yoast_head":"<!-- This site is optimized with the Yoast SEO plugin v14.8 - https:\/\/yoast.com\/wordpress\/plugins\/seo\/ -->\n<title>CAPEMISA re\u00fane colaboradores para falar de gest\u00e3o de riscos psicossociais | Revista Insurance Corp | PT-BR<\/title>\n<meta name=\"robots\" content=\"index, follow\" \/>\n<meta name=\"googlebot\" content=\"index, follow, max-snippet:-1, max-image-preview:large, max-video-preview:-1\" \/>\n<meta name=\"bingbot\" content=\"index, follow, max-snippet:-1, max-image-preview:large, max-video-preview:-1\" \/>\n<link rel=\"canonical\" href=\"https:\/\/insurancecorp.com.br\/pt\/2026\/04\/27\/capemisa-reune-colaboradores-para-falar-de-gestao-de-riscos-psicossociais\/\" \/>\n<meta property=\"og:locale\" content=\"pt_BR\" \/>\n<meta property=\"og:type\" content=\"article\" \/>\n<meta property=\"og:title\" content=\"CAPEMISA re\u00fane colaboradores para falar de gest\u00e3o de riscos psicossociais | Revista Insurance Corp | PT-BR\" \/>\n<meta property=\"og:description\" content=\"A CAPEMISA preparou mais uma edi\u00e7\u00e3o do Caf\u00e9 &amp; Ideias, uma reuni\u00e3o mais descontra\u00edda com os Colaboradores, desta vez dedicada a um tema cada vez mais presente no dia a dia das organiza\u00e7\u00f5es: a gest\u00e3o dos riscos psicossociais. O assunto ganhou relev\u00e2ncia com a atualiza\u00e7\u00e3o da Norma Regulamentadora n\u00ba 1 (NR-1), que estabelece as diretrizes [&hellip;]\" \/>\n<meta property=\"og:url\" content=\"https:\/\/insurancecorp.com.br\/pt\/2026\/04\/27\/capemisa-reune-colaboradores-para-falar-de-gestao-de-riscos-psicossociais\/\" \/>\n<meta property=\"og:site_name\" content=\"Revista Insurance Corp | PT-BR\" \/>\n<meta property=\"article:publisher\" content=\"https:\/\/www.facebook.com\/RevistaInsuranceCorp\/\" \/>\n<meta property=\"article:published_time\" content=\"2026-04-27T18:23:17+00:00\" \/>\n<meta property=\"og:image\" content=\"https:\/\/insurancecorp.com.br\/pt\/wp-content\/uploads\/2025\/09\/capemisa-1.png\" \/>\n\t<meta property=\"og:image:width\" content=\"1800\" \/>\n\t<meta property=\"og:image:height\" content=\"800\" \/>\n<meta name=\"twitter:card\" content=\"summary\" \/>\n<script type=\"application\/ld+json\" class=\"yoast-schema-graph\">{\"@context\":\"https:\/\/schema.org\",\"@graph\":[{\"@type\":\"Organization\",\"@id\":\"https:\/\/insurancecorp.com.br\/pt\/#organization\",\"name\":\"Revista Insurance Corp\",\"url\":\"https:\/\/insurancecorp.com.br\/pt\/\",\"sameAs\":[\"https:\/\/www.facebook.com\/RevistaInsuranceCorp\/\"],\"logo\":{\"@type\":\"ImageObject\",\"@id\":\"https:\/\/insurancecorp.com.br\/pt\/#logo\",\"inLanguage\":\"pt-BR\",\"url\":\"\",\"caption\":\"Revista Insurance Corp\"},\"image\":{\"@id\":\"https:\/\/insurancecorp.com.br\/pt\/#logo\"}},{\"@type\":\"WebSite\",\"@id\":\"https:\/\/insurancecorp.com.br\/pt\/#website\",\"url\":\"https:\/\/insurancecorp.com.br\/pt\/\",\"name\":\"Revista Insurance Corp | PT-BR\",\"description\":\"A \\u00fanica revista bil\\u00edngue voltada ao mercado de seguro.\",\"publisher\":{\"@id\":\"https:\/\/insurancecorp.com.br\/pt\/#organization\"},\"potentialAction\":[{\"@type\":\"SearchAction\",\"target\":\"https:\/\/insurancecorp.com.br\/pt\/?s={search_term_string}\",\"query-input\":\"required name=search_term_string\"}],\"inLanguage\":\"pt-BR\"},{\"@type\":\"ImageObject\",\"@id\":\"https:\/\/insurancecorp.com.br\/pt\/2026\/04\/27\/capemisa-reune-colaboradores-para-falar-de-gestao-de-riscos-psicossociais\/#primaryimage\",\"inLanguage\":\"pt-BR\",\"url\":\"https:\/\/insurancecorp.com.br\/pt\/wp-content\/uploads\/2025\/09\/capemisa-1.png\",\"width\":1800,\"height\":800},{\"@type\":\"WebPage\",\"@id\":\"https:\/\/insurancecorp.com.br\/pt\/2026\/04\/27\/capemisa-reune-colaboradores-para-falar-de-gestao-de-riscos-psicossociais\/#webpage\",\"url\":\"https:\/\/insurancecorp.com.br\/pt\/2026\/04\/27\/capemisa-reune-colaboradores-para-falar-de-gestao-de-riscos-psicossociais\/\",\"name\":\"CAPEMISA re\\u00fane colaboradores para falar de gest\\u00e3o de riscos psicossociais | Revista Insurance Corp | PT-BR\",\"isPartOf\":{\"@id\":\"https:\/\/insurancecorp.com.br\/pt\/#website\"},\"primaryImageOfPage\":{\"@id\":\"https:\/\/insurancecorp.com.br\/pt\/2026\/04\/27\/capemisa-reune-colaboradores-para-falar-de-gestao-de-riscos-psicossociais\/#primaryimage\"},\"datePublished\":\"2026-04-27T18:23:17+00:00\",\"dateModified\":\"2026-04-27T18:23:17+00:00\",\"inLanguage\":\"pt-BR\",\"potentialAction\":[{\"@type\":\"ReadAction\",\"target\":[\"https:\/\/insurancecorp.com.br\/pt\/2026\/04\/27\/capemisa-reune-colaboradores-para-falar-de-gestao-de-riscos-psicossociais\/\"]}]},{\"@type\":\"Article\",\"@id\":\"https:\/\/insurancecorp.com.br\/pt\/2026\/04\/27\/capemisa-reune-colaboradores-para-falar-de-gestao-de-riscos-psicossociais\/#article\",\"isPartOf\":{\"@id\":\"https:\/\/insurancecorp.com.br\/pt\/2026\/04\/27\/capemisa-reune-colaboradores-para-falar-de-gestao-de-riscos-psicossociais\/#webpage\"},\"author\":{\"@id\":\"https:\/\/insurancecorp.com.br\/pt\/#\/schema\/person\/1b69c8cf325f0b7167f1b171f52df4af\"},\"headline\":\"CAPEMISA re\\u00fane colaboradores para falar de gest\\u00e3o de riscos psicossociais\",\"datePublished\":\"2026-04-27T18:23:17+00:00\",\"dateModified\":\"2026-04-27T18:23:17+00:00\",\"mainEntityOfPage\":{\"@id\":\"https:\/\/insurancecorp.com.br\/pt\/2026\/04\/27\/capemisa-reune-colaboradores-para-falar-de-gestao-de-riscos-psicossociais\/#webpage\"},\"commentCount\":0,\"publisher\":{\"@id\":\"https:\/\/insurancecorp.com.br\/pt\/#organization\"},\"image\":{\"@id\":\"https:\/\/insurancecorp.com.br\/pt\/2026\/04\/27\/capemisa-reune-colaboradores-para-falar-de-gestao-de-riscos-psicossociais\/#primaryimage\"},\"keywords\":\"Capemisa,colaboradores,gest\\u00e3o,psicossociais,reune,riscos\",\"articleSection\":\"Capemisa\",\"inLanguage\":\"pt-BR\",\"potentialAction\":[{\"@type\":\"CommentAction\",\"name\":\"Comment\",\"target\":[\"https:\/\/insurancecorp.com.br\/pt\/2026\/04\/27\/capemisa-reune-colaboradores-para-falar-de-gestao-de-riscos-psicossociais\/#respond\"]}]},{\"@type\":\"Person\",\"@id\":\"https:\/\/insurancecorp.com.br\/pt\/#\/schema\/person\/1b69c8cf325f0b7167f1b171f52df4af\",\"name\":\"Publica\\u00e7\\u00e3o\",\"image\":{\"@type\":\"ImageObject\",\"@id\":\"https:\/\/insurancecorp.com.br\/pt\/#personlogo\",\"inLanguage\":\"pt-BR\",\"url\":\"https:\/\/secure.gravatar.com\/avatar\/17226f1f60486eb25d4c6b301ffed37f?s=96&d=mm&r=g\",\"caption\":\"Publica\\u00e7\\u00e3o\"}}]}<\/script>\n<!-- \/ Yoast SEO plugin. -->","_links":{"self":[{"href":"https:\/\/insurancecorp.com.br\/pt\/wp-json\/wp\/v2\/posts\/79064"}],"collection":[{"href":"https:\/\/insurancecorp.com.br\/pt\/wp-json\/wp\/v2\/posts"}],"about":[{"href":"https:\/\/insurancecorp.com.br\/pt\/wp-json\/wp\/v2\/types\/post"}],"author":[{"embeddable":true,"href":"https:\/\/insurancecorp.com.br\/pt\/wp-json\/wp\/v2\/users\/2"}],"replies":[{"embeddable":true,"href":"https:\/\/insurancecorp.com.br\/pt\/wp-json\/wp\/v2\/comments?post=79064"}],"version-history":[{"count":1,"href":"https:\/\/insurancecorp.com.br\/pt\/wp-json\/wp\/v2\/posts\/79064\/revisions"}],"predecessor-version":[{"id":79065,"href":"https:\/\/insurancecorp.com.br\/pt\/wp-json\/wp\/v2\/posts\/79064\/revisions\/79065"}],"wp:featuredmedia":[{"embeddable":true,"href":"https:\/\/insurancecorp.com.br\/pt\/wp-json\/wp\/v2\/media\/72178"}],"wp:attachment":[{"href":"https:\/\/insurancecorp.com.br\/pt\/wp-json\/wp\/v2\/media?parent=79064"}],"wp:term":[{"taxonomy":"category","embeddable":true,"href":"https:\/\/insurancecorp.com.br\/pt\/wp-json\/wp\/v2\/categories?post=79064"},{"taxonomy":"post_tag","embeddable":true,"href":"https:\/\/insurancecorp.com.br\/pt\/wp-json\/wp\/v2\/tags?post=79064"}],"curies":[{"name":"wp","href":"https:\/\/api.w.org\/{rel}","templated":true}]}}