{"id":79057,"date":"2026-04-27T13:42:49","date_gmt":"2026-04-27T16:42:49","guid":{"rendered":"https:\/\/insurancecorp.com.br\/pt\/?p=79057"},"modified":"2026-04-27T13:42:49","modified_gmt":"2026-04-27T16:42:49","slug":"allianz-investe-em-nova-estrutura-de-regional","status":"publish","type":"post","link":"https:\/\/insurancecorp.com.br\/pt\/2026\/04\/27\/allianz-investe-em-nova-estrutura-de-regional\/","title":{"rendered":"Allianz investe em nova estrutura de Regional"},"content":{"rendered":"<p align=\"justify\">Uma das principais seguradoras do Brasil e do mundo, a\u00a0<a id=\"v1OWA2eb06e08-6cdd-c3ad-260b-8ab446cbd078\" class=\"v1OWAAutoLink\" title=\"https:\/\/www.allianz.com.br\/\" href=\"https:\/\/www.allianz.com.br\/\" target=\"_blank\" rel=\"noopener noreferrer\"><u>Allianz<\/u><\/a>\u00a0apresentou as novas instala\u00e7\u00f5es da Regional Sul com o objetivo de refor\u00e7ar a proximidade com os corretores locais e a sua estrat\u00e9gia de crescimento em uma das pra\u00e7as mais relevantes para o mercado segurador brasileiro. Cerca de 30 parceiros de neg\u00f3cios conheceram o espa\u00e7o, localizado em Curitiba (PR), que foi projetado para oferecer uma estrutura ainda mais robusta, acolhedora e em sintonia com o posicionamento da marca.<\/p>\n<p align=\"justify\">A unidade passa a liderar toda a opera\u00e7\u00e3o da companhia no Sul do pa\u00eds, incluindo as filiais de atendimento remoto e de Empresas \u2013 esta \u00faltima lan\u00e7ada em 2025. A nova estrutura tamb\u00e9m abriga a sede da filial Curitiba, que se junta \u00e0s outras 10 filiais da Allianz distribu\u00eddas pelo Sul. &#8220;O Paran\u00e1 \u00e9 uma pra\u00e7a bastante estrat\u00e9gica pela diversidade de neg\u00f3cios alinhados \u00e0 atua\u00e7\u00e3o da Allianz. \u00c9 onde estamos crescendo a dois d\u00edgitos e acima do mercado. Isso comprova a nossa for\u00e7a regional e nos coloca entre as quatro maiores seguradoras do estado&#8221;, afirmou Eduard Folch, presidente da Allianz Seguros. Segundo o executivo, a nova estrutura da Regional Sul representa mais do que uma mudan\u00e7a de endere\u00e7o. &#8220;Estamos investindo em relacionamento para crescer junto com os nossos corretores, que s\u00e3o as pe\u00e7as-chave do modelo de atua\u00e7\u00e3o da Allianz. Esse espa\u00e7o materializa o compromisso com a regi\u00e3o Sul e a valoriza\u00e7\u00e3o dos nossos parceiros.&#8221;<\/p>\n<p align=\"justify\">O diretor executivo Comercial Nelson Veiga destacou que as novas instala\u00e7\u00f5es focar\u00e3o na expans\u00e3o da empresa tanto nos seguros de Varejo quanto nas Linhas Corporativas, por meio de um portf\u00f3lio completo e solu\u00e7\u00f5es adaptadas \u00e0s necessidades espec\u00edficas de cada segmento e perfil de cliente. &#8220;Isso tamb\u00e9m nos permitir\u00e1 intensificar as nossas a\u00e7\u00f5es comerciais, como encontros, treinamentos e eventos, o que ir\u00e1 fortalecer ainda mais a capacita\u00e7\u00e3o do canal de vendas e impulsionar a gera\u00e7\u00e3o de novas janelas de oportunidades baseadas em ganho de\u00a0<i>market share<\/i>\u00a0e expans\u00e3o da base de neg\u00f3cios&#8221;, declarou.<\/p>\n<p align=\"justify\">Composta por um subscritor exclusivo de Frotas e outro dedicado aos seguros Patrimoniais, a Regional Sul da Allianz atender\u00e1 a mais de 1 mil corretores alocados no Paran\u00e1 e mais de 5 mil parceiros dos estados de Santa Catarina e Rio Grande do Sul.<\/p>\n<h4>Forte dinamismo econ\u00f4mico<\/h4>\n<p align=\"justify\">O Sul concentra cerca de 17% do PIB nacional, sendo a segunda regi\u00e3o mais relevante do Brasil em termos econ\u00f4micos, impulsionado pela forte presen\u00e7a de setores como agroneg\u00f3cio, ind\u00fastria e log\u00edstica. Nesse cen\u00e1rio, a Allianz tem alcan\u00e7ado resultados consistentes. Em 2025, em todo o Sul, a companhia cresceu 29%, enquanto o mercado segurador local subiu 5,7%. Somente no Paran\u00e1, a alta da empresa foi de 28%, 22% acima do avan\u00e7o registrado pelo setor. A companhia tamb\u00e9m ocupa posi\u00e7\u00f5es de destaque em carteiras estrat\u00e9gicas no estado: \u00e9 l\u00edder em seguro Condom\u00ednio, e no Agro Cultivo, ocupa o segundo lugar do ranking.<\/p>\n<p align=\"justify\">&#8220;Temos uma economia influente no pa\u00eds, distribu\u00edda em v\u00e1rios setores estrat\u00e9gicos. Por isso, queremos diversificar ainda mais o nosso portf\u00f3lio, considerando o potencial de crescimento da regi\u00e3o e as oportunidades que identificamos junto aos corretores e clientes&#8221;, pontuou Cleide Camilotto, diretora Comercial Regional Sul da Allianz. &#8220;Segmentos como Autom\u00f3vel Individual, Frota, Resid\u00eancia, Empresarial, Vida e Transportes apresentam grande potencial no Paran\u00e1 e nas demais pra\u00e7as do Sul, especialmente diante do dinamismo econ\u00f4mico local. Nesse contexto, a nova estrutura da Regional Sul ganha ainda mais relev\u00e2ncia. Al\u00e9m de aproximar a Allianz de seus parceiros, esse movimento possibilita com que a empresa aprofunde o entendimento das necessidades regionais e, com isso, impulsione o desenvolvimento dos neg\u00f3cios de forma consistente e sustent\u00e1vel&#8221;, finalizou.<\/p>\n<p align=\"justify\"><strong>Virta Comunica\u00e7\u00e3o<\/strong><\/p>\n<p align=\"justify\"><strong>Foto: <\/strong>Executivos da Allianz na inaugura\u00e7\u00e3o da nova regional Sul<\/p>\n","protected":false},"excerpt":{"rendered":"<p>Uma das principais seguradoras do Brasil e do mundo, a\u00a0Allianz\u00a0apresentou as novas instala\u00e7\u00f5es da Regional Sul com o objetivo de refor\u00e7ar a proximidade com os corretores locais e a sua estrat\u00e9gia de crescimento em uma das pra\u00e7as mais relevantes para o mercado segurador brasileiro. Cerca de 30 parceiros de neg\u00f3cios conheceram o espa\u00e7o, localizado em [&hellip;]<\/p>\n","protected":false},"author":2,"featured_media":79058,"comment_status":"open","ping_status":"open","sticky":false,"template":"","format":"standard","meta":[],"categories":[138],"tags":[3070,6808,6257,12684,12540],"jetpack_featured_media_url":"https:\/\/insurancecorp.com.br\/pt\/wp-content\/uploads\/2026\/04\/Executivos-da-Allianz-na-inauguracao-da-nova-regional-Sul_credito_divulgacao-scaled-e1777308128272.jpeg","yoast_head":"<!-- This site is optimized with the Yoast SEO plugin v14.8 - https:\/\/yoast.com\/wordpress\/plugins\/seo\/ -->\n<title>Allianz investe em nova estrutura de Regional | Revista Insurance Corp | PT-BR<\/title>\n<meta name=\"robots\" content=\"index, follow\" \/>\n<meta name=\"googlebot\" content=\"index, follow, max-snippet:-1, max-image-preview:large, max-video-preview:-1\" \/>\n<meta name=\"bingbot\" content=\"index, follow, max-snippet:-1, max-image-preview:large, max-video-preview:-1\" \/>\n<link rel=\"canonical\" href=\"https:\/\/insurancecorp.com.br\/pt\/2026\/04\/27\/allianz-investe-em-nova-estrutura-de-regional\/\" \/>\n<meta property=\"og:locale\" content=\"pt_BR\" \/>\n<meta property=\"og:type\" content=\"article\" \/>\n<meta property=\"og:title\" content=\"Allianz investe em nova estrutura de Regional | Revista Insurance Corp | PT-BR\" \/>\n<meta property=\"og:description\" content=\"Uma das principais seguradoras do Brasil e do mundo, a\u00a0Allianz\u00a0apresentou as novas instala\u00e7\u00f5es da Regional Sul com o objetivo de refor\u00e7ar a proximidade com os corretores locais e a sua estrat\u00e9gia de crescimento em uma das pra\u00e7as mais relevantes para o mercado segurador brasileiro. Cerca de 30 parceiros de neg\u00f3cios conheceram o espa\u00e7o, localizado em [&hellip;]\" \/>\n<meta property=\"og:url\" content=\"https:\/\/insurancecorp.com.br\/pt\/2026\/04\/27\/allianz-investe-em-nova-estrutura-de-regional\/\" \/>\n<meta property=\"og:site_name\" content=\"Revista Insurance Corp | PT-BR\" \/>\n<meta property=\"article:publisher\" content=\"https:\/\/www.facebook.com\/RevistaInsuranceCorp\/\" \/>\n<meta property=\"article:published_time\" content=\"2026-04-27T16:42:49+00:00\" \/>\n<meta property=\"og:image\" content=\"https:\/\/insurancecorp.com.br\/pt\/wp-content\/uploads\/2026\/04\/Executivos-da-Allianz-na-inauguracao-da-nova-regional-Sul_credito_divulgacao-scaled-e1777308128272.jpeg\" \/>\n\t<meta property=\"og:image:width\" content=\"2560\" \/>\n\t<meta property=\"og:image:height\" content=\"1644\" \/>\n<meta name=\"twitter:card\" content=\"summary\" \/>\n<script type=\"application\/ld+json\" class=\"yoast-schema-graph\">{\"@context\":\"https:\/\/schema.org\",\"@graph\":[{\"@type\":\"Organization\",\"@id\":\"https:\/\/insurancecorp.com.br\/pt\/#organization\",\"name\":\"Revista Insurance Corp\",\"url\":\"https:\/\/insurancecorp.com.br\/pt\/\",\"sameAs\":[\"https:\/\/www.facebook.com\/RevistaInsuranceCorp\/\"],\"logo\":{\"@type\":\"ImageObject\",\"@id\":\"https:\/\/insurancecorp.com.br\/pt\/#logo\",\"inLanguage\":\"pt-BR\",\"url\":\"\",\"caption\":\"Revista Insurance Corp\"},\"image\":{\"@id\":\"https:\/\/insurancecorp.com.br\/pt\/#logo\"}},{\"@type\":\"WebSite\",\"@id\":\"https:\/\/insurancecorp.com.br\/pt\/#website\",\"url\":\"https:\/\/insurancecorp.com.br\/pt\/\",\"name\":\"Revista Insurance Corp | PT-BR\",\"description\":\"A \\u00fanica revista bil\\u00edngue voltada ao mercado de seguro.\",\"publisher\":{\"@id\":\"https:\/\/insurancecorp.com.br\/pt\/#organization\"},\"potentialAction\":[{\"@type\":\"SearchAction\",\"target\":\"https:\/\/insurancecorp.com.br\/pt\/?s={search_term_string}\",\"query-input\":\"required name=search_term_string\"}],\"inLanguage\":\"pt-BR\"},{\"@type\":\"ImageObject\",\"@id\":\"https:\/\/insurancecorp.com.br\/pt\/2026\/04\/27\/allianz-investe-em-nova-estrutura-de-regional\/#primaryimage\",\"inLanguage\":\"pt-BR\",\"url\":\"https:\/\/insurancecorp.com.br\/pt\/wp-content\/uploads\/2026\/04\/Executivos-da-Allianz-na-inauguracao-da-nova-regional-Sul_credito_divulgacao-scaled-e1777308128272.jpeg\",\"width\":2560,\"height\":1644},{\"@type\":\"WebPage\",\"@id\":\"https:\/\/insurancecorp.com.br\/pt\/2026\/04\/27\/allianz-investe-em-nova-estrutura-de-regional\/#webpage\",\"url\":\"https:\/\/insurancecorp.com.br\/pt\/2026\/04\/27\/allianz-investe-em-nova-estrutura-de-regional\/\",\"name\":\"Allianz investe em nova estrutura de Regional | Revista Insurance Corp | PT-BR\",\"isPartOf\":{\"@id\":\"https:\/\/insurancecorp.com.br\/pt\/#website\"},\"primaryImageOfPage\":{\"@id\":\"https:\/\/insurancecorp.com.br\/pt\/2026\/04\/27\/allianz-investe-em-nova-estrutura-de-regional\/#primaryimage\"},\"datePublished\":\"2026-04-27T16:42:49+00:00\",\"dateModified\":\"2026-04-27T16:42:49+00:00\",\"inLanguage\":\"pt-BR\",\"potentialAction\":[{\"@type\":\"ReadAction\",\"target\":[\"https:\/\/insurancecorp.com.br\/pt\/2026\/04\/27\/allianz-investe-em-nova-estrutura-de-regional\/\"]}]},{\"@type\":\"Article\",\"@id\":\"https:\/\/insurancecorp.com.br\/pt\/2026\/04\/27\/allianz-investe-em-nova-estrutura-de-regional\/#article\",\"isPartOf\":{\"@id\":\"https:\/\/insurancecorp.com.br\/pt\/2026\/04\/27\/allianz-investe-em-nova-estrutura-de-regional\/#webpage\"},\"author\":{\"@id\":\"https:\/\/insurancecorp.com.br\/pt\/#\/schema\/person\/1b69c8cf325f0b7167f1b171f52df4af\"},\"headline\":\"Allianz investe em nova estrutura de Regional\",\"datePublished\":\"2026-04-27T16:42:49+00:00\",\"dateModified\":\"2026-04-27T16:42:49+00:00\",\"mainEntityOfPage\":{\"@id\":\"https:\/\/insurancecorp.com.br\/pt\/2026\/04\/27\/allianz-investe-em-nova-estrutura-de-regional\/#webpage\"},\"commentCount\":0,\"publisher\":{\"@id\":\"https:\/\/insurancecorp.com.br\/pt\/#organization\"},\"image\":{\"@id\":\"https:\/\/insurancecorp.com.br\/pt\/2026\/04\/27\/allianz-investe-em-nova-estrutura-de-regional\/#primaryimage\"},\"keywords\":\"Allianz,estrutura,investe,nova,regional\",\"articleSection\":\"Allianz\",\"inLanguage\":\"pt-BR\",\"potentialAction\":[{\"@type\":\"CommentAction\",\"name\":\"Comment\",\"target\":[\"https:\/\/insurancecorp.com.br\/pt\/2026\/04\/27\/allianz-investe-em-nova-estrutura-de-regional\/#respond\"]}]},{\"@type\":\"Person\",\"@id\":\"https:\/\/insurancecorp.com.br\/pt\/#\/schema\/person\/1b69c8cf325f0b7167f1b171f52df4af\",\"name\":\"Publica\\u00e7\\u00e3o\",\"image\":{\"@type\":\"ImageObject\",\"@id\":\"https:\/\/insurancecorp.com.br\/pt\/#personlogo\",\"inLanguage\":\"pt-BR\",\"url\":\"https:\/\/secure.gravatar.com\/avatar\/17226f1f60486eb25d4c6b301ffed37f?s=96&d=mm&r=g\",\"caption\":\"Publica\\u00e7\\u00e3o\"}}]}<\/script>\n<!-- \/ Yoast SEO plugin. -->","_links":{"self":[{"href":"https:\/\/insurancecorp.com.br\/pt\/wp-json\/wp\/v2\/posts\/79057"}],"collection":[{"href":"https:\/\/insurancecorp.com.br\/pt\/wp-json\/wp\/v2\/posts"}],"about":[{"href":"https:\/\/insurancecorp.com.br\/pt\/wp-json\/wp\/v2\/types\/post"}],"author":[{"embeddable":true,"href":"https:\/\/insurancecorp.com.br\/pt\/wp-json\/wp\/v2\/users\/2"}],"replies":[{"embeddable":true,"href":"https:\/\/insurancecorp.com.br\/pt\/wp-json\/wp\/v2\/comments?post=79057"}],"version-history":[{"count":2,"href":"https:\/\/insurancecorp.com.br\/pt\/wp-json\/wp\/v2\/posts\/79057\/revisions"}],"predecessor-version":[{"id":79060,"href":"https:\/\/insurancecorp.com.br\/pt\/wp-json\/wp\/v2\/posts\/79057\/revisions\/79060"}],"wp:featuredmedia":[{"embeddable":true,"href":"https:\/\/insurancecorp.com.br\/pt\/wp-json\/wp\/v2\/media\/79058"}],"wp:attachment":[{"href":"https:\/\/insurancecorp.com.br\/pt\/wp-json\/wp\/v2\/media?parent=79057"}],"wp:term":[{"taxonomy":"category","embeddable":true,"href":"https:\/\/insurancecorp.com.br\/pt\/wp-json\/wp\/v2\/categories?post=79057"},{"taxonomy":"post_tag","embeddable":true,"href":"https:\/\/insurancecorp.com.br\/pt\/wp-json\/wp\/v2\/tags?post=79057"}],"curies":[{"name":"wp","href":"https:\/\/api.w.org\/{rel}","templated":true}]}}