{"id":79049,"date":"2026-04-27T13:17:39","date_gmt":"2026-04-27T16:17:39","guid":{"rendered":"https:\/\/insurancecorp.com.br\/pt\/?p=79049"},"modified":"2026-04-27T13:17:39","modified_gmt":"2026-04-27T16:17:39","slug":"bradesco-saude-lanca-produto-efetivo-plus-no-parana","status":"publish","type":"post","link":"https:\/\/insurancecorp.com.br\/pt\/2026\/04\/27\/bradesco-saude-lanca-produto-efetivo-plus-no-parana\/","title":{"rendered":"Bradesco Sa\u00fade lan\u00e7a produto Efetivo Plus no Paran\u00e1"},"content":{"rendered":"<p align=\"justify\">A Bradesco Sa\u00fade anuncia a chegada ao Paran\u00e1 do plano Efetivo Plus, produto de abrang\u00eancia nacional que amplia o portf\u00f3lio da operadora e fortalece sua presen\u00e7a no estado, com uma rede de prestadores desejados pela popula\u00e7\u00e3o paranaense. Voltado a empresas a partir de tr\u00eas pessoas, o novo produto foi desenvolvido para atender diferentes perfis corporativos, combinando qualidade assistencial, ampla cobertura e custo-benef\u00edcio competitivo.<\/p>\n<p align=\"justify\">Com a proposta de proporcionar economia sem abrir m\u00e3o da qualidade, o Efetivo Plus est\u00e1\u00a0entre os planos nacionais mais acess\u00edveis da Bradesco Sa\u00fade, contando com coberturas ambulatorial e hospitalar com obstetr\u00edcia, al\u00e9m de flexibilidade na contrata\u00e7\u00e3o, com op\u00e7\u00f5es com ou sem coparticipa\u00e7\u00e3o e acomoda\u00e7\u00e3o em quarto ou enfermaria. O objetivo \u00e9 oferecer \u00e0s empresas uma solu\u00e7\u00e3o eficiente para o cuidado com a sa\u00fade de seus colaboradores.<\/p>\n<p align=\"justify\">No Paran\u00e1, o plano chama a aten\u00e7\u00e3o pela rede credenciada qualificada, formada por cl\u00ednicas, laborat\u00f3rios e hospitais reconhecidos no estado. Entre os prestadores, est\u00e3o nomes como Hospital Nossa Senhora das Gra\u00e7as e Hospital S\u00e3o Marcelino Champagnat, al\u00e9m do Hospital e Maternidade Pinhais, Hospital de Olhos do Paran\u00e1, Hospital Infantil Pequeno Pr\u00edncipe, Hospitais Vita Batel e Vita Curitiba, Instituto da Crian\u00e7a, Instituto de Neurologia de Curitiba, Maternidade de Curitiba e as cl\u00ednicas Cadmo, Los Angeles e Novacl\u00ednica.<\/p>\n<p align=\"justify\">Al\u00e9m do mercado paranaense, o Efetivo Plus tamb\u00e9m j\u00e1 foi lan\u00e7ado em S\u00e3o Paulo, Distrito Federal e Rio Grande do Sul.<\/p>\n<p align=\"justify\">&#8220;O Efetivo Plus foi desenhado para ampliar o acesso das empresas, de diferentes portes e segmentos, a uma assist\u00eancia m\u00e9dico-hospitalar de qualidade, com excelente rela\u00e7\u00e3o custo-benef\u00edcio e a credibilidade da marca Bradesco Sa\u00fade. A chegada do produto ao Paran\u00e1 refor\u00e7a nossa estrat\u00e9gia de expans\u00e3o regional e nosso compromisso em levar assist\u00eancia m\u00e9dico-hospitalar de excel\u00eancia a mais empresas&#8221;, destaca Fl\u00e1vio Bitter, diretor da Bradesco Sa\u00fade.<\/p>\n<p align=\"justify\">Al\u00e9m da rede assistencial, o Efetivo Plus se diferencia pelos servi\u00e7os oferecidos aos benefici\u00e1rios. Entre eles, acesso facilitado a psic\u00f3logos via aplicativo Bradesco Sa\u00fade, consultas via telemedicina, por meio do aplicativo Sa\u00fade Digital, o atendimento com foco em Aten\u00e7\u00e3o Prim\u00e1ria \u00e0 Sa\u00fade (APS) da rede Meu Doutor Novamed, presente em Curitiba, al\u00e9m de descontos exclusivos em produtos e servi\u00e7os com o Clube+Sa\u00fade.<\/p>\n<p align=\"justify\"><strong>Approach<\/strong><\/p>\n","protected":false},"excerpt":{"rendered":"<p>A Bradesco Sa\u00fade anuncia a chegada ao Paran\u00e1 do plano Efetivo Plus, produto de abrang\u00eancia nacional que amplia o portf\u00f3lio da operadora e fortalece sua presen\u00e7a no estado, com uma rede de prestadores desejados pela popula\u00e7\u00e3o paranaense. Voltado a empresas a partir de tr\u00eas pessoas, o novo produto foi desenvolvido para atender diferentes perfis corporativos, [&hellip;]<\/p>\n","protected":false},"author":2,"featured_media":79050,"comment_status":"open","ping_status":"open","sticky":false,"template":"","format":"standard","meta":[],"categories":[357],"tags":[7052,16582,5013,4583,16583,7339,1356],"jetpack_featured_media_url":"https:\/\/insurancecorp.com.br\/pt\/wp-content\/uploads\/2026\/04\/Efetivo-Plus-Parana-e1777306639928.jpeg","yoast_head":"<!-- This site is optimized with the Yoast SEO plugin v14.8 - https:\/\/yoast.com\/wordpress\/plugins\/seo\/ -->\n<title>Bradesco Sa\u00fade lan\u00e7a produto Efetivo Plus no Paran\u00e1 | Revista Insurance Corp | PT-BR<\/title>\n<meta name=\"robots\" content=\"index, follow\" \/>\n<meta name=\"googlebot\" content=\"index, follow, max-snippet:-1, max-image-preview:large, max-video-preview:-1\" \/>\n<meta name=\"bingbot\" content=\"index, follow, max-snippet:-1, max-image-preview:large, max-video-preview:-1\" \/>\n<link rel=\"canonical\" href=\"https:\/\/insurancecorp.com.br\/pt\/2026\/04\/27\/bradesco-saude-lanca-produto-efetivo-plus-no-parana\/\" \/>\n<meta property=\"og:locale\" content=\"pt_BR\" \/>\n<meta property=\"og:type\" content=\"article\" \/>\n<meta property=\"og:title\" content=\"Bradesco Sa\u00fade lan\u00e7a produto Efetivo Plus no Paran\u00e1 | Revista Insurance Corp | PT-BR\" \/>\n<meta property=\"og:description\" content=\"A Bradesco Sa\u00fade anuncia a chegada ao Paran\u00e1 do plano Efetivo Plus, produto de abrang\u00eancia nacional que amplia o portf\u00f3lio da operadora e fortalece sua presen\u00e7a no estado, com uma rede de prestadores desejados pela popula\u00e7\u00e3o paranaense. Voltado a empresas a partir de tr\u00eas pessoas, o novo produto foi desenvolvido para atender diferentes perfis corporativos, [&hellip;]\" \/>\n<meta property=\"og:url\" content=\"https:\/\/insurancecorp.com.br\/pt\/2026\/04\/27\/bradesco-saude-lanca-produto-efetivo-plus-no-parana\/\" \/>\n<meta property=\"og:site_name\" content=\"Revista Insurance Corp | PT-BR\" \/>\n<meta property=\"article:publisher\" content=\"https:\/\/www.facebook.com\/RevistaInsuranceCorp\/\" \/>\n<meta property=\"article:published_time\" content=\"2026-04-27T16:17:39+00:00\" \/>\n<meta property=\"og:image\" content=\"https:\/\/insurancecorp.com.br\/pt\/wp-content\/uploads\/2026\/04\/Efetivo-Plus-Parana-e1777306639928.jpeg\" \/>\n\t<meta property=\"og:image:width\" content=\"959\" \/>\n\t<meta property=\"og:image:height\" content=\"1157\" \/>\n<meta name=\"twitter:card\" content=\"summary\" \/>\n<script type=\"application\/ld+json\" class=\"yoast-schema-graph\">{\"@context\":\"https:\/\/schema.org\",\"@graph\":[{\"@type\":\"Organization\",\"@id\":\"https:\/\/insurancecorp.com.br\/pt\/#organization\",\"name\":\"Revista Insurance Corp\",\"url\":\"https:\/\/insurancecorp.com.br\/pt\/\",\"sameAs\":[\"https:\/\/www.facebook.com\/RevistaInsuranceCorp\/\"],\"logo\":{\"@type\":\"ImageObject\",\"@id\":\"https:\/\/insurancecorp.com.br\/pt\/#logo\",\"inLanguage\":\"pt-BR\",\"url\":\"\",\"caption\":\"Revista Insurance Corp\"},\"image\":{\"@id\":\"https:\/\/insurancecorp.com.br\/pt\/#logo\"}},{\"@type\":\"WebSite\",\"@id\":\"https:\/\/insurancecorp.com.br\/pt\/#website\",\"url\":\"https:\/\/insurancecorp.com.br\/pt\/\",\"name\":\"Revista Insurance Corp | PT-BR\",\"description\":\"A \\u00fanica revista bil\\u00edngue voltada ao mercado de seguro.\",\"publisher\":{\"@id\":\"https:\/\/insurancecorp.com.br\/pt\/#organization\"},\"potentialAction\":[{\"@type\":\"SearchAction\",\"target\":\"https:\/\/insurancecorp.com.br\/pt\/?s={search_term_string}\",\"query-input\":\"required name=search_term_string\"}],\"inLanguage\":\"pt-BR\"},{\"@type\":\"ImageObject\",\"@id\":\"https:\/\/insurancecorp.com.br\/pt\/2026\/04\/27\/bradesco-saude-lanca-produto-efetivo-plus-no-parana\/#primaryimage\",\"inLanguage\":\"pt-BR\",\"url\":\"https:\/\/insurancecorp.com.br\/pt\/wp-content\/uploads\/2026\/04\/Efetivo-Plus-Parana-e1777306639928.jpeg\",\"width\":959,\"height\":1157},{\"@type\":\"WebPage\",\"@id\":\"https:\/\/insurancecorp.com.br\/pt\/2026\/04\/27\/bradesco-saude-lanca-produto-efetivo-plus-no-parana\/#webpage\",\"url\":\"https:\/\/insurancecorp.com.br\/pt\/2026\/04\/27\/bradesco-saude-lanca-produto-efetivo-plus-no-parana\/\",\"name\":\"Bradesco Sa\\u00fade lan\\u00e7a produto Efetivo Plus no Paran\\u00e1 | Revista Insurance Corp | PT-BR\",\"isPartOf\":{\"@id\":\"https:\/\/insurancecorp.com.br\/pt\/#website\"},\"primaryImageOfPage\":{\"@id\":\"https:\/\/insurancecorp.com.br\/pt\/2026\/04\/27\/bradesco-saude-lanca-produto-efetivo-plus-no-parana\/#primaryimage\"},\"datePublished\":\"2026-04-27T16:17:39+00:00\",\"dateModified\":\"2026-04-27T16:17:39+00:00\",\"inLanguage\":\"pt-BR\",\"potentialAction\":[{\"@type\":\"ReadAction\",\"target\":[\"https:\/\/insurancecorp.com.br\/pt\/2026\/04\/27\/bradesco-saude-lanca-produto-efetivo-plus-no-parana\/\"]}]},{\"@type\":\"Article\",\"@id\":\"https:\/\/insurancecorp.com.br\/pt\/2026\/04\/27\/bradesco-saude-lanca-produto-efetivo-plus-no-parana\/#article\",\"isPartOf\":{\"@id\":\"https:\/\/insurancecorp.com.br\/pt\/2026\/04\/27\/bradesco-saude-lanca-produto-efetivo-plus-no-parana\/#webpage\"},\"author\":{\"@id\":\"https:\/\/insurancecorp.com.br\/pt\/#\/schema\/person\/1b69c8cf325f0b7167f1b171f52df4af\"},\"headline\":\"Bradesco Sa\\u00fade lan\\u00e7a produto Efetivo Plus no Paran\\u00e1\",\"datePublished\":\"2026-04-27T16:17:39+00:00\",\"dateModified\":\"2026-04-27T16:17:39+00:00\",\"mainEntityOfPage\":{\"@id\":\"https:\/\/insurancecorp.com.br\/pt\/2026\/04\/27\/bradesco-saude-lanca-produto-efetivo-plus-no-parana\/#webpage\"},\"commentCount\":0,\"publisher\":{\"@id\":\"https:\/\/insurancecorp.com.br\/pt\/#organization\"},\"image\":{\"@id\":\"https:\/\/insurancecorp.com.br\/pt\/2026\/04\/27\/bradesco-saude-lanca-produto-efetivo-plus-no-parana\/#primaryimage\"},\"keywords\":\"Bradesco,efetivo,lan\\u00e7a,Paran\\u00e1,plus,produto,sa\\u00fade\",\"articleSection\":\"Bradesco Sa\\u00fade\",\"inLanguage\":\"pt-BR\",\"potentialAction\":[{\"@type\":\"CommentAction\",\"name\":\"Comment\",\"target\":[\"https:\/\/insurancecorp.com.br\/pt\/2026\/04\/27\/bradesco-saude-lanca-produto-efetivo-plus-no-parana\/#respond\"]}]},{\"@type\":\"Person\",\"@id\":\"https:\/\/insurancecorp.com.br\/pt\/#\/schema\/person\/1b69c8cf325f0b7167f1b171f52df4af\",\"name\":\"Publica\\u00e7\\u00e3o\",\"image\":{\"@type\":\"ImageObject\",\"@id\":\"https:\/\/insurancecorp.com.br\/pt\/#personlogo\",\"inLanguage\":\"pt-BR\",\"url\":\"https:\/\/secure.gravatar.com\/avatar\/17226f1f60486eb25d4c6b301ffed37f?s=96&d=mm&r=g\",\"caption\":\"Publica\\u00e7\\u00e3o\"}}]}<\/script>\n<!-- \/ Yoast SEO plugin. -->","_links":{"self":[{"href":"https:\/\/insurancecorp.com.br\/pt\/wp-json\/wp\/v2\/posts\/79049"}],"collection":[{"href":"https:\/\/insurancecorp.com.br\/pt\/wp-json\/wp\/v2\/posts"}],"about":[{"href":"https:\/\/insurancecorp.com.br\/pt\/wp-json\/wp\/v2\/types\/post"}],"author":[{"embeddable":true,"href":"https:\/\/insurancecorp.com.br\/pt\/wp-json\/wp\/v2\/users\/2"}],"replies":[{"embeddable":true,"href":"https:\/\/insurancecorp.com.br\/pt\/wp-json\/wp\/v2\/comments?post=79049"}],"version-history":[{"count":2,"href":"https:\/\/insurancecorp.com.br\/pt\/wp-json\/wp\/v2\/posts\/79049\/revisions"}],"predecessor-version":[{"id":79052,"href":"https:\/\/insurancecorp.com.br\/pt\/wp-json\/wp\/v2\/posts\/79049\/revisions\/79052"}],"wp:featuredmedia":[{"embeddable":true,"href":"https:\/\/insurancecorp.com.br\/pt\/wp-json\/wp\/v2\/media\/79050"}],"wp:attachment":[{"href":"https:\/\/insurancecorp.com.br\/pt\/wp-json\/wp\/v2\/media?parent=79049"}],"wp:term":[{"taxonomy":"category","embeddable":true,"href":"https:\/\/insurancecorp.com.br\/pt\/wp-json\/wp\/v2\/categories?post=79049"},{"taxonomy":"post_tag","embeddable":true,"href":"https:\/\/insurancecorp.com.br\/pt\/wp-json\/wp\/v2\/tags?post=79049"}],"curies":[{"name":"wp","href":"https:\/\/api.w.org\/{rel}","templated":true}]}}