{"id":79041,"date":"2026-04-27T12:52:33","date_gmt":"2026-04-27T15:52:33","guid":{"rendered":"https:\/\/insurancecorp.com.br\/pt\/?p=79041"},"modified":"2026-04-27T12:52:33","modified_gmt":"2026-04-27T15:52:33","slug":"axa-apresenta-novo-executivo-dedicado-ao-segmento","status":"publish","type":"post","link":"https:\/\/insurancecorp.com.br\/pt\/2026\/04\/27\/axa-apresenta-novo-executivo-dedicado-ao-segmento\/","title":{"rendered":"AXA apresenta novo executivo dedicado ao segmento"},"content":{"rendered":"<p align=\"justify\">Dentro da estrat\u00e9gia de crescimento da AXA no Brasil, um dos objetivos para este ano \u00e9 ampliar a capilaridade em todo o pa\u00eds, levando a cobertura de seguros a um p\u00fablico cada vez mais diversificado. Para isso, canais capazes de oferecer escala e expandir a cultura securit\u00e1ria s\u00e3o essenciais. No seu novo modelo comercial, a companhia criou um canal dedicado \u00e0s cooperativas e convidou Matheus Fontanelli para assumir a sua dire\u00e7\u00e3o.<\/p>\n<p align=\"justify\">Essa estrutura foi oficializada no primeiro trimestre de 2026, mas \u00e9 a continuidade de um trabalho iniciado em 2025, com a chegada de Luciano Calheiros \u00e0 Vice-Presid\u00eancia Comercial, Marketing e Experi\u00eancia do Cliente. A partir dele, a companhia passou a separar as dire\u00e7\u00f5es comerciais por canais.<\/p>\n<p align=\"justify\">Matheus tem mais de 20 anos de experi\u00eancia com cooperativismo, trabalhando ao lado de uma seguradora. O executivo chega com a miss\u00e3o de traduzir a solidez t\u00e9cnica da AXA para a linguagem de proximidade e confian\u00e7a que rege o modelo cooperativista. &#8220;O cooperativismo tem um papel essencial no desenvolvimento econ\u00f4mico e social do pa\u00eds. Entendemos que as cooperativas n\u00e3o buscam apenas resultados financeiros, mas o impacto positivo e a prosperidade das comunidades onde atuam. Nossa estrat\u00e9gia \u00e9 ser o bra\u00e7o de prote\u00e7\u00e3o desse ecossistema&#8221;, afirma Fontanelli.<\/p>\n<p align=\"justify\">A aposta da AXA no segmento baseia-se na converg\u00eancia de valores: enquanto o cooperativismo une pessoas para o crescimento comum, o seguro garante a continuidade desse ciclo de vida e dos neg\u00f3cios. Ao consolidar o Canal Cooperativas, a AXA busca oferecer um atendimento consultivo e solu\u00e7\u00f5es customizadas que respeitem o senso de pertencimento e a transpar\u00eancia exigidos pelos cooperados.<\/p>\n<p align=\"justify\">&#8220;Acreditamos que, em um pa\u00eds com as dimens\u00f5es e os desafios do Brasil, a parceria entre seguradoras e cooperativas cria uma rede de prote\u00e7\u00e3o poderosa. Queremos estar ao lado dos cooperados, oferecendo um portf\u00f3lio amplo de solu\u00e7\u00f5es em seguros para seus neg\u00f3cios e vidas, transformando a cultura da preven\u00e7\u00e3o em um motor de estabilidade e desenvolvimento humano&#8221;, conclui Matheus.<\/p>\n<p align=\"justify\">Com esse movimento, a AXA refor\u00e7a o compromisso de atuar como um motor para acelerar a inclus\u00e3o securit\u00e1ria no interior do pa\u00eds, utilizando a capilaridade das cooperativas para levar seguran\u00e7a financeira onde as institui\u00e7\u00f5es tradicionais muitas vezes n\u00e3o chegam, unindo confian\u00e7a, prote\u00e7\u00e3o e um olhar atento para o futuro.<\/p>\n<p align=\"justify\"><strong>Core Consultoria<\/strong><\/p>\n<p align=\"justify\"><strong>Foto:\u00a0<\/strong>Matheus Fontanelli &#8211; diretor do Canal Cooperativas da AXA no Brasil<\/p>\n","protected":false},"excerpt":{"rendered":"<p>Dentro da estrat\u00e9gia de crescimento da AXA no Brasil, um dos objetivos para este ano \u00e9 ampliar a capilaridade em todo o pa\u00eds, levando a cobertura de seguros a um p\u00fablico cada vez mais diversificado. Para isso, canais capazes de oferecer escala e expandir a cultura securit\u00e1ria s\u00e3o essenciais. No seu novo modelo comercial, a [&hellip;]<\/p>\n","protected":false},"author":2,"featured_media":79047,"comment_status":"open","ping_status":"open","sticky":false,"template":"","format":"standard","meta":[],"categories":[495],"tags":[5097,1629,16581,805,7293],"jetpack_featured_media_url":"https:\/\/insurancecorp.com.br\/pt\/wp-content\/uploads\/2026\/04\/Design-sem-nome-81.png","yoast_head":"<!-- This site is optimized with the Yoast SEO plugin v14.8 - https:\/\/yoast.com\/wordpress\/plugins\/seo\/ -->\n<title>AXA apresenta novo executivo dedicado ao segmento | Revista Insurance Corp | PT-BR<\/title>\n<meta name=\"robots\" content=\"index, follow\" \/>\n<meta name=\"googlebot\" content=\"index, follow, max-snippet:-1, max-image-preview:large, max-video-preview:-1\" \/>\n<meta name=\"bingbot\" content=\"index, follow, max-snippet:-1, max-image-preview:large, max-video-preview:-1\" \/>\n<link rel=\"canonical\" href=\"https:\/\/insurancecorp.com.br\/pt\/2026\/04\/27\/axa-apresenta-novo-executivo-dedicado-ao-segmento\/\" \/>\n<meta property=\"og:locale\" content=\"pt_BR\" \/>\n<meta property=\"og:type\" content=\"article\" \/>\n<meta property=\"og:title\" content=\"AXA apresenta novo executivo dedicado ao segmento | Revista Insurance Corp | PT-BR\" \/>\n<meta property=\"og:description\" content=\"Dentro da estrat\u00e9gia de crescimento da AXA no Brasil, um dos objetivos para este ano \u00e9 ampliar a capilaridade em todo o pa\u00eds, levando a cobertura de seguros a um p\u00fablico cada vez mais diversificado. Para isso, canais capazes de oferecer escala e expandir a cultura securit\u00e1ria s\u00e3o essenciais. No seu novo modelo comercial, a [&hellip;]\" \/>\n<meta property=\"og:url\" content=\"https:\/\/insurancecorp.com.br\/pt\/2026\/04\/27\/axa-apresenta-novo-executivo-dedicado-ao-segmento\/\" \/>\n<meta property=\"og:site_name\" content=\"Revista Insurance Corp | PT-BR\" \/>\n<meta property=\"article:publisher\" content=\"https:\/\/www.facebook.com\/RevistaInsuranceCorp\/\" \/>\n<meta property=\"article:published_time\" content=\"2026-04-27T15:52:33+00:00\" \/>\n<meta property=\"og:image\" content=\"https:\/\/insurancecorp.com.br\/pt\/wp-content\/uploads\/2026\/04\/Design-sem-nome-81.png\" \/>\n\t<meta property=\"og:image:width\" content=\"1366\" \/>\n\t<meta property=\"og:image:height\" content=\"610\" \/>\n<meta name=\"twitter:card\" content=\"summary\" \/>\n<script type=\"application\/ld+json\" class=\"yoast-schema-graph\">{\"@context\":\"https:\/\/schema.org\",\"@graph\":[{\"@type\":\"Organization\",\"@id\":\"https:\/\/insurancecorp.com.br\/pt\/#organization\",\"name\":\"Revista Insurance Corp\",\"url\":\"https:\/\/insurancecorp.com.br\/pt\/\",\"sameAs\":[\"https:\/\/www.facebook.com\/RevistaInsuranceCorp\/\"],\"logo\":{\"@type\":\"ImageObject\",\"@id\":\"https:\/\/insurancecorp.com.br\/pt\/#logo\",\"inLanguage\":\"pt-BR\",\"url\":\"\",\"caption\":\"Revista Insurance Corp\"},\"image\":{\"@id\":\"https:\/\/insurancecorp.com.br\/pt\/#logo\"}},{\"@type\":\"WebSite\",\"@id\":\"https:\/\/insurancecorp.com.br\/pt\/#website\",\"url\":\"https:\/\/insurancecorp.com.br\/pt\/\",\"name\":\"Revista Insurance Corp | PT-BR\",\"description\":\"A \\u00fanica revista bil\\u00edngue voltada ao mercado de seguro.\",\"publisher\":{\"@id\":\"https:\/\/insurancecorp.com.br\/pt\/#organization\"},\"potentialAction\":[{\"@type\":\"SearchAction\",\"target\":\"https:\/\/insurancecorp.com.br\/pt\/?s={search_term_string}\",\"query-input\":\"required name=search_term_string\"}],\"inLanguage\":\"pt-BR\"},{\"@type\":\"ImageObject\",\"@id\":\"https:\/\/insurancecorp.com.br\/pt\/2026\/04\/27\/axa-apresenta-novo-executivo-dedicado-ao-segmento\/#primaryimage\",\"inLanguage\":\"pt-BR\",\"url\":\"https:\/\/insurancecorp.com.br\/pt\/wp-content\/uploads\/2026\/04\/Design-sem-nome-81.png\",\"width\":1366,\"height\":610},{\"@type\":\"WebPage\",\"@id\":\"https:\/\/insurancecorp.com.br\/pt\/2026\/04\/27\/axa-apresenta-novo-executivo-dedicado-ao-segmento\/#webpage\",\"url\":\"https:\/\/insurancecorp.com.br\/pt\/2026\/04\/27\/axa-apresenta-novo-executivo-dedicado-ao-segmento\/\",\"name\":\"AXA apresenta novo executivo dedicado ao segmento | Revista Insurance Corp | PT-BR\",\"isPartOf\":{\"@id\":\"https:\/\/insurancecorp.com.br\/pt\/#website\"},\"primaryImageOfPage\":{\"@id\":\"https:\/\/insurancecorp.com.br\/pt\/2026\/04\/27\/axa-apresenta-novo-executivo-dedicado-ao-segmento\/#primaryimage\"},\"datePublished\":\"2026-04-27T15:52:33+00:00\",\"dateModified\":\"2026-04-27T15:52:33+00:00\",\"inLanguage\":\"pt-BR\",\"potentialAction\":[{\"@type\":\"ReadAction\",\"target\":[\"https:\/\/insurancecorp.com.br\/pt\/2026\/04\/27\/axa-apresenta-novo-executivo-dedicado-ao-segmento\/\"]}]},{\"@type\":\"Article\",\"@id\":\"https:\/\/insurancecorp.com.br\/pt\/2026\/04\/27\/axa-apresenta-novo-executivo-dedicado-ao-segmento\/#article\",\"isPartOf\":{\"@id\":\"https:\/\/insurancecorp.com.br\/pt\/2026\/04\/27\/axa-apresenta-novo-executivo-dedicado-ao-segmento\/#webpage\"},\"author\":{\"@id\":\"https:\/\/insurancecorp.com.br\/pt\/#\/schema\/person\/1b69c8cf325f0b7167f1b171f52df4af\"},\"headline\":\"AXA apresenta novo executivo dedicado ao segmento\",\"datePublished\":\"2026-04-27T15:52:33+00:00\",\"dateModified\":\"2026-04-27T15:52:33+00:00\",\"mainEntityOfPage\":{\"@id\":\"https:\/\/insurancecorp.com.br\/pt\/2026\/04\/27\/axa-apresenta-novo-executivo-dedicado-ao-segmento\/#webpage\"},\"commentCount\":0,\"publisher\":{\"@id\":\"https:\/\/insurancecorp.com.br\/pt\/#organization\"},\"image\":{\"@id\":\"https:\/\/insurancecorp.com.br\/pt\/2026\/04\/27\/axa-apresenta-novo-executivo-dedicado-ao-segmento\/#primaryimage\"},\"keywords\":\"apresenta,Axa,dedicado,novo executivo,segmento\",\"articleSection\":\"Axa no Brasil\",\"inLanguage\":\"pt-BR\",\"potentialAction\":[{\"@type\":\"CommentAction\",\"name\":\"Comment\",\"target\":[\"https:\/\/insurancecorp.com.br\/pt\/2026\/04\/27\/axa-apresenta-novo-executivo-dedicado-ao-segmento\/#respond\"]}]},{\"@type\":\"Person\",\"@id\":\"https:\/\/insurancecorp.com.br\/pt\/#\/schema\/person\/1b69c8cf325f0b7167f1b171f52df4af\",\"name\":\"Publica\\u00e7\\u00e3o\",\"image\":{\"@type\":\"ImageObject\",\"@id\":\"https:\/\/insurancecorp.com.br\/pt\/#personlogo\",\"inLanguage\":\"pt-BR\",\"url\":\"https:\/\/secure.gravatar.com\/avatar\/17226f1f60486eb25d4c6b301ffed37f?s=96&d=mm&r=g\",\"caption\":\"Publica\\u00e7\\u00e3o\"}}]}<\/script>\n<!-- \/ Yoast SEO plugin. -->","_links":{"self":[{"href":"https:\/\/insurancecorp.com.br\/pt\/wp-json\/wp\/v2\/posts\/79041"}],"collection":[{"href":"https:\/\/insurancecorp.com.br\/pt\/wp-json\/wp\/v2\/posts"}],"about":[{"href":"https:\/\/insurancecorp.com.br\/pt\/wp-json\/wp\/v2\/types\/post"}],"author":[{"embeddable":true,"href":"https:\/\/insurancecorp.com.br\/pt\/wp-json\/wp\/v2\/users\/2"}],"replies":[{"embeddable":true,"href":"https:\/\/insurancecorp.com.br\/pt\/wp-json\/wp\/v2\/comments?post=79041"}],"version-history":[{"count":3,"href":"https:\/\/insurancecorp.com.br\/pt\/wp-json\/wp\/v2\/posts\/79041\/revisions"}],"predecessor-version":[{"id":79048,"href":"https:\/\/insurancecorp.com.br\/pt\/wp-json\/wp\/v2\/posts\/79041\/revisions\/79048"}],"wp:featuredmedia":[{"embeddable":true,"href":"https:\/\/insurancecorp.com.br\/pt\/wp-json\/wp\/v2\/media\/79047"}],"wp:attachment":[{"href":"https:\/\/insurancecorp.com.br\/pt\/wp-json\/wp\/v2\/media?parent=79041"}],"wp:term":[{"taxonomy":"category","embeddable":true,"href":"https:\/\/insurancecorp.com.br\/pt\/wp-json\/wp\/v2\/categories?post=79041"},{"taxonomy":"post_tag","embeddable":true,"href":"https:\/\/insurancecorp.com.br\/pt\/wp-json\/wp\/v2\/tags?post=79041"}],"curies":[{"name":"wp","href":"https:\/\/api.w.org\/{rel}","templated":true}]}}