{"id":79029,"date":"2026-04-27T12:21:57","date_gmt":"2026-04-27T15:21:57","guid":{"rendered":"https:\/\/insurancecorp.com.br\/pt\/?p=79029"},"modified":"2026-04-27T12:21:57","modified_gmt":"2026-04-27T15:21:57","slug":"operadora-estreia-na-bahia-com-modelo-integrado","status":"publish","type":"post","link":"https:\/\/insurancecorp.com.br\/pt\/2026\/04\/27\/operadora-estreia-na-bahia-com-modelo-integrado\/","title":{"rendered":"Operadora estreia na Bahia com modelo integrado"},"content":{"rendered":"<p align=\"justify\">A Bahia passa a contar com mais uma op\u00e7\u00e3o em sa\u00fade suplementar. A operadora NovoPlano inicia suas opera\u00e7\u00f5es com atua\u00e7\u00e3o em Feira de Santana e regi\u00e3o, a partir de um modelo baseado em estrutura pr\u00f3pria e gest\u00e3o assistencial integrada.<\/p>\n<p align=\"justify\">O projeto resulta da parceria entre a Solidus Administradora e a E4 Solu\u00e7\u00f5es, assessoria de seguros, que passam a atuar de forma conjunta na opera\u00e7\u00e3o, combinando gest\u00e3o da carteira, expans\u00e3o comercial e relacionamento com o mercado. A iniciativa conta ainda com a participa\u00e7\u00e3o do m\u00e9dico Robson Souza, presidente da operadora e l\u00edder do Grupo Souza Freitas. A organiza\u00e7\u00e3o re\u00fane estrutura assistencial pr\u00f3pria na regi\u00e3o, com atua\u00e7\u00e3o em hospitais, cl\u00ednicas e servi\u00e7os de diagn\u00f3stico.<\/p>\n<p align=\"justify\">A operadora adota um modelo de ecossistema assistencial, com direcionamento do atendimento conforme o perfil cl\u00ednico. A estrutura inclui a NovaCl\u00ednica, em Feira de Santana, unidade pr\u00f3pria que funciona como porta de entrada e oferece consultas e exames simples aos clientes NovoPlano, sem coparticipa\u00e7\u00e3o e sem car\u00eancia.<\/p>\n<p align=\"justify\">A opera\u00e7\u00e3o conta ainda com as unidades Hospital Ortop\u00e9dico, Centro de Especialidades do Hospital Ortop\u00e9dico, Cl\u00ednica Master Sa\u00fade, Hospital Geral Serrano e Centro de Diagn\u00f3stico Bioimagem. Esses espa\u00e7os est\u00e3o localizados em Feira de Santana e no munic\u00edpio de Jacobina, ampliando a capacidade de atendimento e o controle da jornada do paciente. A atua\u00e7\u00e3o inicial ainda contempla as cidades de Alagoinhas, Santo Amaro e Catu. Est\u00e1 prevista a expans\u00e3o para outras regi\u00f5es do estado, de forma gradual.<\/p>\n<p align=\"justify\">Segundo o diretor comercial da Solidus, M\u00e1rio Mendon\u00e7a, a proposta parte de uma opera\u00e7\u00e3o estruturada desde a origem. &#8220;A NovoPlano nasce com base assistencial definida. A integra\u00e7\u00e3o com estrutura pr\u00f3pria e com o grupo do Dr. Robson Souza permite maior controle da opera\u00e7\u00e3o e capacidade de entrega&#8221;, explica.<\/p>\n<p align=\"justify\">O executivo acrescenta que a opera\u00e7\u00e3o \u00e9 focada na gest\u00e3o de risco e no acompanhamento da carteira, com pr\u00e1ticas de subscri\u00e7\u00e3o, monitoramento assistencial e organiza\u00e7\u00e3o do fluxo de atendimento, buscando maior previsibilidade de custos.<\/p>\n<p align=\"justify\">Pela E4 Solu\u00e7\u00f5es, o posicionamento est\u00e1 voltado ao relacionamento com o mercado e aos parceiros comerciais. &#8220;A proposta \u00e9 oferecer ao corretor uma alternativa consolidada, com suporte comercial e previsibilidade na opera\u00e7\u00e3o, alinhada \u00e0s demandas do mercado regional&#8221;, destaca o diretor comercial da assessoria, Eduardo Souza.<\/p>\n<p align=\"justify\">O diretor operacional, Ulisses Brito, diz que o projeto dialoga com o momento de transforma\u00e7\u00e3o do setor. &#8220;H\u00e1 uma busca crescente por solu\u00e7\u00f5es mais organizadas e sustent\u00e1veis na sa\u00fade suplementar. A operadora se insere nesse contexto ao reunir estrutura, gest\u00e3o e proximidade com o corretor, que passa a ter mais clareza e seguran\u00e7a na oferta ao cliente&#8221;, acrescenta.<\/p>\n<p align=\"justify\">Robson Souza, presidente da operadora, destaca que a iniciativa nasce com o objetivo de ampliar o acesso \u00e0 sa\u00fade de forma estruturada. &#8220;A NovoPlano surge com o prop\u00f3sito de garantir qualidade e responsabilidade no atendimento, a partir de uma base assistencial consolidada. A parceria com a Solidus e a E4 Solu\u00e7\u00f5es contribui para uma opera\u00e7\u00e3o organizada, com capacidade de crescimento e entrega consistente&#8221;, afirma.<\/p>\n<p align=\"justify\">O lan\u00e7amento da operadora foi realizado no dia 14 de abril, em Feira de Santana, em evento que reuniu corretores, representantes da NovoPlano, entre eles o diretor financeiro, Sidney Silva, al\u00e9m de lideran\u00e7as do setor e parceiros do mercado.<\/p>\n<p align=\"justify\"><strong>DG Comunica\u00e7\u00e3o<\/strong><\/p>\n<p align=\"justify\"><b>Foto:<\/b>\u00a0Executivos da operadora NovoPlano, E4 Sou\u00e7\u00f5es e Solidus Administradora celebram a parceria<\/p>\n","protected":false},"excerpt":{"rendered":"<p>A Bahia passa a contar com mais uma op\u00e7\u00e3o em sa\u00fade suplementar. A operadora NovoPlano inicia suas opera\u00e7\u00f5es com atua\u00e7\u00e3o em Feira de Santana e regi\u00e3o, a partir de um modelo baseado em estrutura pr\u00f3pria e gest\u00e3o assistencial integrada. O projeto resulta da parceria entre a Solidus Administradora e a E4 Solu\u00e7\u00f5es, assessoria de seguros, [&hellip;]<\/p>\n","protected":false},"author":2,"featured_media":79030,"comment_status":"open","ping_status":"open","sticky":false,"template":"","format":"standard","meta":[],"categories":[10509],"tags":[655,5221,16580,6213,9079],"jetpack_featured_media_url":"https:\/\/insurancecorp.com.br\/pt\/wp-content\/uploads\/2026\/04\/IMG_8285-scaled-e1777302997193.jpg","yoast_head":"<!-- This site is optimized with the Yoast SEO plugin v14.8 - https:\/\/yoast.com\/wordpress\/plugins\/seo\/ -->\n<title>Operadora estreia na Bahia com modelo integrado | Revista Insurance Corp | PT-BR<\/title>\n<meta name=\"robots\" content=\"index, follow\" \/>\n<meta name=\"googlebot\" content=\"index, follow, max-snippet:-1, max-image-preview:large, max-video-preview:-1\" \/>\n<meta name=\"bingbot\" content=\"index, follow, max-snippet:-1, max-image-preview:large, max-video-preview:-1\" \/>\n<link rel=\"canonical\" href=\"https:\/\/insurancecorp.com.br\/pt\/2026\/04\/27\/operadora-estreia-na-bahia-com-modelo-integrado\/\" \/>\n<meta property=\"og:locale\" content=\"pt_BR\" \/>\n<meta property=\"og:type\" content=\"article\" \/>\n<meta property=\"og:title\" content=\"Operadora estreia na Bahia com modelo integrado | Revista Insurance Corp | PT-BR\" \/>\n<meta property=\"og:description\" content=\"A Bahia passa a contar com mais uma op\u00e7\u00e3o em sa\u00fade suplementar. A operadora NovoPlano inicia suas opera\u00e7\u00f5es com atua\u00e7\u00e3o em Feira de Santana e regi\u00e3o, a partir de um modelo baseado em estrutura pr\u00f3pria e gest\u00e3o assistencial integrada. O projeto resulta da parceria entre a Solidus Administradora e a E4 Solu\u00e7\u00f5es, assessoria de seguros, [&hellip;]\" \/>\n<meta property=\"og:url\" content=\"https:\/\/insurancecorp.com.br\/pt\/2026\/04\/27\/operadora-estreia-na-bahia-com-modelo-integrado\/\" \/>\n<meta property=\"og:site_name\" content=\"Revista Insurance Corp | PT-BR\" \/>\n<meta property=\"article:publisher\" content=\"https:\/\/www.facebook.com\/RevistaInsuranceCorp\/\" \/>\n<meta property=\"article:published_time\" content=\"2026-04-27T15:21:57+00:00\" \/>\n<meta property=\"og:image\" content=\"https:\/\/insurancecorp.com.br\/pt\/wp-content\/uploads\/2026\/04\/IMG_8285-scaled-e1777302997193.jpg\" \/>\n\t<meta property=\"og:image:width\" content=\"2560\" \/>\n\t<meta property=\"og:image:height\" content=\"1248\" \/>\n<meta name=\"twitter:card\" content=\"summary\" \/>\n<script type=\"application\/ld+json\" class=\"yoast-schema-graph\">{\"@context\":\"https:\/\/schema.org\",\"@graph\":[{\"@type\":\"Organization\",\"@id\":\"https:\/\/insurancecorp.com.br\/pt\/#organization\",\"name\":\"Revista Insurance Corp\",\"url\":\"https:\/\/insurancecorp.com.br\/pt\/\",\"sameAs\":[\"https:\/\/www.facebook.com\/RevistaInsuranceCorp\/\"],\"logo\":{\"@type\":\"ImageObject\",\"@id\":\"https:\/\/insurancecorp.com.br\/pt\/#logo\",\"inLanguage\":\"pt-BR\",\"url\":\"\",\"caption\":\"Revista Insurance Corp\"},\"image\":{\"@id\":\"https:\/\/insurancecorp.com.br\/pt\/#logo\"}},{\"@type\":\"WebSite\",\"@id\":\"https:\/\/insurancecorp.com.br\/pt\/#website\",\"url\":\"https:\/\/insurancecorp.com.br\/pt\/\",\"name\":\"Revista Insurance Corp | PT-BR\",\"description\":\"A \\u00fanica revista bil\\u00edngue voltada ao mercado de seguro.\",\"publisher\":{\"@id\":\"https:\/\/insurancecorp.com.br\/pt\/#organization\"},\"potentialAction\":[{\"@type\":\"SearchAction\",\"target\":\"https:\/\/insurancecorp.com.br\/pt\/?s={search_term_string}\",\"query-input\":\"required name=search_term_string\"}],\"inLanguage\":\"pt-BR\"},{\"@type\":\"ImageObject\",\"@id\":\"https:\/\/insurancecorp.com.br\/pt\/2026\/04\/27\/operadora-estreia-na-bahia-com-modelo-integrado\/#primaryimage\",\"inLanguage\":\"pt-BR\",\"url\":\"https:\/\/insurancecorp.com.br\/pt\/wp-content\/uploads\/2026\/04\/IMG_8285-scaled-e1777302997193.jpg\",\"width\":2560,\"height\":1248},{\"@type\":\"WebPage\",\"@id\":\"https:\/\/insurancecorp.com.br\/pt\/2026\/04\/27\/operadora-estreia-na-bahia-com-modelo-integrado\/#webpage\",\"url\":\"https:\/\/insurancecorp.com.br\/pt\/2026\/04\/27\/operadora-estreia-na-bahia-com-modelo-integrado\/\",\"name\":\"Operadora estreia na Bahia com modelo integrado | Revista Insurance Corp | PT-BR\",\"isPartOf\":{\"@id\":\"https:\/\/insurancecorp.com.br\/pt\/#website\"},\"primaryImageOfPage\":{\"@id\":\"https:\/\/insurancecorp.com.br\/pt\/2026\/04\/27\/operadora-estreia-na-bahia-com-modelo-integrado\/#primaryimage\"},\"datePublished\":\"2026-04-27T15:21:57+00:00\",\"dateModified\":\"2026-04-27T15:21:57+00:00\",\"inLanguage\":\"pt-BR\",\"potentialAction\":[{\"@type\":\"ReadAction\",\"target\":[\"https:\/\/insurancecorp.com.br\/pt\/2026\/04\/27\/operadora-estreia-na-bahia-com-modelo-integrado\/\"]}]},{\"@type\":\"Article\",\"@id\":\"https:\/\/insurancecorp.com.br\/pt\/2026\/04\/27\/operadora-estreia-na-bahia-com-modelo-integrado\/#article\",\"isPartOf\":{\"@id\":\"https:\/\/insurancecorp.com.br\/pt\/2026\/04\/27\/operadora-estreia-na-bahia-com-modelo-integrado\/#webpage\"},\"author\":{\"@id\":\"https:\/\/insurancecorp.com.br\/pt\/#\/schema\/person\/1b69c8cf325f0b7167f1b171f52df4af\"},\"headline\":\"Operadora estreia na Bahia com modelo integrado\",\"datePublished\":\"2026-04-27T15:21:57+00:00\",\"dateModified\":\"2026-04-27T15:21:57+00:00\",\"mainEntityOfPage\":{\"@id\":\"https:\/\/insurancecorp.com.br\/pt\/2026\/04\/27\/operadora-estreia-na-bahia-com-modelo-integrado\/#webpage\"},\"commentCount\":0,\"publisher\":{\"@id\":\"https:\/\/insurancecorp.com.br\/pt\/#organization\"},\"image\":{\"@id\":\"https:\/\/insurancecorp.com.br\/pt\/2026\/04\/27\/operadora-estreia-na-bahia-com-modelo-integrado\/#primaryimage\"},\"keywords\":\"Bahia,estreia,integrado,modelo,operadora\",\"articleSection\":\"Interesse Setor\",\"inLanguage\":\"pt-BR\",\"potentialAction\":[{\"@type\":\"CommentAction\",\"name\":\"Comment\",\"target\":[\"https:\/\/insurancecorp.com.br\/pt\/2026\/04\/27\/operadora-estreia-na-bahia-com-modelo-integrado\/#respond\"]}]},{\"@type\":\"Person\",\"@id\":\"https:\/\/insurancecorp.com.br\/pt\/#\/schema\/person\/1b69c8cf325f0b7167f1b171f52df4af\",\"name\":\"Publica\\u00e7\\u00e3o\",\"image\":{\"@type\":\"ImageObject\",\"@id\":\"https:\/\/insurancecorp.com.br\/pt\/#personlogo\",\"inLanguage\":\"pt-BR\",\"url\":\"https:\/\/secure.gravatar.com\/avatar\/17226f1f60486eb25d4c6b301ffed37f?s=96&d=mm&r=g\",\"caption\":\"Publica\\u00e7\\u00e3o\"}}]}<\/script>\n<!-- \/ Yoast SEO plugin. -->","_links":{"self":[{"href":"https:\/\/insurancecorp.com.br\/pt\/wp-json\/wp\/v2\/posts\/79029"}],"collection":[{"href":"https:\/\/insurancecorp.com.br\/pt\/wp-json\/wp\/v2\/posts"}],"about":[{"href":"https:\/\/insurancecorp.com.br\/pt\/wp-json\/wp\/v2\/types\/post"}],"author":[{"embeddable":true,"href":"https:\/\/insurancecorp.com.br\/pt\/wp-json\/wp\/v2\/users\/2"}],"replies":[{"embeddable":true,"href":"https:\/\/insurancecorp.com.br\/pt\/wp-json\/wp\/v2\/comments?post=79029"}],"version-history":[{"count":3,"href":"https:\/\/insurancecorp.com.br\/pt\/wp-json\/wp\/v2\/posts\/79029\/revisions"}],"predecessor-version":[{"id":79033,"href":"https:\/\/insurancecorp.com.br\/pt\/wp-json\/wp\/v2\/posts\/79029\/revisions\/79033"}],"wp:featuredmedia":[{"embeddable":true,"href":"https:\/\/insurancecorp.com.br\/pt\/wp-json\/wp\/v2\/media\/79030"}],"wp:attachment":[{"href":"https:\/\/insurancecorp.com.br\/pt\/wp-json\/wp\/v2\/media?parent=79029"}],"wp:term":[{"taxonomy":"category","embeddable":true,"href":"https:\/\/insurancecorp.com.br\/pt\/wp-json\/wp\/v2\/categories?post=79029"},{"taxonomy":"post_tag","embeddable":true,"href":"https:\/\/insurancecorp.com.br\/pt\/wp-json\/wp\/v2\/tags?post=79029"}],"curies":[{"name":"wp","href":"https:\/\/api.w.org\/{rel}","templated":true}]}}