{"id":77547,"date":"2026-03-09T15:49:36","date_gmt":"2026-03-09T18:49:36","guid":{"rendered":"https:\/\/insurancecorp.com.br\/pt\/?p=77547"},"modified":"2026-03-09T15:49:36","modified_gmt":"2026-03-09T18:49:36","slug":"zurich-promove-caravana-em-recife-com-foco-comercial","status":"publish","type":"post","link":"https:\/\/insurancecorp.com.br\/pt\/2026\/03\/09\/zurich-promove-caravana-em-recife-com-foco-comercial\/","title":{"rendered":"Zurich promove Caravana em Recife com foco comercial"},"content":{"rendered":"<p align=\"justify\">A Zurich Seguros escolheu Recife para mais uma etapa da Caravana Zurich 2026, iniciativa que integra estrat\u00e9gia comercial no segmento de autom\u00f3vel,\u00a0relacionamento com corretores e a\u00e7\u00e3o social em regi\u00f5es priorit\u00e1rias para o crescimento do neg\u00f3cio.<\/p>\n<p align=\"justify\">Recife \u00e9 vista pela companhia como um hub relevante no Nordeste, reunindo densidade populacional, frota significativa de ve\u00edculos, verticaliza\u00e7\u00e3o urbana e renda regional que favorecem o avan\u00e7o das linhas pessoais, especialmente autom\u00f3vel. A cidade tamb\u00e9m se destaca como polo econ\u00f4mico e tecnol\u00f3gico, com forte presen\u00e7a de canais massificados e bancos.<\/p>\n<p align=\"justify\">A opera\u00e7\u00e3o da Zurich na regi\u00e3o registrou crescimento de 18% em pr\u00eamio emitido na compara\u00e7\u00e3o entre 2024 e 2025, com destaque para linhas comerciais, que avan\u00e7aram 122,3% no per\u00edodo. O desempenho refor\u00e7a a import\u00e2ncia da capital pernambucana na estrat\u00e9gia regional da seguradora.<\/p>\n<p align=\"justify\">Como parte da Caravana, a companhia disponibiliza 10% de desconto no Zurich Autom\u00f3vel na cidade, com condi\u00e7\u00f5es v\u00e1lidas at\u00e9 o dia 15\u00a0deste m\u00eas. A campanha busca impulsionar cota\u00e7\u00f5es e ampliar a presen\u00e7a da marca junto a clientes e corretores locais, conectando a data comemorativa da cidade \u00e0 oferta comercial.<\/p>\n<p align=\"justify\">&#8220;A parceria com a Zurich representa uma oportunidade importante para o CERVAC. A a\u00e7\u00e3o de voluntariado e o apoio que receberemos contribuem para fortalecer nosso trabalho de inclus\u00e3o e desenvolvimento das crian\u00e7as e jovens atendidos pela institui\u00e7\u00e3o, al\u00e9m de ajudar na recupera\u00e7\u00e3o do espa\u00e7o ap\u00f3s o inc\u00eandio que enfrentamos no \u00faltimo ano&#8221;,\u00a0destaca\u00a0Ana Maria da Concei\u00e7\u00e3o, educadora social e sensorial\u00a0do CERVAC \u2013 Centro de Reabilita\u00e7\u00e3o e Valoriza\u00e7\u00e3o da Crian\u00e7a.<\/p>\n<p align=\"justify\">Para a Zurich, a Caravana funciona como uma alavanca regional, combinando ativa\u00e7\u00e3o de vendas, proximidade com parceiros e refor\u00e7o institucional nas pra\u00e7as onde a companhia busca ganho de escala fora dos grandes centros.<\/p>\n<p align=\"justify\">&#8220;A Caravana Zurich integra nossa estrat\u00e9gia de fortalecer o canal e ampliar nossa presen\u00e7a regional com foco em linhas pessoais, especialmente autom\u00f3vel. Em Recife, unimos campanha comercial, relacionamento com corretores e uma a\u00e7\u00e3o social que refor\u00e7a nosso posicionamento local&#8221;, afirma Nathalia Abreu, gerente\u00a0executiva\u00a0de Sustentabilidade\u00a0e Responsabilidade Social\u00a0da Zurich Seguros.<\/p>\n<p align=\"justify\">Al\u00e9m da frente comercial, a iniciativa incluiu a\u00e7\u00e3o de voluntariado no CERVAC \u2013 Centro de Reabilita\u00e7\u00e3o e Valoriza\u00e7\u00e3o da Crian\u00e7a, institui\u00e7\u00e3o dedicada \u00e0 inclus\u00e3o e ao desenvolvimento integral de pessoas com defici\u00eancia. A Zurich realizou doa\u00e7\u00e3o direta de R$ 5.000 para apoio \u00e0 revitaliza\u00e7\u00e3o do espa\u00e7o, que passou por um inc\u00eandio em 2025, e entregou brinquedos produzidos a partir de pneus reciclados.<\/p>\n<p align=\"justify\">A atividade contou com a participa\u00e7\u00e3o de colaboradores, corretores e assessorias da regi\u00e3o, refor\u00e7ando o engajamento do canal em uma agenda que combina neg\u00f3cio e responsabilidade social.<\/p>\n<p align=\"justify\">&#8220;Quando conectamos nossa estrat\u00e9gia comercial \u00e0 atua\u00e7\u00e3o social,\u00a0nas regi\u00f5es onde operamos, fortalecemos o relacionamento com corretores, ampliamos nossa relev\u00e2ncia local e refor\u00e7amos nosso compromisso com um crescimento respons\u00e1vel&#8221;,\u00a0afirma Thales Amaral, diretor regional\u00a0do\u00a0Rio de Janeiro, Esp\u00edrito Santo, Norte e Nordeste da Zurich Seguros.<\/p>\n<p align=\"justify\">A Caravana Zurich 2026 prev\u00ea ainda a\u00e7\u00f5es em\u00a0Salvador, Porto Alegre\u00a0e Ribeir\u00e3o Preto ao longo do ano, mantendo o foco em pra\u00e7as que combinam maturidade de mercado e potencial de expans\u00e3o para o segmento de seguros varejo.<\/p>\n<p align=\"justify\"><b>Fato Relevante<\/b><\/p>\n<p align=\"justify\"><strong>Foto:<\/strong> <span class=\"image-filename\">Nathalia Abreu, gerente executiva de Sustentabilidade e Responsabilidade Social da Zurich Seguros<\/span><\/p>\n","protected":false},"excerpt":{"rendered":"<p>A Zurich Seguros escolheu Recife para mais uma etapa da Caravana Zurich 2026, iniciativa que integra estrat\u00e9gia comercial no segmento de autom\u00f3vel,\u00a0relacionamento com corretores e a\u00e7\u00e3o social em regi\u00f5es priorit\u00e1rias para o crescimento do neg\u00f3cio. Recife \u00e9 vista pela companhia como um hub relevante no Nordeste, reunindo densidade populacional, frota significativa de ve\u00edculos, verticaliza\u00e7\u00e3o urbana [&hellip;]<\/p>\n","protected":false},"author":2,"featured_media":77553,"comment_status":"open","ping_status":"open","sticky":false,"template":"","format":"standard","meta":[],"categories":[479],"tags":[16311,8697,2719,3509,7113,755],"jetpack_featured_media_url":"https:\/\/insurancecorp.com.br\/pt\/wp-content\/uploads\/2026\/03\/Design-sem-nome-14-e1773082153312.png","yoast_head":"<!-- This site is optimized with the Yoast SEO plugin v14.8 - https:\/\/yoast.com\/wordpress\/plugins\/seo\/ -->\n<title>Zurich promove Caravana em Recife com foco comercial | Revista Insurance Corp | PT-BR<\/title>\n<meta name=\"robots\" content=\"index, follow\" \/>\n<meta name=\"googlebot\" content=\"index, follow, max-snippet:-1, max-image-preview:large, max-video-preview:-1\" \/>\n<meta name=\"bingbot\" content=\"index, follow, max-snippet:-1, max-image-preview:large, max-video-preview:-1\" \/>\n<link rel=\"canonical\" href=\"https:\/\/insurancecorp.com.br\/pt\/2026\/03\/09\/zurich-promove-caravana-em-recife-com-foco-comercial\/\" \/>\n<meta property=\"og:locale\" content=\"pt_BR\" \/>\n<meta property=\"og:type\" content=\"article\" \/>\n<meta property=\"og:title\" content=\"Zurich promove Caravana em Recife com foco comercial | Revista Insurance Corp | PT-BR\" \/>\n<meta property=\"og:description\" content=\"A Zurich Seguros escolheu Recife para mais uma etapa da Caravana Zurich 2026, iniciativa que integra estrat\u00e9gia comercial no segmento de autom\u00f3vel,\u00a0relacionamento com corretores e a\u00e7\u00e3o social em regi\u00f5es priorit\u00e1rias para o crescimento do neg\u00f3cio. Recife \u00e9 vista pela companhia como um hub relevante no Nordeste, reunindo densidade populacional, frota significativa de ve\u00edculos, verticaliza\u00e7\u00e3o urbana [&hellip;]\" \/>\n<meta property=\"og:url\" content=\"https:\/\/insurancecorp.com.br\/pt\/2026\/03\/09\/zurich-promove-caravana-em-recife-com-foco-comercial\/\" \/>\n<meta property=\"og:site_name\" content=\"Revista Insurance Corp | PT-BR\" \/>\n<meta property=\"article:publisher\" content=\"https:\/\/www.facebook.com\/RevistaInsuranceCorp\/\" \/>\n<meta property=\"article:published_time\" content=\"2026-03-09T18:49:36+00:00\" \/>\n<meta property=\"og:image\" content=\"https:\/\/insurancecorp.com.br\/pt\/wp-content\/uploads\/2026\/03\/Design-sem-nome-14-e1773082153312.png\" \/>\n\t<meta property=\"og:image:width\" content=\"1366\" \/>\n\t<meta property=\"og:image:height\" content=\"522\" \/>\n<meta name=\"twitter:card\" content=\"summary\" \/>\n<script type=\"application\/ld+json\" class=\"yoast-schema-graph\">{\"@context\":\"https:\/\/schema.org\",\"@graph\":[{\"@type\":\"Organization\",\"@id\":\"https:\/\/insurancecorp.com.br\/pt\/#organization\",\"name\":\"Revista Insurance Corp\",\"url\":\"https:\/\/insurancecorp.com.br\/pt\/\",\"sameAs\":[\"https:\/\/www.facebook.com\/RevistaInsuranceCorp\/\"],\"logo\":{\"@type\":\"ImageObject\",\"@id\":\"https:\/\/insurancecorp.com.br\/pt\/#logo\",\"inLanguage\":\"pt-BR\",\"url\":\"\",\"caption\":\"Revista Insurance Corp\"},\"image\":{\"@id\":\"https:\/\/insurancecorp.com.br\/pt\/#logo\"}},{\"@type\":\"WebSite\",\"@id\":\"https:\/\/insurancecorp.com.br\/pt\/#website\",\"url\":\"https:\/\/insurancecorp.com.br\/pt\/\",\"name\":\"Revista Insurance Corp | PT-BR\",\"description\":\"A \\u00fanica revista bil\\u00edngue voltada ao mercado de seguro.\",\"publisher\":{\"@id\":\"https:\/\/insurancecorp.com.br\/pt\/#organization\"},\"potentialAction\":[{\"@type\":\"SearchAction\",\"target\":\"https:\/\/insurancecorp.com.br\/pt\/?s={search_term_string}\",\"query-input\":\"required name=search_term_string\"}],\"inLanguage\":\"pt-BR\"},{\"@type\":\"ImageObject\",\"@id\":\"https:\/\/insurancecorp.com.br\/pt\/2026\/03\/09\/zurich-promove-caravana-em-recife-com-foco-comercial\/#primaryimage\",\"inLanguage\":\"pt-BR\",\"url\":\"https:\/\/insurancecorp.com.br\/pt\/wp-content\/uploads\/2026\/03\/Design-sem-nome-14-e1773082153312.png\",\"width\":1366,\"height\":522},{\"@type\":\"WebPage\",\"@id\":\"https:\/\/insurancecorp.com.br\/pt\/2026\/03\/09\/zurich-promove-caravana-em-recife-com-foco-comercial\/#webpage\",\"url\":\"https:\/\/insurancecorp.com.br\/pt\/2026\/03\/09\/zurich-promove-caravana-em-recife-com-foco-comercial\/\",\"name\":\"Zurich promove Caravana em Recife com foco comercial | Revista Insurance Corp | PT-BR\",\"isPartOf\":{\"@id\":\"https:\/\/insurancecorp.com.br\/pt\/#website\"},\"primaryImageOfPage\":{\"@id\":\"https:\/\/insurancecorp.com.br\/pt\/2026\/03\/09\/zurich-promove-caravana-em-recife-com-foco-comercial\/#primaryimage\"},\"datePublished\":\"2026-03-09T18:49:36+00:00\",\"dateModified\":\"2026-03-09T18:49:36+00:00\",\"inLanguage\":\"pt-BR\",\"potentialAction\":[{\"@type\":\"ReadAction\",\"target\":[\"https:\/\/insurancecorp.com.br\/pt\/2026\/03\/09\/zurich-promove-caravana-em-recife-com-foco-comercial\/\"]}]},{\"@type\":\"Article\",\"@id\":\"https:\/\/insurancecorp.com.br\/pt\/2026\/03\/09\/zurich-promove-caravana-em-recife-com-foco-comercial\/#article\",\"isPartOf\":{\"@id\":\"https:\/\/insurancecorp.com.br\/pt\/2026\/03\/09\/zurich-promove-caravana-em-recife-com-foco-comercial\/#webpage\"},\"author\":{\"@id\":\"https:\/\/insurancecorp.com.br\/pt\/#\/schema\/person\/1b69c8cf325f0b7167f1b171f52df4af\"},\"headline\":\"Zurich promove Caravana em Recife com foco comercial\",\"datePublished\":\"2026-03-09T18:49:36+00:00\",\"dateModified\":\"2026-03-09T18:49:36+00:00\",\"mainEntityOfPage\":{\"@id\":\"https:\/\/insurancecorp.com.br\/pt\/2026\/03\/09\/zurich-promove-caravana-em-recife-com-foco-comercial\/#webpage\"},\"commentCount\":0,\"publisher\":{\"@id\":\"https:\/\/insurancecorp.com.br\/pt\/#organization\"},\"image\":{\"@id\":\"https:\/\/insurancecorp.com.br\/pt\/2026\/03\/09\/zurich-promove-caravana-em-recife-com-foco-comercial\/#primaryimage\"},\"keywords\":\"caravana,comercial,foco,promove,Recife,Zurich\",\"articleSection\":\"Zurich Seguros\",\"inLanguage\":\"pt-BR\",\"potentialAction\":[{\"@type\":\"CommentAction\",\"name\":\"Comment\",\"target\":[\"https:\/\/insurancecorp.com.br\/pt\/2026\/03\/09\/zurich-promove-caravana-em-recife-com-foco-comercial\/#respond\"]}]},{\"@type\":\"Person\",\"@id\":\"https:\/\/insurancecorp.com.br\/pt\/#\/schema\/person\/1b69c8cf325f0b7167f1b171f52df4af\",\"name\":\"Publica\\u00e7\\u00e3o\",\"image\":{\"@type\":\"ImageObject\",\"@id\":\"https:\/\/insurancecorp.com.br\/pt\/#personlogo\",\"inLanguage\":\"pt-BR\",\"url\":\"https:\/\/secure.gravatar.com\/avatar\/17226f1f60486eb25d4c6b301ffed37f?s=96&d=mm&r=g\",\"caption\":\"Publica\\u00e7\\u00e3o\"}}]}<\/script>\n<!-- \/ Yoast SEO plugin. -->","_links":{"self":[{"href":"https:\/\/insurancecorp.com.br\/pt\/wp-json\/wp\/v2\/posts\/77547"}],"collection":[{"href":"https:\/\/insurancecorp.com.br\/pt\/wp-json\/wp\/v2\/posts"}],"about":[{"href":"https:\/\/insurancecorp.com.br\/pt\/wp-json\/wp\/v2\/types\/post"}],"author":[{"embeddable":true,"href":"https:\/\/insurancecorp.com.br\/pt\/wp-json\/wp\/v2\/users\/2"}],"replies":[{"embeddable":true,"href":"https:\/\/insurancecorp.com.br\/pt\/wp-json\/wp\/v2\/comments?post=77547"}],"version-history":[{"count":2,"href":"https:\/\/insurancecorp.com.br\/pt\/wp-json\/wp\/v2\/posts\/77547\/revisions"}],"predecessor-version":[{"id":77550,"href":"https:\/\/insurancecorp.com.br\/pt\/wp-json\/wp\/v2\/posts\/77547\/revisions\/77550"}],"wp:featuredmedia":[{"embeddable":true,"href":"https:\/\/insurancecorp.com.br\/pt\/wp-json\/wp\/v2\/media\/77553"}],"wp:attachment":[{"href":"https:\/\/insurancecorp.com.br\/pt\/wp-json\/wp\/v2\/media?parent=77547"}],"wp:term":[{"taxonomy":"category","embeddable":true,"href":"https:\/\/insurancecorp.com.br\/pt\/wp-json\/wp\/v2\/categories?post=77547"},{"taxonomy":"post_tag","embeddable":true,"href":"https:\/\/insurancecorp.com.br\/pt\/wp-json\/wp\/v2\/tags?post=77547"}],"curies":[{"name":"wp","href":"https:\/\/api.w.org\/{rel}","templated":true}]}}