{"id":77488,"date":"2026-03-09T11:38:29","date_gmt":"2026-03-09T14:38:29","guid":{"rendered":"https:\/\/insurancecorp.com.br\/pt\/?p=77488"},"modified":"2026-03-09T11:38:29","modified_gmt":"2026-03-09T14:38:29","slug":"congresso-minha-vida-protegida-abre-primeira-edicao","status":"publish","type":"post","link":"https:\/\/insurancecorp.com.br\/pt\/2026\/03\/09\/congresso-minha-vida-protegida-abre-primeira-edicao\/","title":{"rendered":"Congresso Minha Vida Protegida abre primeira edi\u00e7\u00e3o"},"content":{"rendered":"<p align=\"justify\">A primeira edi\u00e7\u00e3o do Congresso Minha Vida Protegida foi aberta nesta sexta-feira, 6 de mar\u00e7o, em S\u00e3o Paulo, reunindo mais de 500 profissionais do mercado de seguros, planejamento financeiro e prote\u00e7\u00e3o patrimonial no Espa\u00e7o Center 3, na Avenida Paulista. Com dois dias de programa\u00e7\u00e3o t\u00e9cnica, o encontro tem como objetivo fortalecer a capacita\u00e7\u00e3o de corretores de seguros de vida e ampliar o debate sobre o papel da prote\u00e7\u00e3o financeira no planejamento das fam\u00edlias brasileiras.<\/p>\n<p align=\"justify\">A abertura foi conduzida pelo idealizador do movimento que recentemente se transformou em Instituto Minha Vida Protegida, o corretor de seguros Rog\u00e9rio Ara\u00fajo, que apresentou uma reflex\u00e3o sobre o papel social do seguro de vida no pa\u00eds. Em sua fala, ele destacou que a prote\u00e7\u00e3o financeira precisa ser compreendida como parte fundamental da organiza\u00e7\u00e3o familiar e da gest\u00e3o patrimonial.<\/p>\n<p align=\"justify\">\u201cO seguro de vida tem um papel de transforma\u00e7\u00e3o social no nosso pa\u00eds. Ele protege sonhos, projetos e ajuda a trazer estabilidade financeira para as fam\u00edlias\u201d, afirmou. Rog\u00e9rio Ara\u00fajo tamb\u00e9m chamou aten\u00e7\u00e3o para a fragilidade financeira de grande parte da popula\u00e7\u00e3o brasileira. Segundo ele, muitas fam\u00edlias dependem da renda de apenas um ou dois provedores e n\u00e3o possuem reserva financeira estruturada, o que amplia o impacto de eventos inesperados.<\/p>\n<p align=\"justify\">Um dos momentos mais emocionantes da abertura ocorreu quando o organizador apresentou ao p\u00fablico a hist\u00f3ria de Marlene, uma diarista de Santa Catarina que cria sozinha o filho autista Rafael. O relato de Marlene, que veio com o filho ao evento, foi utilizado para ilustrar como a aus\u00eancia de planejamento financeiro pode afetar profundamente a vida das fam\u00edlias brasileiras. Ao final da apresenta\u00e7\u00e3o, o movimento anunciou a entrega de uma ap\u00f3lice de seguro de vida para proteger a fam\u00edlia, gesto que gerou forte como\u00e7\u00e3o entre os participantes.<\/p>\n<p align=\"justify\">Para Rog\u00e9rio Ara\u00fajo, a iniciativa simboliza o prop\u00f3sito do movimento. \u201cEnquanto existirem fam\u00edlias preocupadas com o futuro dos filhos e sem acesso \u00e0 prote\u00e7\u00e3o financeira, n\u00f3s precisamos trabalhar\u201d, declarou.<\/p>\n<h4>Seguro de vida como estrat\u00e9gia de planejamento<\/h4>\n<p align=\"justify\">A programa\u00e7\u00e3o t\u00e9cnica teve continuidade com a palestra de Daniele Coelho e Regiane Alves, que abordaram o seguro de vida como instrumento estrat\u00e9gico dentro do planejamento financeiro. As especialistas defenderam que a prote\u00e7\u00e3o deve ser vista como parte central da estrutura financeira das fam\u00edlias.<\/p>\n<p align=\"justify\">\u201cN\u00e3o existe planejamento financeiro sem seguro de vida. Ele n\u00e3o \u00e9 apenas um produto, \u00e9 uma estrat\u00e9gia\u201d, afirmou Daniele Coelho. Regiane Alves destacou que o maior risco financeiro para qualquer fam\u00edlia \u00e9 a interrup\u00e7\u00e3o da renda. \u201cPouco importa a aloca\u00e7\u00e3o dos investimentos se a pessoa n\u00e3o consegue mais gerar receita. O que sustenta todo o planejamento \u00e9 a renda\u201d, explicou.<\/p>\n<h4>Coberturas em vida e impacto das doen\u00e7as graves<\/h4>\n<p align=\"justify\">Na sequ\u00eancia, o especialista Elizeu Dias trouxe para o debate o tema das coberturas em vida, ressaltando que a prote\u00e7\u00e3o financeira n\u00e3o se limita \u00e0 cobertura por morte. Ele destacou o impacto econ\u00f4mico que doen\u00e7as graves podem provocar na vida das fam\u00edlias. \u201cA toxicidade financeira \u00e9 real. Quem enfrenta uma doen\u00e7a grave muitas vezes precisa parar de trabalhar e passa a enfrentar despesas que n\u00e3o estavam previstas\u201d, afirmou.<\/p>\n<p align=\"justify\">Durante a palestra, o especialista apresentou casos reais e convidou o profissional Anderson Mathias para relatar a experi\u00eancia vivida por sua fam\u00edlia ap\u00f3s o diagn\u00f3stico de c\u00e2ncer de sua m\u00e3e, refor\u00e7ando o impacto financeiro que uma doen\u00e7a pode gerar mesmo em fam\u00edlias estruturadas.<\/p>\n<h4>Prote\u00e7\u00e3o para fam\u00edlias at\u00edpicas<\/h4>\n<p align=\"justify\">O debate avan\u00e7ou para um tema sens\u00edvel com a palestra do especialista Luiz Ricardo, que abordou o seguro de vida no contexto das chamadas fam\u00edlias at\u00edpicas, aquelas que convivem com dependentes que necessitam de cuidados permanentes.<\/p>\n<p align=\"justify\">Compartilhando a hist\u00f3ria de sua filha Ananda, diagnosticada com epilepsia grave e transtorno do espectro autista, o especialista destacou a necessidade de planejamento financeiro estruturado para garantir o cuidado no longo prazo. \u201cMinha filha n\u00e3o ter\u00e1 autonomia financeira. Ela depender\u00e1 de mim e da m\u00e3e dela por toda a vida. Ent\u00e3o a pergunta que eu fa\u00e7o \u00e9: como ficar\u00e1 a vida dela quando n\u00f3s n\u00e3o estivermos mais aqui?\u201d, afirmou.<\/p>\n<p align=\"justify\">Segundo ele, nesses casos o seguro de vida e a previd\u00eancia privada tornam-se instrumentos fundamentais para assegurar continuidade de cuidados e estabilidade financeira.<\/p>\n<h4>Dimensionamento correto das coberturas<\/h4>\n<p align=\"justify\">A import\u00e2ncia de calcular adequadamente as necessidades de prote\u00e7\u00e3o foi tema da palestra de Mateus Nicolau. O especialista apresentou uma metodologia baseada em an\u00e1lise de risco e impacto financeiro para ajudar corretores a dimensionar corretamente as coberturas. \u201cSeguro n\u00e3o protege carro, n\u00e3o protege celular e nem protege a vida. Seguro protege fluxo de caixa\u201d, afirmou.<\/p>\n<p align=\"justify\">Segundo Nicolau, o papel do corretor \u00e9 ajudar o cliente a compreender o tamanho do risco e decidir quanto deseja transferir para a seguradora.<\/p>\n<h4>Desenvolvimento profissional no mercado de seguros<\/h4>\n<p align=\"justify\">A constru\u00e7\u00e3o de carreiras de alto desempenho no mercado de seguros foi abordada por Felipe Sousa, que apresentou metodologias utilizadas pela MDRT (Million Dollar Round Table), uma das principais associa\u00e7\u00f5es internacionais do setor.<\/p>\n<p align=\"justify\">\u201cA MDRT re\u00fane profissionais de excel\u00eancia em cerca de 200 pa\u00edses. Apenas uma pequena parcela do mercado consegue atingir esse n\u00edvel\u201d, explicou o Zone Chair da MDRT na Am\u00e9rica Latina.<\/p>\n<p align=\"justify\">Para Felipe Sousa, disciplina, prospec\u00e7\u00e3o estruturada e relacionamento genu\u00edno com clientes s\u00e3o fatores decisivos para o crescimento profissional. \u201cO produto que n\u00f3s trabalhamos fala sobre amor. Quando entendemos isso, prospectar deixa de ser um ato de venda e passa a ser um ato de cuidado\u201d, afirmou.<\/p>\n<h4>Potencial de crescimento do seguro de pessoas<\/h4>\n<p align=\"justify\">O presidente da Fenaprevi, Edson Franco, analisou o cen\u00e1rio do mercado brasileiro e destacou o grande potencial de crescimento do seguro de pessoas no pa\u00eds. \u201cO Brasil \u00e9 uma das maiores economias do mundo, mas quando olhamos a penetra\u00e7\u00e3o do seguro de pessoas no PIB estamos muito abaixo do potencial que poder\u00edamos alcan\u00e7ar\u201d, afirmou.<\/p>\n<p align=\"justify\">Segundo ele, a principal barreira para o crescimento do setor ainda \u00e9 a falta de informa\u00e7\u00e3o e orienta\u00e7\u00e3o adequada para os consumidores. \u201cMuitas pessoas dizem que j\u00e1 pensaram em ter seguro de vida, mas n\u00e3o sabem como fazer ou nunca receberam uma orienta\u00e7\u00e3o adequada\u201d, destacou.<\/p>\n<h4>Planejamento sucess\u00f3rio e liquidez financeira<\/h4>\n<p align=\"justify\">O papel do seguro de vida na sucess\u00e3o empresarial foi tema da palestra de Tiago Melo, que destacou a import\u00e2ncia da liquidez em processos sucess\u00f3rios. \u201cVoc\u00ea pode ter o melhor advogado do mundo ou o melhor contador, mas quem entrega o cheque somos n\u00f3s\u201d, afirmou.<\/p>\n<p align=\"justify\">Segundo o especialista, a ap\u00f3lice pode garantir recursos imediatos para reorganizar empresas familiares e evitar a venda de ativos em momentos de crise.<\/p>\n<p align=\"justify\">O tema foi aprofundado em uma mesa de debates com a especialista Fernanda On\u00f3frio, que discutiu a rela\u00e7\u00e3o entre seguro de vida, invent\u00e1rio e holdings familiares. \u201cO planejamento sucess\u00f3rio exige integra\u00e7\u00e3o entre \u00e1reas jur\u00eddicas, cont\u00e1beis e financeiras. O seguro de vida precisa fazer parte dessa conversa\u201d, explicou.<\/p>\n<h4>Cons\u00f3rcios e alavancagem patrimonial<\/h4>\n<p align=\"justify\">Encerrando a programa\u00e7\u00e3o do primeiro dia, os especialistas Am\u00e2ndio Martins e Emerson Soares apresentaram o cons\u00f3rcio como instrumento de aquisi\u00e7\u00e3o e alavancagem patrimonial. \u201cO cons\u00f3rcio \u00e9 uma compra compartilhada. Pessoas se unem para adquirir bens sem pagar juros banc\u00e1rios e com disciplina financeira\u201d, afirmou Am\u00e2ndio Martins.<\/p>\n<p align=\"justify\">Emerson Soares destacou que o produto pode funcionar como ferramenta de planejamento patrimonial quando utilizado com estrat\u00e9gia. \u201cQuem perde dinheiro com cons\u00f3rcio geralmente erra no fluxo de caixa. Quando bem utilizado, ele se torna uma poderosa ferramenta de constru\u00e7\u00e3o patrimonial\u201d, explicou.<\/p>\n<h4>Reconhecimento a parceiros do movimento<\/h4>\n<p align=\"justify\">Durante a programa\u00e7\u00e3o tamb\u00e9m houve um momento de reconhecimento institucional a profissionais que contribu\u00edram para o desenvolvimento do movimento Minha Vida Protegida. Na ocasi\u00e3o, Rog\u00e9rio Ara\u00fajo realizou a entrega de trof\u00e9us a Anderson Ojope e Kalebi Fernandes, da Educa Seguros, destacando a parceria desde as primeiras iniciativas do projeto.<\/p>\n<p align=\"justify\">Com audit\u00f3rio lotado e forte participa\u00e7\u00e3o dos profissionais do setor, o primeiro dia do congresso refor\u00e7ou a import\u00e2ncia da prote\u00e7\u00e3o financeira e do planejamento patrimonial no Brasil. A programa\u00e7\u00e3o segue neste s\u00e1bado com novos pain\u00e9is sobre previd\u00eancia, investimentos internacionais, reforma tribut\u00e1ria e tecnologia aplicada ao mercado de prote\u00e7\u00e3o financeira.<\/p>\n<p align=\"justify\"><strong>Ruco Comunica\u00e7\u00e3o<\/strong><\/p>\n<p align=\"justify\"><strong>Foto: <\/strong>Rog\u00e9rio Ara\u00fajo, presidente do Instituto Minha Vida Protegida, recebe a diarista Marlene e seu filho Rafael<\/p>\n","protected":false},"excerpt":{"rendered":"<p>A primeira edi\u00e7\u00e3o do Congresso Minha Vida Protegida foi aberta nesta sexta-feira, 6 de mar\u00e7o, em S\u00e3o Paulo, reunindo mais de 500 profissionais do mercado de seguros, planejamento financeiro e prote\u00e7\u00e3o patrimonial no Espa\u00e7o Center 3, na Avenida Paulista. Com dois dias de programa\u00e7\u00e3o t\u00e9cnica, o encontro tem como objetivo fortalecer a capacita\u00e7\u00e3o de corretores [&hellip;]<\/p>\n","protected":false},"author":2,"featured_media":77489,"comment_status":"open","ping_status":"open","sticky":false,"template":"","format":"standard","meta":[],"categories":[27],"tags":[8098,3898,8578,15215,12758,12232,1382],"jetpack_featured_media_url":"https:\/\/insurancecorp.com.br\/pt\/wp-content\/uploads\/2026\/03\/DSC09970-scaled-e1773066905472.jpg","yoast_head":"<!-- This site is optimized with the Yoast SEO plugin v14.8 - https:\/\/yoast.com\/wordpress\/plugins\/seo\/ -->\n<title>Congresso Minha Vida Protegida abre primeira edi\u00e7\u00e3o | Revista Insurance Corp | PT-BR<\/title>\n<meta name=\"robots\" content=\"index, follow\" \/>\n<meta name=\"googlebot\" content=\"index, follow, max-snippet:-1, max-image-preview:large, max-video-preview:-1\" \/>\n<meta name=\"bingbot\" content=\"index, follow, max-snippet:-1, max-image-preview:large, max-video-preview:-1\" \/>\n<link rel=\"canonical\" href=\"https:\/\/insurancecorp.com.br\/pt\/2026\/03\/09\/congresso-minha-vida-protegida-abre-primeira-edicao\/\" \/>\n<meta property=\"og:locale\" content=\"pt_BR\" \/>\n<meta property=\"og:type\" content=\"article\" \/>\n<meta property=\"og:title\" content=\"Congresso Minha Vida Protegida abre primeira edi\u00e7\u00e3o | Revista Insurance Corp | PT-BR\" \/>\n<meta property=\"og:description\" content=\"A primeira edi\u00e7\u00e3o do Congresso Minha Vida Protegida foi aberta nesta sexta-feira, 6 de mar\u00e7o, em S\u00e3o Paulo, reunindo mais de 500 profissionais do mercado de seguros, planejamento financeiro e prote\u00e7\u00e3o patrimonial no Espa\u00e7o Center 3, na Avenida Paulista. Com dois dias de programa\u00e7\u00e3o t\u00e9cnica, o encontro tem como objetivo fortalecer a capacita\u00e7\u00e3o de corretores [&hellip;]\" \/>\n<meta property=\"og:url\" content=\"https:\/\/insurancecorp.com.br\/pt\/2026\/03\/09\/congresso-minha-vida-protegida-abre-primeira-edicao\/\" \/>\n<meta property=\"og:site_name\" content=\"Revista Insurance Corp | PT-BR\" \/>\n<meta property=\"article:publisher\" content=\"https:\/\/www.facebook.com\/RevistaInsuranceCorp\/\" \/>\n<meta property=\"article:published_time\" content=\"2026-03-09T14:38:29+00:00\" \/>\n<meta property=\"og:image\" content=\"https:\/\/insurancecorp.com.br\/pt\/wp-content\/uploads\/2026\/03\/DSC09970-scaled-e1773066905472.jpg\" \/>\n\t<meta property=\"og:image:width\" content=\"1739\" \/>\n\t<meta property=\"og:image:height\" content=\"1147\" \/>\n<meta name=\"twitter:card\" content=\"summary\" \/>\n<script type=\"application\/ld+json\" class=\"yoast-schema-graph\">{\"@context\":\"https:\/\/schema.org\",\"@graph\":[{\"@type\":\"Organization\",\"@id\":\"https:\/\/insurancecorp.com.br\/pt\/#organization\",\"name\":\"Revista Insurance Corp\",\"url\":\"https:\/\/insurancecorp.com.br\/pt\/\",\"sameAs\":[\"https:\/\/www.facebook.com\/RevistaInsuranceCorp\/\"],\"logo\":{\"@type\":\"ImageObject\",\"@id\":\"https:\/\/insurancecorp.com.br\/pt\/#logo\",\"inLanguage\":\"pt-BR\",\"url\":\"\",\"caption\":\"Revista Insurance Corp\"},\"image\":{\"@id\":\"https:\/\/insurancecorp.com.br\/pt\/#logo\"}},{\"@type\":\"WebSite\",\"@id\":\"https:\/\/insurancecorp.com.br\/pt\/#website\",\"url\":\"https:\/\/insurancecorp.com.br\/pt\/\",\"name\":\"Revista Insurance Corp | PT-BR\",\"description\":\"A \\u00fanica revista bil\\u00edngue voltada ao mercado de seguro.\",\"publisher\":{\"@id\":\"https:\/\/insurancecorp.com.br\/pt\/#organization\"},\"potentialAction\":[{\"@type\":\"SearchAction\",\"target\":\"https:\/\/insurancecorp.com.br\/pt\/?s={search_term_string}\",\"query-input\":\"required name=search_term_string\"}],\"inLanguage\":\"pt-BR\"},{\"@type\":\"ImageObject\",\"@id\":\"https:\/\/insurancecorp.com.br\/pt\/2026\/03\/09\/congresso-minha-vida-protegida-abre-primeira-edicao\/#primaryimage\",\"inLanguage\":\"pt-BR\",\"url\":\"https:\/\/insurancecorp.com.br\/pt\/wp-content\/uploads\/2026\/03\/DSC09970-scaled-e1773066905472.jpg\",\"width\":1739,\"height\":1147},{\"@type\":\"WebPage\",\"@id\":\"https:\/\/insurancecorp.com.br\/pt\/2026\/03\/09\/congresso-minha-vida-protegida-abre-primeira-edicao\/#webpage\",\"url\":\"https:\/\/insurancecorp.com.br\/pt\/2026\/03\/09\/congresso-minha-vida-protegida-abre-primeira-edicao\/\",\"name\":\"Congresso Minha Vida Protegida abre primeira edi\\u00e7\\u00e3o | Revista Insurance Corp | PT-BR\",\"isPartOf\":{\"@id\":\"https:\/\/insurancecorp.com.br\/pt\/#website\"},\"primaryImageOfPage\":{\"@id\":\"https:\/\/insurancecorp.com.br\/pt\/2026\/03\/09\/congresso-minha-vida-protegida-abre-primeira-edicao\/#primaryimage\"},\"datePublished\":\"2026-03-09T14:38:29+00:00\",\"dateModified\":\"2026-03-09T14:38:29+00:00\",\"inLanguage\":\"pt-BR\",\"potentialAction\":[{\"@type\":\"ReadAction\",\"target\":[\"https:\/\/insurancecorp.com.br\/pt\/2026\/03\/09\/congresso-minha-vida-protegida-abre-primeira-edicao\/\"]}]},{\"@type\":\"Article\",\"@id\":\"https:\/\/insurancecorp.com.br\/pt\/2026\/03\/09\/congresso-minha-vida-protegida-abre-primeira-edicao\/#article\",\"isPartOf\":{\"@id\":\"https:\/\/insurancecorp.com.br\/pt\/2026\/03\/09\/congresso-minha-vida-protegida-abre-primeira-edicao\/#webpage\"},\"author\":{\"@id\":\"https:\/\/insurancecorp.com.br\/pt\/#\/schema\/person\/1b69c8cf325f0b7167f1b171f52df4af\"},\"headline\":\"Congresso Minha Vida Protegida abre primeira edi\\u00e7\\u00e3o\",\"datePublished\":\"2026-03-09T14:38:29+00:00\",\"dateModified\":\"2026-03-09T14:38:29+00:00\",\"mainEntityOfPage\":{\"@id\":\"https:\/\/insurancecorp.com.br\/pt\/2026\/03\/09\/congresso-minha-vida-protegida-abre-primeira-edicao\/#webpage\"},\"commentCount\":0,\"publisher\":{\"@id\":\"https:\/\/insurancecorp.com.br\/pt\/#organization\"},\"image\":{\"@id\":\"https:\/\/insurancecorp.com.br\/pt\/2026\/03\/09\/congresso-minha-vida-protegida-abre-primeira-edicao\/#primaryimage\"},\"keywords\":\"abre,congresso,edi\\u00e7\\u00e3o,minha,primeira,protegida,vida\",\"articleSection\":\"Eventos\",\"inLanguage\":\"pt-BR\",\"potentialAction\":[{\"@type\":\"CommentAction\",\"name\":\"Comment\",\"target\":[\"https:\/\/insurancecorp.com.br\/pt\/2026\/03\/09\/congresso-minha-vida-protegida-abre-primeira-edicao\/#respond\"]}]},{\"@type\":\"Person\",\"@id\":\"https:\/\/insurancecorp.com.br\/pt\/#\/schema\/person\/1b69c8cf325f0b7167f1b171f52df4af\",\"name\":\"Publica\\u00e7\\u00e3o\",\"image\":{\"@type\":\"ImageObject\",\"@id\":\"https:\/\/insurancecorp.com.br\/pt\/#personlogo\",\"inLanguage\":\"pt-BR\",\"url\":\"https:\/\/secure.gravatar.com\/avatar\/17226f1f60486eb25d4c6b301ffed37f?s=96&d=mm&r=g\",\"caption\":\"Publica\\u00e7\\u00e3o\"}}]}<\/script>\n<!-- \/ Yoast SEO plugin. -->","_links":{"self":[{"href":"https:\/\/insurancecorp.com.br\/pt\/wp-json\/wp\/v2\/posts\/77488"}],"collection":[{"href":"https:\/\/insurancecorp.com.br\/pt\/wp-json\/wp\/v2\/posts"}],"about":[{"href":"https:\/\/insurancecorp.com.br\/pt\/wp-json\/wp\/v2\/types\/post"}],"author":[{"embeddable":true,"href":"https:\/\/insurancecorp.com.br\/pt\/wp-json\/wp\/v2\/users\/2"}],"replies":[{"embeddable":true,"href":"https:\/\/insurancecorp.com.br\/pt\/wp-json\/wp\/v2\/comments?post=77488"}],"version-history":[{"count":2,"href":"https:\/\/insurancecorp.com.br\/pt\/wp-json\/wp\/v2\/posts\/77488\/revisions"}],"predecessor-version":[{"id":77491,"href":"https:\/\/insurancecorp.com.br\/pt\/wp-json\/wp\/v2\/posts\/77488\/revisions\/77491"}],"wp:featuredmedia":[{"embeddable":true,"href":"https:\/\/insurancecorp.com.br\/pt\/wp-json\/wp\/v2\/media\/77489"}],"wp:attachment":[{"href":"https:\/\/insurancecorp.com.br\/pt\/wp-json\/wp\/v2\/media?parent=77488"}],"wp:term":[{"taxonomy":"category","embeddable":true,"href":"https:\/\/insurancecorp.com.br\/pt\/wp-json\/wp\/v2\/categories?post=77488"},{"taxonomy":"post_tag","embeddable":true,"href":"https:\/\/insurancecorp.com.br\/pt\/wp-json\/wp\/v2\/tags?post=77488"}],"curies":[{"name":"wp","href":"https:\/\/api.w.org\/{rel}","templated":true}]}}