{"id":77306,"date":"2026-03-02T16:01:31","date_gmt":"2026-03-02T19:01:31","guid":{"rendered":"https:\/\/insurancecorp.com.br\/pt\/?p=77306"},"modified":"2026-03-02T16:01:31","modified_gmt":"2026-03-02T19:01:31","slug":"cvg-rj-promove-encontro-on-line-sobre-a-nova-lei-do-seguro","status":"publish","type":"post","link":"https:\/\/insurancecorp.com.br\/pt\/2026\/03\/02\/cvg-rj-promove-encontro-on-line-sobre-a-nova-lei-do-seguro\/","title":{"rendered":"CVG-RJ promove encontro on-line sobre a Nova Lei do Seguro"},"content":{"rendered":"<p align=\"justify\">O CVG-RJ convida corretores e profissionais do mercado para um encontro on-line exclusivo sobre a Nova Lei do Seguro \u2013 Lei n\u00ba 15.040. A iniciativa tem como objetivo apresentar os principais pontos da nova legisla\u00e7\u00e3o, esclarecer d\u00favidas e analisar seus impactos pr\u00e1ticos para o setor.<\/p>\n<p align=\"justify\">De acordo com a presidente do CVG-RJ, Sonia Marra, &#8220;o evento pretende destacar a relev\u00e2ncia e os desafios trazidos pela nova lei, especialmente para o segmento de Vida e para os corretores que atuam nessa \u00e1rea. Ser\u00e1 uma contribui\u00e7\u00e3o valiosa que o CVG-RJ disponibilizar\u00e1 para um nicho relevante do mercado, promovendo atualiza\u00e7\u00e3o e debate qualificado&#8221;, afirma.<\/p>\n<p align=\"justify\">A proposta \u00e9 oferecer uma vis\u00e3o estrat\u00e9gica sobre o novo cen\u00e1rio regulat\u00f3rio, permitindo que os profissionais se posicionem de forma mais competitiva em um ambiente cada vez mais regulado e din\u00e2mico.<\/p>\n<p><b>Servi\u00e7o:<\/b><\/p>\n<p><strong>Data:<\/strong> 10 de mar\u00e7o<br \/>\n<strong>Hor\u00e1rio:<\/strong> 16h<\/p>\n<p>Evento 100% on-line<br \/>\nTransmiss\u00e3o ao vivo pelo canal do YouTube do CVG-RJ<\/p>\n<p><strong>Especialistas convidadas:<\/strong><\/p>\n<p><strong>Ang\u00e9lica Carlini:<\/strong> Advogada, consultora jur\u00eddica e parecerista nas \u00e1reas de Direito do Seguro, Responsabilidade Civil e Inova\u00e7\u00e3o<br \/>\n<strong>Juliana Queiroz:<\/strong> Assessoria da presid\u00eancia do CVG-RJ<\/p>\n<p>Uma oportunidade para compreender os desdobramentos da nova legisla\u00e7\u00e3o, esclarecer d\u00favidas e sair na frente no mercado.<\/p>\n<p>Acompanhe e inscreva-se nos canais oficiais do CVG-RJ:<\/p>\n<p><strong>YouTube:<\/strong><\/p>\n<p><a href=\"https:\/\/youtube.com\/@cvgrj3066?si=85yGRL5qNbw9R0ca\" target=\"_blank\" rel=\"noopener noreferrer\"><span style=\"text-decoration: underline;\">https:\/\/youtube.com\/@cvgrj3066?si=85yGRL5qNbw9R0ca<\/span><\/a><\/p>\n<p><strong>Instagram:<\/strong><\/p>\n<p><span style=\"text-decoration: underline;\"><a href=\"https:\/\/www.instagram.com\/p\/DVQvK11gEF_\/?igsh=YXZkNHN0aXV0ZXlr\" target=\"_blank\" rel=\"noopener noreferrer\">https:\/\/www.instagram.com\/p\/DVQvK11gEF_\/?igsh=YXZkNHN0aXV0ZXlr<\/a><\/span><\/p>\n<p><strong>Linkedin:<\/strong><\/p>\n<p><span style=\"text-decoration: underline;\"><a href=\"https:\/\/www.linkedin.com\/posts\/clube-vida-em-grupo-cvg-rj_o-cvg-rj-convida-voc%C3%AA-para-um-encontro-on-line-activity-7433141217795731456-dbRN?utm_source=share&amp;utm_medium=member_ios&amp;rcm=ACoAAD1ubv0B3BkD8UxKGVBDdJ-qAbXBcTYrp8M\" target=\"_blank\" rel=\"noopener noreferrer\">https:\/\/www.linkedin.com\/posts\/clube-vida-em-grupo-cvg-rj_o-cvg-rj-convida-voc%C3%AA-para-um-encontro-on-line-activity-7433141217795731456-dbRN?utm_source=share&amp;utm_medium=member_ios&amp;rcm=ACoAAD1ubv0B3BkD8UxKGVBDdJ-qAbXBcTYrp8M<\/a><\/span><\/p>\n<p align=\"justify\">N\u00e3o perca! O CVG-RJ espera voc\u00ea no canal oficial no YouTube.<\/p>\n<p align=\"justify\"><strong>VTN Comunica\u00e7\u00e3o<\/strong><\/p>\n","protected":false},"excerpt":{"rendered":"<p>O CVG-RJ convida corretores e profissionais do mercado para um encontro on-line exclusivo sobre a Nova Lei do Seguro \u2013 Lei n\u00ba 15.040. A iniciativa tem como objetivo apresentar os principais pontos da nova legisla\u00e7\u00e3o, esclarecer d\u00favidas e analisar seus impactos pr\u00e1ticos para o setor. De acordo com a presidente do CVG-RJ, Sonia Marra, &#8220;o [&hellip;]<\/p>\n","protected":false},"author":2,"featured_media":77307,"comment_status":"open","ping_status":"open","sticky":false,"template":"","format":"standard","meta":[],"categories":[210],"tags":[2150,3919,2607,12684,16053,3509,3825,6375],"jetpack_featured_media_url":"https:\/\/insurancecorp.com.br\/pt\/wp-content\/uploads\/2026\/03\/WhatsApp-Image-2026-03-02-at-11.08.30-e1772478012628.jpeg","yoast_head":"<!-- This site is optimized with the Yoast SEO plugin v14.8 - https:\/\/yoast.com\/wordpress\/plugins\/seo\/ -->\n<title>CVG-RJ promove encontro on-line sobre a Nova Lei do Seguro | Revista Insurance Corp | PT-BR<\/title>\n<meta name=\"robots\" content=\"index, follow\" \/>\n<meta name=\"googlebot\" content=\"index, follow, max-snippet:-1, max-image-preview:large, max-video-preview:-1\" \/>\n<meta name=\"bingbot\" content=\"index, follow, max-snippet:-1, max-image-preview:large, max-video-preview:-1\" \/>\n<link rel=\"canonical\" href=\"https:\/\/insurancecorp.com.br\/pt\/2026\/03\/02\/cvg-rj-promove-encontro-on-line-sobre-a-nova-lei-do-seguro\/\" \/>\n<meta property=\"og:locale\" content=\"pt_BR\" \/>\n<meta property=\"og:type\" content=\"article\" \/>\n<meta property=\"og:title\" content=\"CVG-RJ promove encontro on-line sobre a Nova Lei do Seguro | Revista Insurance Corp | PT-BR\" \/>\n<meta property=\"og:description\" content=\"O CVG-RJ convida corretores e profissionais do mercado para um encontro on-line exclusivo sobre a Nova Lei do Seguro \u2013 Lei n\u00ba 15.040. A iniciativa tem como objetivo apresentar os principais pontos da nova legisla\u00e7\u00e3o, esclarecer d\u00favidas e analisar seus impactos pr\u00e1ticos para o setor. De acordo com a presidente do CVG-RJ, Sonia Marra, &#8220;o [&hellip;]\" \/>\n<meta property=\"og:url\" content=\"https:\/\/insurancecorp.com.br\/pt\/2026\/03\/02\/cvg-rj-promove-encontro-on-line-sobre-a-nova-lei-do-seguro\/\" \/>\n<meta property=\"og:site_name\" content=\"Revista Insurance Corp | PT-BR\" \/>\n<meta property=\"article:publisher\" content=\"https:\/\/www.facebook.com\/RevistaInsuranceCorp\/\" \/>\n<meta property=\"article:published_time\" content=\"2026-03-02T19:01:31+00:00\" \/>\n<meta property=\"og:image\" content=\"https:\/\/insurancecorp.com.br\/pt\/wp-content\/uploads\/2026\/03\/WhatsApp-Image-2026-03-02-at-11.08.30-e1772478012628.jpeg\" \/>\n\t<meta property=\"og:image:width\" content=\"1072\" \/>\n\t<meta property=\"og:image:height\" content=\"552\" \/>\n<meta name=\"twitter:card\" content=\"summary\" \/>\n<script type=\"application\/ld+json\" class=\"yoast-schema-graph\">{\"@context\":\"https:\/\/schema.org\",\"@graph\":[{\"@type\":\"Organization\",\"@id\":\"https:\/\/insurancecorp.com.br\/pt\/#organization\",\"name\":\"Revista Insurance Corp\",\"url\":\"https:\/\/insurancecorp.com.br\/pt\/\",\"sameAs\":[\"https:\/\/www.facebook.com\/RevistaInsuranceCorp\/\"],\"logo\":{\"@type\":\"ImageObject\",\"@id\":\"https:\/\/insurancecorp.com.br\/pt\/#logo\",\"inLanguage\":\"pt-BR\",\"url\":\"\",\"caption\":\"Revista Insurance Corp\"},\"image\":{\"@id\":\"https:\/\/insurancecorp.com.br\/pt\/#logo\"}},{\"@type\":\"WebSite\",\"@id\":\"https:\/\/insurancecorp.com.br\/pt\/#website\",\"url\":\"https:\/\/insurancecorp.com.br\/pt\/\",\"name\":\"Revista Insurance Corp | PT-BR\",\"description\":\"A \\u00fanica revista bil\\u00edngue voltada ao mercado de seguro.\",\"publisher\":{\"@id\":\"https:\/\/insurancecorp.com.br\/pt\/#organization\"},\"potentialAction\":[{\"@type\":\"SearchAction\",\"target\":\"https:\/\/insurancecorp.com.br\/pt\/?s={search_term_string}\",\"query-input\":\"required name=search_term_string\"}],\"inLanguage\":\"pt-BR\"},{\"@type\":\"ImageObject\",\"@id\":\"https:\/\/insurancecorp.com.br\/pt\/2026\/03\/02\/cvg-rj-promove-encontro-on-line-sobre-a-nova-lei-do-seguro\/#primaryimage\",\"inLanguage\":\"pt-BR\",\"url\":\"https:\/\/insurancecorp.com.br\/pt\/wp-content\/uploads\/2026\/03\/WhatsApp-Image-2026-03-02-at-11.08.30-e1772478012628.jpeg\",\"width\":1072,\"height\":552},{\"@type\":\"WebPage\",\"@id\":\"https:\/\/insurancecorp.com.br\/pt\/2026\/03\/02\/cvg-rj-promove-encontro-on-line-sobre-a-nova-lei-do-seguro\/#webpage\",\"url\":\"https:\/\/insurancecorp.com.br\/pt\/2026\/03\/02\/cvg-rj-promove-encontro-on-line-sobre-a-nova-lei-do-seguro\/\",\"name\":\"CVG-RJ promove encontro on-line sobre a Nova Lei do Seguro | Revista Insurance Corp | PT-BR\",\"isPartOf\":{\"@id\":\"https:\/\/insurancecorp.com.br\/pt\/#website\"},\"primaryImageOfPage\":{\"@id\":\"https:\/\/insurancecorp.com.br\/pt\/2026\/03\/02\/cvg-rj-promove-encontro-on-line-sobre-a-nova-lei-do-seguro\/#primaryimage\"},\"datePublished\":\"2026-03-02T19:01:31+00:00\",\"dateModified\":\"2026-03-02T19:01:31+00:00\",\"inLanguage\":\"pt-BR\",\"potentialAction\":[{\"@type\":\"ReadAction\",\"target\":[\"https:\/\/insurancecorp.com.br\/pt\/2026\/03\/02\/cvg-rj-promove-encontro-on-line-sobre-a-nova-lei-do-seguro\/\"]}]},{\"@type\":\"Article\",\"@id\":\"https:\/\/insurancecorp.com.br\/pt\/2026\/03\/02\/cvg-rj-promove-encontro-on-line-sobre-a-nova-lei-do-seguro\/#article\",\"isPartOf\":{\"@id\":\"https:\/\/insurancecorp.com.br\/pt\/2026\/03\/02\/cvg-rj-promove-encontro-on-line-sobre-a-nova-lei-do-seguro\/#webpage\"},\"author\":{\"@id\":\"https:\/\/insurancecorp.com.br\/pt\/#\/schema\/person\/1b69c8cf325f0b7167f1b171f52df4af\"},\"headline\":\"CVG-RJ promove encontro on-line sobre a Nova Lei do Seguro\",\"datePublished\":\"2026-03-02T19:01:31+00:00\",\"dateModified\":\"2026-03-02T19:01:31+00:00\",\"mainEntityOfPage\":{\"@id\":\"https:\/\/insurancecorp.com.br\/pt\/2026\/03\/02\/cvg-rj-promove-encontro-on-line-sobre-a-nova-lei-do-seguro\/#webpage\"},\"commentCount\":0,\"publisher\":{\"@id\":\"https:\/\/insurancecorp.com.br\/pt\/#organization\"},\"image\":{\"@id\":\"https:\/\/insurancecorp.com.br\/pt\/2026\/03\/02\/cvg-rj-promove-encontro-on-line-sobre-a-nova-lei-do-seguro\/#primaryimage\"},\"keywords\":\"CVG-RJ,encontro,lei,nova,on-line,promove,seguro,sobre\",\"articleSection\":\"CVG-RJ\",\"inLanguage\":\"pt-BR\",\"potentialAction\":[{\"@type\":\"CommentAction\",\"name\":\"Comment\",\"target\":[\"https:\/\/insurancecorp.com.br\/pt\/2026\/03\/02\/cvg-rj-promove-encontro-on-line-sobre-a-nova-lei-do-seguro\/#respond\"]}]},{\"@type\":\"Person\",\"@id\":\"https:\/\/insurancecorp.com.br\/pt\/#\/schema\/person\/1b69c8cf325f0b7167f1b171f52df4af\",\"name\":\"Publica\\u00e7\\u00e3o\",\"image\":{\"@type\":\"ImageObject\",\"@id\":\"https:\/\/insurancecorp.com.br\/pt\/#personlogo\",\"inLanguage\":\"pt-BR\",\"url\":\"https:\/\/secure.gravatar.com\/avatar\/17226f1f60486eb25d4c6b301ffed37f?s=96&d=mm&r=g\",\"caption\":\"Publica\\u00e7\\u00e3o\"}}]}<\/script>\n<!-- \/ Yoast SEO plugin. -->","_links":{"self":[{"href":"https:\/\/insurancecorp.com.br\/pt\/wp-json\/wp\/v2\/posts\/77306"}],"collection":[{"href":"https:\/\/insurancecorp.com.br\/pt\/wp-json\/wp\/v2\/posts"}],"about":[{"href":"https:\/\/insurancecorp.com.br\/pt\/wp-json\/wp\/v2\/types\/post"}],"author":[{"embeddable":true,"href":"https:\/\/insurancecorp.com.br\/pt\/wp-json\/wp\/v2\/users\/2"}],"replies":[{"embeddable":true,"href":"https:\/\/insurancecorp.com.br\/pt\/wp-json\/wp\/v2\/comments?post=77306"}],"version-history":[{"count":3,"href":"https:\/\/insurancecorp.com.br\/pt\/wp-json\/wp\/v2\/posts\/77306\/revisions"}],"predecessor-version":[{"id":77310,"href":"https:\/\/insurancecorp.com.br\/pt\/wp-json\/wp\/v2\/posts\/77306\/revisions\/77310"}],"wp:featuredmedia":[{"embeddable":true,"href":"https:\/\/insurancecorp.com.br\/pt\/wp-json\/wp\/v2\/media\/77307"}],"wp:attachment":[{"href":"https:\/\/insurancecorp.com.br\/pt\/wp-json\/wp\/v2\/media?parent=77306"}],"wp:term":[{"taxonomy":"category","embeddable":true,"href":"https:\/\/insurancecorp.com.br\/pt\/wp-json\/wp\/v2\/categories?post=77306"},{"taxonomy":"post_tag","embeddable":true,"href":"https:\/\/insurancecorp.com.br\/pt\/wp-json\/wp\/v2\/tags?post=77306"}],"curies":[{"name":"wp","href":"https:\/\/api.w.org\/{rel}","templated":true}]}}