{"id":77288,"date":"2026-03-02T15:07:31","date_gmt":"2026-03-02T18:07:31","guid":{"rendered":"https:\/\/insurancecorp.com.br\/pt\/?p=77288"},"modified":"2026-03-02T15:11:18","modified_gmt":"2026-03-02T18:11:18","slug":"icatu-anuncia-novos-nomes-para-alta-lideranca","status":"publish","type":"post","link":"https:\/\/insurancecorp.com.br\/pt\/2026\/03\/02\/icatu-anuncia-novos-nomes-para-alta-lideranca\/","title":{"rendered":"Icatu anuncia novos nomes para alta lideran\u00e7a"},"content":{"rendered":"<p align=\"justify\">A Icatu Seguros, maior seguradora independente do pa\u00eds nos segmentos de Vida, Previd\u00eancia e Capitaliza\u00e7\u00e3o, anuncia novos nomes para sua alta lideran\u00e7a com foco em fortalecer a governan\u00e7a e impulsionar novas frentes de crescimento. O movimento consiste na integra\u00e7\u00e3o da \u00e1rea de Produtos, sob comando de Antonio Carlos Almeida Braga, e na cria\u00e7\u00e3o da diretoria de Desenvolvimento Corporativo e Jur\u00eddico, liderada por Thiago Morgado.<\/p>\n<p align=\"justify\">As nomea\u00e7\u00f5es refletem a evolu\u00e7\u00e3o da Icatu Seguros em um contexto de amplia\u00e7\u00e3o do ecossistema de parcerias e acelera\u00e7\u00e3o de oportunidades no mercado. A companhia conta hoje com mais de 350 parceiros estrat\u00e9gicos, atua em um modelo B2B2C amplamente diversificado e mant\u00e9m relacionamento ativo com mais de 10 mil corretores em todo o pa\u00eds, atendendo a mais de 14 milh\u00f5es de clientes.<\/p>\n<p align=\"justify\">Como parte desse movimento, a \u00e1rea de Produtos passa a operar em uma nova estrutura consolidada sob a lideran\u00e7a de Antonio Carlos Almeida Braga, e preservando as diretorias j\u00e1 existentes nas linhas de neg\u00f3cio. A configura\u00e7\u00e3o busca acelerar o desenvolvimento de solu\u00e7\u00f5es, aumentar as sinergias entre as frentes de neg\u00f3cio e conectar de forma ainda mais direta produtos e canais estrat\u00e9gicos.<\/p>\n<p align=\"justify\">Antonio Carlos Almeida Braga est\u00e1 na Icatu desde 2022 e construiu sua trajet\u00f3ria nas \u00e1reas de finan\u00e7as corporativas, desenvolvimento de produtos e planejamento estrat\u00e9gico, com atua\u00e7\u00e3o integrada entre diferentes frentes do neg\u00f3cio. Advogado de forma\u00e7\u00e3o, o executivo tem experi\u00eancia em opera\u00e7\u00f5es societ\u00e1rias e de fus\u00f5es e aquisi\u00e7\u00f5es (M&amp;A), com passagem pelo Pinheiro Neto Advogados. Na Icatu Seguros, participou de projetos ligados \u00e0 estrutura\u00e7\u00e3o financeira, an\u00e1lise de viabilidade e evolu\u00e7\u00e3o do portf\u00f3lio de produtos e solu\u00e7\u00f5es da companhia.<\/p>\n<p align=\"justify\">&#8220;A Icatu construiu, ao longo do tempo, um portf\u00f3lio de produtos s\u00f3lido, diverso e pioneiro. Agora, o desafio \u00e9 ampliar a integra\u00e7\u00e3o entre as frentes de neg\u00f3cio para potencializar sinergias, acelerar o desenvolvimento de solu\u00e7\u00f5es e garantir que produtos e canais estejam cada vez mais conectados \u00e0s demandas reais dos clientes, sem perder a vis\u00e3o de longo prazo que sempre guiou a companhia&#8221;,\u00a0afirma Antonio Carlos Almeida Braga.<\/p>\n<p align=\"justify\">Em paralelo, a Icatu Seguros cria a Diretoria de Desenvolvimento Corporativo e Jur\u00eddico, que passa a reunir de forma integrada as frentes de desenvolvimento corporativo, Jur\u00eddico de Neg\u00f3cios e Jur\u00eddico Contencioso. A nova diretoria ter\u00e1 papel central na acelera\u00e7\u00e3o de parcerias estrat\u00e9gicas, na avalia\u00e7\u00e3o de novos nichos de mercado e no apoio \u00e0 estrutura\u00e7\u00e3o de neg\u00f3cios alinhados \u00e0 estrat\u00e9gia de democratiza\u00e7\u00e3o do acesso \u00e0 prote\u00e7\u00e3o financeira, especialmente no ambiente B2B2C.<\/p>\n<p align=\"justify\">\u00c0 frente da nova estrutura, Thiago Morgado passa a integrar oficialmente a Icatu Seguros, ap\u00f3s liderar essa agenda a partir da holding do grupo. O executivo atua h\u00e1 mais de uma d\u00e9cada apoiando a seguradora na estrutura\u00e7\u00e3o de parcerias de longo prazo, com participa\u00e7\u00e3o em projetos junto a institui\u00e7\u00f5es financeiras, cooperativas, seguradoras e fintechs.<\/p>\n<p align=\"justify\">&#8220;A cria\u00e7\u00e3o da Diretoria de Desenvolvimento Corporativo e Jur\u00eddico consolida uma agenda que j\u00e1 vinha sendo constru\u00edda e que ganha ainda mais relev\u00e2ncia neste novo ciclo da Icatu. Nosso foco \u00e9 viabilizar parcerias, dar agilidade \u00e0 estrutura\u00e7\u00e3o de novos neg\u00f3cios e apoiar a expans\u00e3o da companhia com seguran\u00e7a jur\u00eddica e alinhamento estrat\u00e9gico, especialmente no ambiente B2B2C&#8221;,\u00a0destaca Thiago Morgado.<\/p>\n<p align=\"justify\">As mudan\u00e7as refor\u00e7am o posicionamento da Icatu Seguros como uma companhia orientada ao crescimento sustent\u00e1vel, \u00e0 inova\u00e7\u00e3o e \u00e0 constru\u00e7\u00e3o de rela\u00e7\u00f5es de longo prazo com parceiros, corretores e clientes, apoiada por uma estrutura organizacional preparada para os pr\u00f3ximos ciclos de expans\u00e3o.<\/p>\n<p align=\"justify\"><strong>Buzzing<\/strong><\/p>\n<p align=\"justify\"><strong>Foto: <\/strong>Antonio Carlos Almeida Braga, integra\u00e7\u00e3o da \u00e1rea de Produtos<\/p>\n","protected":false},"excerpt":{"rendered":"<p>A Icatu Seguros, maior seguradora independente do pa\u00eds nos segmentos de Vida, Previd\u00eancia e Capitaliza\u00e7\u00e3o, anuncia novos nomes para sua alta lideran\u00e7a com foco em fortalecer a governan\u00e7a e impulsionar novas frentes de crescimento. O movimento consiste na integra\u00e7\u00e3o da \u00e1rea de Produtos, sob comando de Antonio Carlos Almeida Braga, e na cria\u00e7\u00e3o da diretoria [&hellip;]<\/p>\n","protected":false},"author":2,"featured_media":77289,"comment_status":"open","ping_status":"open","sticky":false,"template":"","format":"standard","meta":[],"categories":[105],"tags":[10481,6419,5618,891,14417,12642,8777],"jetpack_featured_media_url":"https:\/\/insurancecorp.com.br\/pt\/wp-content\/uploads\/2026\/03\/Antonio-e1772471619863.jpeg","yoast_head":"<!-- This site is optimized with the Yoast SEO plugin v14.8 - https:\/\/yoast.com\/wordpress\/plugins\/seo\/ -->\n<title>Icatu anuncia novos nomes para alta lideran\u00e7a | Revista Insurance Corp | PT-BR<\/title>\n<meta name=\"robots\" content=\"index, follow\" \/>\n<meta name=\"googlebot\" content=\"index, follow, max-snippet:-1, max-image-preview:large, max-video-preview:-1\" \/>\n<meta name=\"bingbot\" content=\"index, follow, max-snippet:-1, max-image-preview:large, max-video-preview:-1\" \/>\n<link rel=\"canonical\" href=\"https:\/\/insurancecorp.com.br\/pt\/2026\/03\/02\/icatu-anuncia-novos-nomes-para-alta-lideranca\/\" \/>\n<meta property=\"og:locale\" content=\"pt_BR\" \/>\n<meta property=\"og:type\" content=\"article\" \/>\n<meta property=\"og:title\" content=\"Icatu anuncia novos nomes para alta lideran\u00e7a | Revista Insurance Corp | PT-BR\" \/>\n<meta property=\"og:description\" content=\"A Icatu Seguros, maior seguradora independente do pa\u00eds nos segmentos de Vida, Previd\u00eancia e Capitaliza\u00e7\u00e3o, anuncia novos nomes para sua alta lideran\u00e7a com foco em fortalecer a governan\u00e7a e impulsionar novas frentes de crescimento. O movimento consiste na integra\u00e7\u00e3o da \u00e1rea de Produtos, sob comando de Antonio Carlos Almeida Braga, e na cria\u00e7\u00e3o da diretoria [&hellip;]\" \/>\n<meta property=\"og:url\" content=\"https:\/\/insurancecorp.com.br\/pt\/2026\/03\/02\/icatu-anuncia-novos-nomes-para-alta-lideranca\/\" \/>\n<meta property=\"og:site_name\" content=\"Revista Insurance Corp | PT-BR\" \/>\n<meta property=\"article:publisher\" content=\"https:\/\/www.facebook.com\/RevistaInsuranceCorp\/\" \/>\n<meta property=\"article:published_time\" content=\"2026-03-02T18:07:31+00:00\" \/>\n<meta property=\"article:modified_time\" content=\"2026-03-02T18:11:18+00:00\" \/>\n<meta property=\"og:image\" content=\"https:\/\/insurancecorp.com.br\/pt\/wp-content\/uploads\/2026\/03\/Antonio-e1772471619863.jpeg\" \/>\n\t<meta property=\"og:image:width\" content=\"1063\" \/>\n\t<meta property=\"og:image:height\" content=\"807\" \/>\n<meta name=\"twitter:card\" content=\"summary\" \/>\n<script type=\"application\/ld+json\" class=\"yoast-schema-graph\">{\"@context\":\"https:\/\/schema.org\",\"@graph\":[{\"@type\":\"Organization\",\"@id\":\"https:\/\/insurancecorp.com.br\/pt\/#organization\",\"name\":\"Revista Insurance Corp\",\"url\":\"https:\/\/insurancecorp.com.br\/pt\/\",\"sameAs\":[\"https:\/\/www.facebook.com\/RevistaInsuranceCorp\/\"],\"logo\":{\"@type\":\"ImageObject\",\"@id\":\"https:\/\/insurancecorp.com.br\/pt\/#logo\",\"inLanguage\":\"pt-BR\",\"url\":\"\",\"caption\":\"Revista Insurance Corp\"},\"image\":{\"@id\":\"https:\/\/insurancecorp.com.br\/pt\/#logo\"}},{\"@type\":\"WebSite\",\"@id\":\"https:\/\/insurancecorp.com.br\/pt\/#website\",\"url\":\"https:\/\/insurancecorp.com.br\/pt\/\",\"name\":\"Revista Insurance Corp | PT-BR\",\"description\":\"A \\u00fanica revista bil\\u00edngue voltada ao mercado de seguro.\",\"publisher\":{\"@id\":\"https:\/\/insurancecorp.com.br\/pt\/#organization\"},\"potentialAction\":[{\"@type\":\"SearchAction\",\"target\":\"https:\/\/insurancecorp.com.br\/pt\/?s={search_term_string}\",\"query-input\":\"required name=search_term_string\"}],\"inLanguage\":\"pt-BR\"},{\"@type\":\"ImageObject\",\"@id\":\"https:\/\/insurancecorp.com.br\/pt\/2026\/03\/02\/icatu-anuncia-novos-nomes-para-alta-lideranca\/#primaryimage\",\"inLanguage\":\"pt-BR\",\"url\":\"https:\/\/insurancecorp.com.br\/pt\/wp-content\/uploads\/2026\/03\/Antonio-e1772471619863.jpeg\",\"width\":1063,\"height\":807},{\"@type\":\"WebPage\",\"@id\":\"https:\/\/insurancecorp.com.br\/pt\/2026\/03\/02\/icatu-anuncia-novos-nomes-para-alta-lideranca\/#webpage\",\"url\":\"https:\/\/insurancecorp.com.br\/pt\/2026\/03\/02\/icatu-anuncia-novos-nomes-para-alta-lideranca\/\",\"name\":\"Icatu anuncia novos nomes para alta lideran\\u00e7a | Revista Insurance Corp | PT-BR\",\"isPartOf\":{\"@id\":\"https:\/\/insurancecorp.com.br\/pt\/#website\"},\"primaryImageOfPage\":{\"@id\":\"https:\/\/insurancecorp.com.br\/pt\/2026\/03\/02\/icatu-anuncia-novos-nomes-para-alta-lideranca\/#primaryimage\"},\"datePublished\":\"2026-03-02T18:07:31+00:00\",\"dateModified\":\"2026-03-02T18:11:18+00:00\",\"inLanguage\":\"pt-BR\",\"potentialAction\":[{\"@type\":\"ReadAction\",\"target\":[\"https:\/\/insurancecorp.com.br\/pt\/2026\/03\/02\/icatu-anuncia-novos-nomes-para-alta-lideranca\/\"]}]},{\"@type\":\"Article\",\"@id\":\"https:\/\/insurancecorp.com.br\/pt\/2026\/03\/02\/icatu-anuncia-novos-nomes-para-alta-lideranca\/#article\",\"isPartOf\":{\"@id\":\"https:\/\/insurancecorp.com.br\/pt\/2026\/03\/02\/icatu-anuncia-novos-nomes-para-alta-lideranca\/#webpage\"},\"author\":{\"@id\":\"https:\/\/insurancecorp.com.br\/pt\/#\/schema\/person\/1b69c8cf325f0b7167f1b171f52df4af\"},\"headline\":\"Icatu anuncia novos nomes para alta lideran\\u00e7a\",\"datePublished\":\"2026-03-02T18:07:31+00:00\",\"dateModified\":\"2026-03-02T18:11:18+00:00\",\"mainEntityOfPage\":{\"@id\":\"https:\/\/insurancecorp.com.br\/pt\/2026\/03\/02\/icatu-anuncia-novos-nomes-para-alta-lideranca\/#webpage\"},\"commentCount\":0,\"publisher\":{\"@id\":\"https:\/\/insurancecorp.com.br\/pt\/#organization\"},\"image\":{\"@id\":\"https:\/\/insurancecorp.com.br\/pt\/2026\/03\/02\/icatu-anuncia-novos-nomes-para-alta-lideranca\/#primaryimage\"},\"keywords\":\"alian\\u00e7a,alta,anuncia,Icatu,nomes,novos,Par\\u00e1\",\"articleSection\":\"Icatu Seguros\",\"inLanguage\":\"pt-BR\",\"potentialAction\":[{\"@type\":\"CommentAction\",\"name\":\"Comment\",\"target\":[\"https:\/\/insurancecorp.com.br\/pt\/2026\/03\/02\/icatu-anuncia-novos-nomes-para-alta-lideranca\/#respond\"]}]},{\"@type\":\"Person\",\"@id\":\"https:\/\/insurancecorp.com.br\/pt\/#\/schema\/person\/1b69c8cf325f0b7167f1b171f52df4af\",\"name\":\"Publica\\u00e7\\u00e3o\",\"image\":{\"@type\":\"ImageObject\",\"@id\":\"https:\/\/insurancecorp.com.br\/pt\/#personlogo\",\"inLanguage\":\"pt-BR\",\"url\":\"https:\/\/secure.gravatar.com\/avatar\/17226f1f60486eb25d4c6b301ffed37f?s=96&d=mm&r=g\",\"caption\":\"Publica\\u00e7\\u00e3o\"}}]}<\/script>\n<!-- \/ Yoast SEO plugin. -->","_links":{"self":[{"href":"https:\/\/insurancecorp.com.br\/pt\/wp-json\/wp\/v2\/posts\/77288"}],"collection":[{"href":"https:\/\/insurancecorp.com.br\/pt\/wp-json\/wp\/v2\/posts"}],"about":[{"href":"https:\/\/insurancecorp.com.br\/pt\/wp-json\/wp\/v2\/types\/post"}],"author":[{"embeddable":true,"href":"https:\/\/insurancecorp.com.br\/pt\/wp-json\/wp\/v2\/users\/2"}],"replies":[{"embeddable":true,"href":"https:\/\/insurancecorp.com.br\/pt\/wp-json\/wp\/v2\/comments?post=77288"}],"version-history":[{"count":4,"href":"https:\/\/insurancecorp.com.br\/pt\/wp-json\/wp\/v2\/posts\/77288\/revisions"}],"predecessor-version":[{"id":77293,"href":"https:\/\/insurancecorp.com.br\/pt\/wp-json\/wp\/v2\/posts\/77288\/revisions\/77293"}],"wp:featuredmedia":[{"embeddable":true,"href":"https:\/\/insurancecorp.com.br\/pt\/wp-json\/wp\/v2\/media\/77289"}],"wp:attachment":[{"href":"https:\/\/insurancecorp.com.br\/pt\/wp-json\/wp\/v2\/media?parent=77288"}],"wp:term":[{"taxonomy":"category","embeddable":true,"href":"https:\/\/insurancecorp.com.br\/pt\/wp-json\/wp\/v2\/categories?post=77288"},{"taxonomy":"post_tag","embeddable":true,"href":"https:\/\/insurancecorp.com.br\/pt\/wp-json\/wp\/v2\/tags?post=77288"}],"curies":[{"name":"wp","href":"https:\/\/api.w.org\/{rel}","templated":true}]}}