{"id":69187,"date":"2025-07-07T16:28:59","date_gmt":"2025-07-07T19:28:59","guid":{"rendered":"https:\/\/insurancecorp.com.br\/pt\/?p=69187"},"modified":"2025-07-07T16:28:59","modified_gmt":"2025-07-07T19:28:59","slug":"coberturas-em-seguro-viagem-protegem-contra-prejuizos","status":"publish","type":"post","link":"https:\/\/insurancecorp.com.br\/pt\/2025\/07\/07\/coberturas-em-seguro-viagem-protegem-contra-prejuizos\/","title":{"rendered":"Coberturas em seguro viagem protegem contra preju\u00edzos"},"content":{"rendered":"<p>Perda de bagagem ou cancelamento de viagem, que exigem mudan\u00e7as nos planos, podem causar transtornos e preju\u00edzos financeiros significativos. Nesse contexto, o seguro viagem se destaca como uma das principais formas de prote\u00e7\u00e3o, oferecendo cobertura para extravio, dano ou furto de malas, al\u00e9m de reembolso por despesas relacionadas a cancelamentos.<\/p>\n<p>Entre as situa\u00e7\u00f5es que podem impedir o embarque est\u00e3o demiss\u00e3o involunt\u00e1ria, cancelamento das f\u00e9rias, recusa ou negativa de visto pelo pa\u00eds de destino, div\u00f3rcio ocorrido ap\u00f3s a compra do pacote de viagem, entre outros. Nesses casos, a cobertura de cancelamento garante o reembolso total do valor pago, incluindo despesas com passagem e hospedagem.<\/p>\n<p>Segundo Anna Angotti, gerente de vendas de seguros de vida individual e de viagem da Omint, o ideal \u00e9 que o passageiro contrate o seguro junto com a compra das passagens e da hospedagem. Em caso de imprevisto, recomenda-se comunicar a seguradora assim que souber da necessidade do cancelamento e apresentar a documenta\u00e7\u00e3o que comprove o motivo.<\/p>\n<p>A especialista destaca que o Omint Seguro Viagem oferece cobertura para at\u00e9 17 motivos, os quais podem ser contratados conforme o perfil da viagem e do viajante. &#8220;O seguro n\u00e3o se limita a quest\u00f5es de sa\u00fade, e a cobertura para cancelamento de viagem \u00e9 um \u00f3timo exemplo disso, pois poucos conhecem esse benef\u00edcio&#8221;, comenta Anna.<\/p>\n<h4 class=\"v1ql-align-justify\"><strong>Prote\u00e7\u00e3o em casos de perda de bagagem<\/strong><\/h4>\n<p>Quando o imprevisto envolve a perda de bagagem, a dor de cabe\u00e7a para os viajantes pode ser ainda maior, uma vez que muitos j\u00e1 est\u00e3o no destino e necessitam de seus pertences. Essa situa\u00e7\u00e3o n\u00e3o \u00e9 rara. Somente em 2024, cerca de 33,4 milh\u00f5es de malas foram extraviadas em todo o mundo, segundo dados da SITA, empresa especializada em tecnologia para o setor a\u00e9reo.<\/p>\n<p>Ao perceber que a mala n\u00e3o chegou, o primeiro passo do passageiro deve ser procurar o balc\u00e3o da companhia a\u00e9rea e preencher o Registro de Irregularidade de Bagagem (RIB), documento que formaliza a ocorr\u00eancia. Entretanto, a assist\u00eancia oferecida pelas companhias nem sempre cobre todos os preju\u00edzos causados pela perda.<\/p>\n<p>\u00c9 justamente nesse momento que o seguro viagem oferece suporte adicional ao segurado, garantindo respaldo financeiro em casos como atraso na localiza\u00e7\u00e3o das malas. \u00c9 importante lembrar que o extravio s\u00f3 \u00e9 oficialmente reconhecido ap\u00f3s a confirma\u00e7\u00e3o da companhia a\u00e9rea.<\/p>\n<p>&#8220;Al\u00e9m da perda total da bagagem, o seguro cobre danos, furto e protege o viajante mesmo em situa\u00e7\u00f5es de viola\u00e7\u00e3o da mala ou subtra\u00e7\u00e3o de itens. Tamb\u00e9m h\u00e1 uma cobertura espec\u00edfica para demora na devolu\u00e7\u00e3o da bagagem, que garante um pagamento emergencial ap\u00f3s as primeiras 24h, destinado a custear necessidades b\u00e1sicas como itens de higiene pessoal e vestu\u00e1rio&#8221;, destaca Anna.<\/p>\n<p>Mais do que uma exig\u00eancia em alguns destinos internacionais, o Omint Seguro Viagem \u00e9 uma escolha estrat\u00e9gica que oferece prote\u00e7\u00e3o financeira e emocional, com atendimento em portugu\u00eas 24 horas por dia, 7 dias por semana, e cobertura nos cinco continentes, seja para viagens de lazer ou a neg\u00f3cios.<\/p>\n<p><strong>Tamer<\/strong><\/p>\n","protected":false},"excerpt":{"rendered":"<p>Perda de bagagem ou cancelamento de viagem, que exigem mudan\u00e7as nos planos, podem causar transtornos e preju\u00edzos financeiros significativos. Nesse contexto, o seguro viagem se destaca como uma das principais formas de prote\u00e7\u00e3o, oferecendo cobertura para extravio, dano ou furto de malas, al\u00e9m de reembolso por despesas relacionadas a cancelamentos. Entre as situa\u00e7\u00f5es que podem [&hellip;]<\/p>\n","protected":false},"author":2,"featured_media":69188,"comment_status":"open","ping_status":"open","sticky":false,"template":"","format":"standard","meta":[],"categories":[10435],"tags":[5432,14644,2845,14643,3825,811],"jetpack_featured_media_url":"https:\/\/insurancecorp.com.br\/pt\/wp-content\/uploads\/2025\/07\/Untitled-1-2-e1751916502608.png","yoast_head":"<!-- This site is optimized with the Yoast SEO plugin v14.8 - https:\/\/yoast.com\/wordpress\/plugins\/seo\/ -->\n<title>Coberturas em seguro viagem protegem contra preju\u00edzos | Revista Insurance Corp | PT-BR<\/title>\n<meta name=\"robots\" content=\"index, follow\" \/>\n<meta name=\"googlebot\" content=\"index, follow, max-snippet:-1, max-image-preview:large, max-video-preview:-1\" \/>\n<meta name=\"bingbot\" content=\"index, follow, max-snippet:-1, max-image-preview:large, max-video-preview:-1\" \/>\n<link rel=\"canonical\" href=\"https:\/\/insurancecorp.com.br\/pt\/2025\/07\/07\/coberturas-em-seguro-viagem-protegem-contra-prejuizos\/\" \/>\n<meta property=\"og:locale\" content=\"pt_BR\" \/>\n<meta property=\"og:type\" content=\"article\" \/>\n<meta property=\"og:title\" content=\"Coberturas em seguro viagem protegem contra preju\u00edzos | Revista Insurance Corp | PT-BR\" \/>\n<meta property=\"og:description\" content=\"Perda de bagagem ou cancelamento de viagem, que exigem mudan\u00e7as nos planos, podem causar transtornos e preju\u00edzos financeiros significativos. Nesse contexto, o seguro viagem se destaca como uma das principais formas de prote\u00e7\u00e3o, oferecendo cobertura para extravio, dano ou furto de malas, al\u00e9m de reembolso por despesas relacionadas a cancelamentos. Entre as situa\u00e7\u00f5es que podem [&hellip;]\" \/>\n<meta property=\"og:url\" content=\"https:\/\/insurancecorp.com.br\/pt\/2025\/07\/07\/coberturas-em-seguro-viagem-protegem-contra-prejuizos\/\" \/>\n<meta property=\"og:site_name\" content=\"Revista Insurance Corp | PT-BR\" \/>\n<meta property=\"article:publisher\" content=\"https:\/\/www.facebook.com\/RevistaInsuranceCorp\/\" \/>\n<meta property=\"article:published_time\" content=\"2025-07-07T19:28:59+00:00\" \/>\n<meta property=\"og:image\" content=\"https:\/\/insurancecorp.com.br\/pt\/wp-content\/uploads\/2025\/07\/Untitled-1-2-e1751916502608.png\" \/>\n\t<meta property=\"og:image:width\" content=\"1230\" \/>\n\t<meta property=\"og:image:height\" content=\"424\" \/>\n<meta name=\"twitter:card\" content=\"summary\" \/>\n<script type=\"application\/ld+json\" class=\"yoast-schema-graph\">{\"@context\":\"https:\/\/schema.org\",\"@graph\":[{\"@type\":\"Organization\",\"@id\":\"https:\/\/insurancecorp.com.br\/pt\/#organization\",\"name\":\"Revista Insurance Corp\",\"url\":\"https:\/\/insurancecorp.com.br\/pt\/\",\"sameAs\":[\"https:\/\/www.facebook.com\/RevistaInsuranceCorp\/\"],\"logo\":{\"@type\":\"ImageObject\",\"@id\":\"https:\/\/insurancecorp.com.br\/pt\/#logo\",\"inLanguage\":\"pt-BR\",\"url\":\"\",\"caption\":\"Revista Insurance Corp\"},\"image\":{\"@id\":\"https:\/\/insurancecorp.com.br\/pt\/#logo\"}},{\"@type\":\"WebSite\",\"@id\":\"https:\/\/insurancecorp.com.br\/pt\/#website\",\"url\":\"https:\/\/insurancecorp.com.br\/pt\/\",\"name\":\"Revista Insurance Corp | PT-BR\",\"description\":\"A \\u00fanica revista bil\\u00edngue voltada ao mercado de seguro.\",\"publisher\":{\"@id\":\"https:\/\/insurancecorp.com.br\/pt\/#organization\"},\"potentialAction\":[{\"@type\":\"SearchAction\",\"target\":\"https:\/\/insurancecorp.com.br\/pt\/?s={search_term_string}\",\"query-input\":\"required name=search_term_string\"}],\"inLanguage\":\"pt-BR\"},{\"@type\":\"ImageObject\",\"@id\":\"https:\/\/insurancecorp.com.br\/pt\/2025\/07\/07\/coberturas-em-seguro-viagem-protegem-contra-prejuizos\/#primaryimage\",\"inLanguage\":\"pt-BR\",\"url\":\"https:\/\/insurancecorp.com.br\/pt\/wp-content\/uploads\/2025\/07\/Untitled-1-2-e1751916502608.png\",\"width\":1230,\"height\":424},{\"@type\":\"WebPage\",\"@id\":\"https:\/\/insurancecorp.com.br\/pt\/2025\/07\/07\/coberturas-em-seguro-viagem-protegem-contra-prejuizos\/#webpage\",\"url\":\"https:\/\/insurancecorp.com.br\/pt\/2025\/07\/07\/coberturas-em-seguro-viagem-protegem-contra-prejuizos\/\",\"name\":\"Coberturas em seguro viagem protegem contra preju\\u00edzos | Revista Insurance Corp | PT-BR\",\"isPartOf\":{\"@id\":\"https:\/\/insurancecorp.com.br\/pt\/#website\"},\"primaryImageOfPage\":{\"@id\":\"https:\/\/insurancecorp.com.br\/pt\/2025\/07\/07\/coberturas-em-seguro-viagem-protegem-contra-prejuizos\/#primaryimage\"},\"datePublished\":\"2025-07-07T19:28:59+00:00\",\"dateModified\":\"2025-07-07T19:28:59+00:00\",\"inLanguage\":\"pt-BR\",\"potentialAction\":[{\"@type\":\"ReadAction\",\"target\":[\"https:\/\/insurancecorp.com.br\/pt\/2025\/07\/07\/coberturas-em-seguro-viagem-protegem-contra-prejuizos\/\"]}]},{\"@type\":\"Article\",\"@id\":\"https:\/\/insurancecorp.com.br\/pt\/2025\/07\/07\/coberturas-em-seguro-viagem-protegem-contra-prejuizos\/#article\",\"isPartOf\":{\"@id\":\"https:\/\/insurancecorp.com.br\/pt\/2025\/07\/07\/coberturas-em-seguro-viagem-protegem-contra-prejuizos\/#webpage\"},\"author\":{\"@id\":\"https:\/\/insurancecorp.com.br\/pt\/#\/schema\/person\/1b69c8cf325f0b7167f1b171f52df4af\"},\"headline\":\"Coberturas em seguro viagem protegem contra preju\\u00edzos\",\"datePublished\":\"2025-07-07T19:28:59+00:00\",\"dateModified\":\"2025-07-07T19:28:59+00:00\",\"mainEntityOfPage\":{\"@id\":\"https:\/\/insurancecorp.com.br\/pt\/2025\/07\/07\/coberturas-em-seguro-viagem-protegem-contra-prejuizos\/#webpage\"},\"commentCount\":0,\"publisher\":{\"@id\":\"https:\/\/insurancecorp.com.br\/pt\/#organization\"},\"image\":{\"@id\":\"https:\/\/insurancecorp.com.br\/pt\/2025\/07\/07\/coberturas-em-seguro-viagem-protegem-contra-prejuizos\/#primaryimage\"},\"keywords\":\"coberturas,contra,preju\\u00edzos,protegem,seguro,viagem\",\"articleSection\":\"Omint Seguros\",\"inLanguage\":\"pt-BR\",\"potentialAction\":[{\"@type\":\"CommentAction\",\"name\":\"Comment\",\"target\":[\"https:\/\/insurancecorp.com.br\/pt\/2025\/07\/07\/coberturas-em-seguro-viagem-protegem-contra-prejuizos\/#respond\"]}]},{\"@type\":\"Person\",\"@id\":\"https:\/\/insurancecorp.com.br\/pt\/#\/schema\/person\/1b69c8cf325f0b7167f1b171f52df4af\",\"name\":\"Publica\\u00e7\\u00e3o\",\"image\":{\"@type\":\"ImageObject\",\"@id\":\"https:\/\/insurancecorp.com.br\/pt\/#personlogo\",\"inLanguage\":\"pt-BR\",\"url\":\"https:\/\/secure.gravatar.com\/avatar\/17226f1f60486eb25d4c6b301ffed37f?s=96&d=mm&r=g\",\"caption\":\"Publica\\u00e7\\u00e3o\"}}]}<\/script>\n<!-- \/ Yoast SEO plugin. -->","_links":{"self":[{"href":"https:\/\/insurancecorp.com.br\/pt\/wp-json\/wp\/v2\/posts\/69187"}],"collection":[{"href":"https:\/\/insurancecorp.com.br\/pt\/wp-json\/wp\/v2\/posts"}],"about":[{"href":"https:\/\/insurancecorp.com.br\/pt\/wp-json\/wp\/v2\/types\/post"}],"author":[{"embeddable":true,"href":"https:\/\/insurancecorp.com.br\/pt\/wp-json\/wp\/v2\/users\/2"}],"replies":[{"embeddable":true,"href":"https:\/\/insurancecorp.com.br\/pt\/wp-json\/wp\/v2\/comments?post=69187"}],"version-history":[{"count":2,"href":"https:\/\/insurancecorp.com.br\/pt\/wp-json\/wp\/v2\/posts\/69187\/revisions"}],"predecessor-version":[{"id":69190,"href":"https:\/\/insurancecorp.com.br\/pt\/wp-json\/wp\/v2\/posts\/69187\/revisions\/69190"}],"wp:featuredmedia":[{"embeddable":true,"href":"https:\/\/insurancecorp.com.br\/pt\/wp-json\/wp\/v2\/media\/69188"}],"wp:attachment":[{"href":"https:\/\/insurancecorp.com.br\/pt\/wp-json\/wp\/v2\/media?parent=69187"}],"wp:term":[{"taxonomy":"category","embeddable":true,"href":"https:\/\/insurancecorp.com.br\/pt\/wp-json\/wp\/v2\/categories?post=69187"},{"taxonomy":"post_tag","embeddable":true,"href":"https:\/\/insurancecorp.com.br\/pt\/wp-json\/wp\/v2\/tags?post=69187"}],"curies":[{"name":"wp","href":"https:\/\/api.w.org\/{rel}","templated":true}]}}