{"id":6095,"date":"2019-03-05T11:11:25","date_gmt":"2019-03-05T14:11:25","guid":{"rendered":"https:\/\/insurancecorp.com.br\/pt\/?p=6095"},"modified":"2019-03-05T11:11:25","modified_gmt":"2019-03-05T14:11:25","slug":"solange-paiva-vieira-e-nomeada-superintendente-da-susep","status":"publish","type":"post","link":"https:\/\/insurancecorp.com.br\/pt\/2019\/03\/05\/solange-paiva-vieira-e-nomeada-superintendente-da-susep\/","title":{"rendered":"Solange Paiva Vieira \u00e9 nomeada Superintendente da Susep"},"content":{"rendered":"<p>Em 26 de fevereiro, Solange Paiva Vieira, assume a Superintend\u00eancia de Seguros Privados (SUSEP), designada pelo Ministro da Economia Paulo Guedes.<\/p>\n<p>Bacharel em Economia pela Universidade Federal de Juiz de Fora, p\u00f3s-graduada em Ci\u00eancias Cont\u00e1beis e Mestre em Economia pela Funda\u00e7\u00e3o Get\u00falio Vargas, teve como orientador o ex-presidente Fernando Henrique Cardoso. Foi professora de Economia na Pontif\u00edcia Universidade Cat\u00f3lica e tamb\u00e9m na Universidade Candido Mendes, ambas no Rio de Janeiro. <\/p>\n<p>Em 1993 ingressou no Banco Nacional de Desenvolvimento Econ\u00f4mico e Social (BNDES) e atuou no Minist\u00e9rio da Previd\u00eancia. Foi tamb\u00e9m, titular da Previc (Secretaria de Previd\u00eancia Complementar) e assumiu o comando da Ag\u00eancia Nacional de Avia\u00e7\u00e3o Civil (ANAC). <\/p>\n<p><strong>Reda\u00e7\u00e3o Revista IC<br \/>\n(MS)<br \/>\n<\/strong><\/p>\n","protected":false},"excerpt":{"rendered":"<p>Em 26 de fevereiro, Solange Paiva Vieira, assume a Superintend\u00eancia de Seguros Privados (SUSEP), designada pelo Ministro da Economia Paulo Guedes. Bacharel em Economia pela Universidade Federal de Juiz de Fora, p\u00f3s-graduada em Ci\u00eancias Cont\u00e1beis e Mestre em Economia pela Funda\u00e7\u00e3o Get\u00falio Vargas, teve como orientador o ex-presidente Fernando Henrique Cardoso. Foi professora de Economia [&hellip;]<\/p>\n","protected":false},"author":2,"featured_media":6096,"comment_status":"open","ping_status":"open","sticky":false,"template":"","format":"standard","meta":[],"categories":[74],"tags":[],"jetpack_featured_media_url":"https:\/\/insurancecorp.com.br\/pt\/wp-content\/uploads\/2019\/03\/Cardoso-1.jpg","yoast_head":"<!-- This site is optimized with the Yoast SEO plugin v14.8 - https:\/\/yoast.com\/wordpress\/plugins\/seo\/ -->\n<title>Solange Paiva Vieira \u00e9 nomeada Superintendente da Susep | Revista Insurance Corp | PT-BR<\/title>\n<meta name=\"robots\" content=\"index, follow\" \/>\n<meta name=\"googlebot\" content=\"index, follow, max-snippet:-1, max-image-preview:large, max-video-preview:-1\" \/>\n<meta name=\"bingbot\" content=\"index, follow, max-snippet:-1, max-image-preview:large, max-video-preview:-1\" \/>\n<link rel=\"canonical\" href=\"https:\/\/insurancecorp.com.br\/pt\/2019\/03\/05\/solange-paiva-vieira-e-nomeada-superintendente-da-susep\/\" \/>\n<meta property=\"og:locale\" content=\"pt_BR\" \/>\n<meta property=\"og:type\" content=\"article\" \/>\n<meta property=\"og:title\" content=\"Solange Paiva Vieira \u00e9 nomeada Superintendente da Susep | Revista Insurance Corp | PT-BR\" \/>\n<meta property=\"og:description\" content=\"Em 26 de fevereiro, Solange Paiva Vieira, assume a Superintend\u00eancia de Seguros Privados (SUSEP), designada pelo Ministro da Economia Paulo Guedes. Bacharel em Economia pela Universidade Federal de Juiz de Fora, p\u00f3s-graduada em Ci\u00eancias Cont\u00e1beis e Mestre em Economia pela Funda\u00e7\u00e3o Get\u00falio Vargas, teve como orientador o ex-presidente Fernando Henrique Cardoso. Foi professora de Economia [&hellip;]\" \/>\n<meta property=\"og:url\" content=\"https:\/\/insurancecorp.com.br\/pt\/2019\/03\/05\/solange-paiva-vieira-e-nomeada-superintendente-da-susep\/\" \/>\n<meta property=\"og:site_name\" content=\"Revista Insurance Corp | PT-BR\" \/>\n<meta property=\"article:publisher\" content=\"https:\/\/www.facebook.com\/RevistaInsuranceCorp\/\" \/>\n<meta property=\"article:published_time\" content=\"2019-03-05T14:11:25+00:00\" \/>\n<meta property=\"og:image\" content=\"https:\/\/insurancecorp.com.br\/pt\/wp-content\/uploads\/2019\/03\/Cardoso-1.jpg\" \/>\n\t<meta property=\"og:image:width\" content=\"480\" \/>\n\t<meta property=\"og:image:height\" content=\"360\" \/>\n<meta name=\"twitter:card\" content=\"summary\" \/>\n<script type=\"application\/ld+json\" class=\"yoast-schema-graph\">{\"@context\":\"https:\/\/schema.org\",\"@graph\":[{\"@type\":\"Organization\",\"@id\":\"https:\/\/insurancecorp.com.br\/pt\/#organization\",\"name\":\"Revista Insurance Corp\",\"url\":\"https:\/\/insurancecorp.com.br\/pt\/\",\"sameAs\":[\"https:\/\/www.facebook.com\/RevistaInsuranceCorp\/\"],\"logo\":{\"@type\":\"ImageObject\",\"@id\":\"https:\/\/insurancecorp.com.br\/pt\/#logo\",\"inLanguage\":\"pt-BR\",\"url\":\"\",\"caption\":\"Revista Insurance Corp\"},\"image\":{\"@id\":\"https:\/\/insurancecorp.com.br\/pt\/#logo\"}},{\"@type\":\"WebSite\",\"@id\":\"https:\/\/insurancecorp.com.br\/pt\/#website\",\"url\":\"https:\/\/insurancecorp.com.br\/pt\/\",\"name\":\"Revista Insurance Corp | PT-BR\",\"description\":\"A \\u00fanica revista bil\\u00edngue voltada ao mercado de seguro.\",\"publisher\":{\"@id\":\"https:\/\/insurancecorp.com.br\/pt\/#organization\"},\"potentialAction\":[{\"@type\":\"SearchAction\",\"target\":\"https:\/\/insurancecorp.com.br\/pt\/?s={search_term_string}\",\"query-input\":\"required name=search_term_string\"}],\"inLanguage\":\"pt-BR\"},{\"@type\":\"ImageObject\",\"@id\":\"https:\/\/insurancecorp.com.br\/pt\/2019\/03\/05\/solange-paiva-vieira-e-nomeada-superintendente-da-susep\/#primaryimage\",\"inLanguage\":\"pt-BR\",\"url\":\"https:\/\/insurancecorp.com.br\/pt\/wp-content\/uploads\/2019\/03\/Cardoso-1.jpg\",\"width\":480,\"height\":360},{\"@type\":\"WebPage\",\"@id\":\"https:\/\/insurancecorp.com.br\/pt\/2019\/03\/05\/solange-paiva-vieira-e-nomeada-superintendente-da-susep\/#webpage\",\"url\":\"https:\/\/insurancecorp.com.br\/pt\/2019\/03\/05\/solange-paiva-vieira-e-nomeada-superintendente-da-susep\/\",\"name\":\"Solange Paiva Vieira \\u00e9 nomeada Superintendente da Susep | Revista Insurance Corp | PT-BR\",\"isPartOf\":{\"@id\":\"https:\/\/insurancecorp.com.br\/pt\/#website\"},\"primaryImageOfPage\":{\"@id\":\"https:\/\/insurancecorp.com.br\/pt\/2019\/03\/05\/solange-paiva-vieira-e-nomeada-superintendente-da-susep\/#primaryimage\"},\"datePublished\":\"2019-03-05T14:11:25+00:00\",\"dateModified\":\"2019-03-05T14:11:25+00:00\",\"inLanguage\":\"pt-BR\",\"potentialAction\":[{\"@type\":\"ReadAction\",\"target\":[\"https:\/\/insurancecorp.com.br\/pt\/2019\/03\/05\/solange-paiva-vieira-e-nomeada-superintendente-da-susep\/\"]}]},{\"@type\":\"Article\",\"@id\":\"https:\/\/insurancecorp.com.br\/pt\/2019\/03\/05\/solange-paiva-vieira-e-nomeada-superintendente-da-susep\/#article\",\"isPartOf\":{\"@id\":\"https:\/\/insurancecorp.com.br\/pt\/2019\/03\/05\/solange-paiva-vieira-e-nomeada-superintendente-da-susep\/#webpage\"},\"author\":{\"@id\":\"https:\/\/insurancecorp.com.br\/pt\/#\/schema\/person\/1b69c8cf325f0b7167f1b171f52df4af\"},\"headline\":\"Solange Paiva Vieira \\u00e9 nomeada Superintendente da Susep\",\"datePublished\":\"2019-03-05T14:11:25+00:00\",\"dateModified\":\"2019-03-05T14:11:25+00:00\",\"mainEntityOfPage\":{\"@id\":\"https:\/\/insurancecorp.com.br\/pt\/2019\/03\/05\/solange-paiva-vieira-e-nomeada-superintendente-da-susep\/#webpage\"},\"commentCount\":0,\"publisher\":{\"@id\":\"https:\/\/insurancecorp.com.br\/pt\/#organization\"},\"image\":{\"@id\":\"https:\/\/insurancecorp.com.br\/pt\/2019\/03\/05\/solange-paiva-vieira-e-nomeada-superintendente-da-susep\/#primaryimage\"},\"articleSection\":\"Susep\",\"inLanguage\":\"pt-BR\",\"potentialAction\":[{\"@type\":\"CommentAction\",\"name\":\"Comment\",\"target\":[\"https:\/\/insurancecorp.com.br\/pt\/2019\/03\/05\/solange-paiva-vieira-e-nomeada-superintendente-da-susep\/#respond\"]}]},{\"@type\":\"Person\",\"@id\":\"https:\/\/insurancecorp.com.br\/pt\/#\/schema\/person\/1b69c8cf325f0b7167f1b171f52df4af\",\"name\":\"Publica\\u00e7\\u00e3o\",\"image\":{\"@type\":\"ImageObject\",\"@id\":\"https:\/\/insurancecorp.com.br\/pt\/#personlogo\",\"inLanguage\":\"pt-BR\",\"url\":\"https:\/\/secure.gravatar.com\/avatar\/17226f1f60486eb25d4c6b301ffed37f?s=96&d=mm&r=g\",\"caption\":\"Publica\\u00e7\\u00e3o\"}}]}<\/script>\n<!-- \/ Yoast SEO plugin. -->","_links":{"self":[{"href":"https:\/\/insurancecorp.com.br\/pt\/wp-json\/wp\/v2\/posts\/6095"}],"collection":[{"href":"https:\/\/insurancecorp.com.br\/pt\/wp-json\/wp\/v2\/posts"}],"about":[{"href":"https:\/\/insurancecorp.com.br\/pt\/wp-json\/wp\/v2\/types\/post"}],"author":[{"embeddable":true,"href":"https:\/\/insurancecorp.com.br\/pt\/wp-json\/wp\/v2\/users\/2"}],"replies":[{"embeddable":true,"href":"https:\/\/insurancecorp.com.br\/pt\/wp-json\/wp\/v2\/comments?post=6095"}],"version-history":[{"count":2,"href":"https:\/\/insurancecorp.com.br\/pt\/wp-json\/wp\/v2\/posts\/6095\/revisions"}],"predecessor-version":[{"id":6098,"href":"https:\/\/insurancecorp.com.br\/pt\/wp-json\/wp\/v2\/posts\/6095\/revisions\/6098"}],"wp:featuredmedia":[{"embeddable":true,"href":"https:\/\/insurancecorp.com.br\/pt\/wp-json\/wp\/v2\/media\/6096"}],"wp:attachment":[{"href":"https:\/\/insurancecorp.com.br\/pt\/wp-json\/wp\/v2\/media?parent=6095"}],"wp:term":[{"taxonomy":"category","embeddable":true,"href":"https:\/\/insurancecorp.com.br\/pt\/wp-json\/wp\/v2\/categories?post=6095"},{"taxonomy":"post_tag","embeddable":true,"href":"https:\/\/insurancecorp.com.br\/pt\/wp-json\/wp\/v2\/tags?post=6095"}],"curies":[{"name":"wp","href":"https:\/\/api.w.org\/{rel}","templated":true}]}}