{"id":5916,"date":"2019-02-22T11:46:00","date_gmt":"2019-02-22T14:46:00","guid":{"rendered":"https:\/\/insurancecorp.com.br\/pt\/?p=5916"},"modified":"2019-02-22T11:46:00","modified_gmt":"2019-02-22T14:46:00","slug":"tarcisio-godoy-inicia-aproximacao-com-o-mercado","status":"publish","type":"post","link":"https:\/\/insurancecorp.com.br\/pt\/2019\/02\/22\/tarcisio-godoy-inicia-aproximacao-com-o-mercado\/","title":{"rendered":"Tarc\u00edsio Godoy inicia aproxima\u00e7\u00e3o com o mercado"},"content":{"rendered":"<p>Na semana passada, o novo diretor geral da Escola Nacional de Seguros, Tarc\u00edsio Godoy, iniciou um programa de visitas \u00e0s Unidades da Institui\u00e7\u00e3o em todo o Pa\u00eds. Al\u00e9m da Matriz, sediada no Rio de Janeiro (RJ), a Escola mant\u00e9m representa\u00e7\u00e3o em outras nove cidades.<\/p>\n<p>As primeiras Unidades visitadas foram as do Distrito Federal, de Goi\u00e1s e de S\u00e3o Paulo, localizadas nas respectivas capitais. Al\u00e9m de conhecer as estruturas e equipes da Escola, o executivo aproveitou para estreitar rela\u00e7\u00f5es com as principais entidades do setor.<\/p>\n<p>Godoy esteve reunido com presidentes e representantes dos Sincors e dos Sindsegs, e avaliou positivamente os encontros. \u201cNesse momento, nosso principal objetivo \u00e9 identificar, junto aos agentes de mercado, as reais demandas em rela\u00e7\u00e3o \u00e0 capacita\u00e7\u00e3o dos profissionais de seguros\u201d, declarou.<\/p>\n<p>O diretor geral antecipou que, aos poucos, ir\u00e1 aprimorar a atua\u00e7\u00e3o comercial da Escola de acordo com o retorno obtido nos encontros. \u201cEsse contato presencial com os diversos segmentos da ind\u00fastria ser\u00e1 essencial para balizar as nossas diretrizes\u201d, avaliou.<\/p>\n<p>Mercados estrat\u00e9gicos<\/p>\n<p>As tr\u00eas localidades visitadas concentram mercados de import\u00e2ncia estrat\u00e9gica para a Escola. S\u00e3o Paulo se destaca por ser o maior centro de neg\u00f3cios do Pa\u00eds, respondendo por cerca de 50% de tudo o que \u00e9 gerado pela ind\u00fastria nacional de seguros.<\/p>\n<p>Distrito Federal e Goi\u00e1s tamb\u00e9m possuem grande relev\u00e2ncia por abrigarem, respectivamente, a capital do Brasil e um mercado com grande potencial de explora\u00e7\u00e3o pelos profissionais do setor, j\u00e1 que \u00e9 um dos maiores produtores agropecu\u00e1rios do Pa\u00eds.<\/p>\n<p>A Escola tem abrang\u00eancia nacional e queremos fortalecer essa participa\u00e7\u00e3o. O Brasil \u00e9 um pa\u00eds com in\u00fameras oportunidades e precisamos olhar tamb\u00e9m para aquelas que n\u00e3o est\u00e3o no eixo Rio-S\u00e3o Paulo\u201d, finalizou.<\/p>\n<p> <strong>Coordenadoria de Comunica\u00e7\u00e3o Social<\/strong><\/p>\n","protected":false},"excerpt":{"rendered":"<p>Na semana passada, o novo diretor geral da Escola Nacional de Seguros, Tarc\u00edsio Godoy, iniciou um programa de visitas \u00e0s Unidades da Institui\u00e7\u00e3o em todo o Pa\u00eds. Al\u00e9m da Matriz, sediada no Rio de Janeiro (RJ), a Escola mant\u00e9m representa\u00e7\u00e3o em outras nove cidades. As primeiras Unidades visitadas foram as do Distrito Federal, de Goi\u00e1s [&hellip;]<\/p>\n","protected":false},"author":2,"featured_media":5917,"comment_status":"open","ping_status":"open","sticky":false,"template":"","format":"standard","meta":[],"categories":[118],"tags":[],"jetpack_featured_media_url":"https:\/\/insurancecorp.com.br\/pt\/wp-content\/uploads\/2019\/02\/Cardoso-54.jpg","yoast_head":"<!-- This site is optimized with the Yoast SEO plugin v14.8 - https:\/\/yoast.com\/wordpress\/plugins\/seo\/ -->\n<title>Tarc\u00edsio Godoy inicia aproxima\u00e7\u00e3o com o mercado | Revista Insurance Corp | PT-BR<\/title>\n<meta name=\"robots\" content=\"index, follow\" \/>\n<meta name=\"googlebot\" content=\"index, follow, max-snippet:-1, max-image-preview:large, max-video-preview:-1\" \/>\n<meta name=\"bingbot\" content=\"index, follow, max-snippet:-1, max-image-preview:large, max-video-preview:-1\" \/>\n<link rel=\"canonical\" href=\"https:\/\/insurancecorp.com.br\/pt\/2019\/02\/22\/tarcisio-godoy-inicia-aproximacao-com-o-mercado\/\" \/>\n<meta property=\"og:locale\" content=\"pt_BR\" \/>\n<meta property=\"og:type\" content=\"article\" \/>\n<meta property=\"og:title\" content=\"Tarc\u00edsio Godoy inicia aproxima\u00e7\u00e3o com o mercado | Revista Insurance Corp | PT-BR\" \/>\n<meta property=\"og:description\" content=\"Na semana passada, o novo diretor geral da Escola Nacional de Seguros, Tarc\u00edsio Godoy, iniciou um programa de visitas \u00e0s Unidades da Institui\u00e7\u00e3o em todo o Pa\u00eds. Al\u00e9m da Matriz, sediada no Rio de Janeiro (RJ), a Escola mant\u00e9m representa\u00e7\u00e3o em outras nove cidades. As primeiras Unidades visitadas foram as do Distrito Federal, de Goi\u00e1s [&hellip;]\" \/>\n<meta property=\"og:url\" content=\"https:\/\/insurancecorp.com.br\/pt\/2019\/02\/22\/tarcisio-godoy-inicia-aproximacao-com-o-mercado\/\" \/>\n<meta property=\"og:site_name\" content=\"Revista Insurance Corp | PT-BR\" \/>\n<meta property=\"article:publisher\" content=\"https:\/\/www.facebook.com\/RevistaInsuranceCorp\/\" \/>\n<meta property=\"article:published_time\" content=\"2019-02-22T14:46:00+00:00\" \/>\n<meta property=\"og:image\" content=\"https:\/\/insurancecorp.com.br\/pt\/wp-content\/uploads\/2019\/02\/Cardoso-54.jpg\" \/>\n\t<meta property=\"og:image:width\" content=\"700\" \/>\n\t<meta property=\"og:image:height\" content=\"469\" \/>\n<meta name=\"twitter:card\" content=\"summary\" \/>\n<script type=\"application\/ld+json\" class=\"yoast-schema-graph\">{\"@context\":\"https:\/\/schema.org\",\"@graph\":[{\"@type\":\"Organization\",\"@id\":\"https:\/\/insurancecorp.com.br\/pt\/#organization\",\"name\":\"Revista Insurance Corp\",\"url\":\"https:\/\/insurancecorp.com.br\/pt\/\",\"sameAs\":[\"https:\/\/www.facebook.com\/RevistaInsuranceCorp\/\"],\"logo\":{\"@type\":\"ImageObject\",\"@id\":\"https:\/\/insurancecorp.com.br\/pt\/#logo\",\"inLanguage\":\"pt-BR\",\"url\":\"\",\"caption\":\"Revista Insurance Corp\"},\"image\":{\"@id\":\"https:\/\/insurancecorp.com.br\/pt\/#logo\"}},{\"@type\":\"WebSite\",\"@id\":\"https:\/\/insurancecorp.com.br\/pt\/#website\",\"url\":\"https:\/\/insurancecorp.com.br\/pt\/\",\"name\":\"Revista Insurance Corp | PT-BR\",\"description\":\"A \\u00fanica revista bil\\u00edngue voltada ao mercado de seguro.\",\"publisher\":{\"@id\":\"https:\/\/insurancecorp.com.br\/pt\/#organization\"},\"potentialAction\":[{\"@type\":\"SearchAction\",\"target\":\"https:\/\/insurancecorp.com.br\/pt\/?s={search_term_string}\",\"query-input\":\"required name=search_term_string\"}],\"inLanguage\":\"pt-BR\"},{\"@type\":\"ImageObject\",\"@id\":\"https:\/\/insurancecorp.com.br\/pt\/2019\/02\/22\/tarcisio-godoy-inicia-aproximacao-com-o-mercado\/#primaryimage\",\"inLanguage\":\"pt-BR\",\"url\":\"https:\/\/insurancecorp.com.br\/pt\/wp-content\/uploads\/2019\/02\/Cardoso-54.jpg\",\"width\":700,\"height\":469},{\"@type\":\"WebPage\",\"@id\":\"https:\/\/insurancecorp.com.br\/pt\/2019\/02\/22\/tarcisio-godoy-inicia-aproximacao-com-o-mercado\/#webpage\",\"url\":\"https:\/\/insurancecorp.com.br\/pt\/2019\/02\/22\/tarcisio-godoy-inicia-aproximacao-com-o-mercado\/\",\"name\":\"Tarc\\u00edsio Godoy inicia aproxima\\u00e7\\u00e3o com o mercado | Revista Insurance Corp | PT-BR\",\"isPartOf\":{\"@id\":\"https:\/\/insurancecorp.com.br\/pt\/#website\"},\"primaryImageOfPage\":{\"@id\":\"https:\/\/insurancecorp.com.br\/pt\/2019\/02\/22\/tarcisio-godoy-inicia-aproximacao-com-o-mercado\/#primaryimage\"},\"datePublished\":\"2019-02-22T14:46:00+00:00\",\"dateModified\":\"2019-02-22T14:46:00+00:00\",\"inLanguage\":\"pt-BR\",\"potentialAction\":[{\"@type\":\"ReadAction\",\"target\":[\"https:\/\/insurancecorp.com.br\/pt\/2019\/02\/22\/tarcisio-godoy-inicia-aproximacao-com-o-mercado\/\"]}]},{\"@type\":\"Article\",\"@id\":\"https:\/\/insurancecorp.com.br\/pt\/2019\/02\/22\/tarcisio-godoy-inicia-aproximacao-com-o-mercado\/#article\",\"isPartOf\":{\"@id\":\"https:\/\/insurancecorp.com.br\/pt\/2019\/02\/22\/tarcisio-godoy-inicia-aproximacao-com-o-mercado\/#webpage\"},\"author\":{\"@id\":\"https:\/\/insurancecorp.com.br\/pt\/#\/schema\/person\/1b69c8cf325f0b7167f1b171f52df4af\"},\"headline\":\"Tarc\\u00edsio Godoy inicia aproxima\\u00e7\\u00e3o com o mercado\",\"datePublished\":\"2019-02-22T14:46:00+00:00\",\"dateModified\":\"2019-02-22T14:46:00+00:00\",\"mainEntityOfPage\":{\"@id\":\"https:\/\/insurancecorp.com.br\/pt\/2019\/02\/22\/tarcisio-godoy-inicia-aproximacao-com-o-mercado\/#webpage\"},\"commentCount\":0,\"publisher\":{\"@id\":\"https:\/\/insurancecorp.com.br\/pt\/#organization\"},\"image\":{\"@id\":\"https:\/\/insurancecorp.com.br\/pt\/2019\/02\/22\/tarcisio-godoy-inicia-aproximacao-com-o-mercado\/#primaryimage\"},\"articleSection\":\"Escola Nacional de Seguros\",\"inLanguage\":\"pt-BR\",\"potentialAction\":[{\"@type\":\"CommentAction\",\"name\":\"Comment\",\"target\":[\"https:\/\/insurancecorp.com.br\/pt\/2019\/02\/22\/tarcisio-godoy-inicia-aproximacao-com-o-mercado\/#respond\"]}]},{\"@type\":\"Person\",\"@id\":\"https:\/\/insurancecorp.com.br\/pt\/#\/schema\/person\/1b69c8cf325f0b7167f1b171f52df4af\",\"name\":\"Publica\\u00e7\\u00e3o\",\"image\":{\"@type\":\"ImageObject\",\"@id\":\"https:\/\/insurancecorp.com.br\/pt\/#personlogo\",\"inLanguage\":\"pt-BR\",\"url\":\"https:\/\/secure.gravatar.com\/avatar\/17226f1f60486eb25d4c6b301ffed37f?s=96&d=mm&r=g\",\"caption\":\"Publica\\u00e7\\u00e3o\"}}]}<\/script>\n<!-- \/ Yoast SEO plugin. -->","_links":{"self":[{"href":"https:\/\/insurancecorp.com.br\/pt\/wp-json\/wp\/v2\/posts\/5916"}],"collection":[{"href":"https:\/\/insurancecorp.com.br\/pt\/wp-json\/wp\/v2\/posts"}],"about":[{"href":"https:\/\/insurancecorp.com.br\/pt\/wp-json\/wp\/v2\/types\/post"}],"author":[{"embeddable":true,"href":"https:\/\/insurancecorp.com.br\/pt\/wp-json\/wp\/v2\/users\/2"}],"replies":[{"embeddable":true,"href":"https:\/\/insurancecorp.com.br\/pt\/wp-json\/wp\/v2\/comments?post=5916"}],"version-history":[{"count":1,"href":"https:\/\/insurancecorp.com.br\/pt\/wp-json\/wp\/v2\/posts\/5916\/revisions"}],"predecessor-version":[{"id":5918,"href":"https:\/\/insurancecorp.com.br\/pt\/wp-json\/wp\/v2\/posts\/5916\/revisions\/5918"}],"wp:featuredmedia":[{"embeddable":true,"href":"https:\/\/insurancecorp.com.br\/pt\/wp-json\/wp\/v2\/media\/5917"}],"wp:attachment":[{"href":"https:\/\/insurancecorp.com.br\/pt\/wp-json\/wp\/v2\/media?parent=5916"}],"wp:term":[{"taxonomy":"category","embeddable":true,"href":"https:\/\/insurancecorp.com.br\/pt\/wp-json\/wp\/v2\/categories?post=5916"},{"taxonomy":"post_tag","embeddable":true,"href":"https:\/\/insurancecorp.com.br\/pt\/wp-json\/wp\/v2\/tags?post=5916"}],"curies":[{"name":"wp","href":"https:\/\/api.w.org\/{rel}","templated":true}]}}