{"id":5660,"date":"2019-02-12T14:54:57","date_gmt":"2019-02-12T16:54:57","guid":{"rendered":"https:\/\/insurancecorp.com.br\/pt\/?p=5660"},"modified":"2019-02-12T14:54:57","modified_gmt":"2019-02-12T16:54:57","slug":"por-dentro-do-blog-cuidado-com-as-criancas-na-volta-as-aulas","status":"publish","type":"post","link":"https:\/\/insurancecorp.com.br\/pt\/2019\/02\/12\/por-dentro-do-blog-cuidado-com-as-criancas-na-volta-as-aulas\/","title":{"rendered":"Por dentro do blog: Cuidado com as crian\u00e7as na volta \u00e0s aulas"},"content":{"rendered":"<form id=\"aspnetForm\" action=\"\/Blog\/Paginas\/Postagem.aspx?IdPostagem=3049\" method=\"post\">\n<div id=\"s4-workspace\" class=\"s4-nosetwidth\">\n<div id=\"s4-bodyContainer\">\n<div data-name=\"ContentPlaceHolderMain\">\n<div class=\"content-wrap\">\n<div class=\"container\">\n<div class=\"row\">\n<div id=\"ctl00_PlaceHolderMain_ctl02__ControlWrapper_RichHtmlField\" class=\"ms-rtestate-field\" aria-labelledby=\"ctl00_PlaceHolderMain_ctl02_label\">\n<div class=\"ms-rtestate-read ms-rte-wpbox\">\n<div id=\"div_f890bf67-a831-43e1-8717-7a6dbc7526fb\" class=\"ms-rtestate-notify  ms-rtestate-read f890bf67-a831-43e1-8717-7a6dbc7526fb\">\n<div id=\"MSOZoneCell_WebPartctl00_ctl48_g_f890bf67_a831_43e1_8717_7a6dbc7526fb\" class=\"s4-wpcell-plain ms-webpartzone-cell ms-webpart-cell-vertical ms-fullWidth \">\n<div class=\"ms-webpart-chrome ms-webpart-chrome-vertical ms-webpart-chrome-fullWidth \">\n<div id=\"WebPartctl00_ctl48_g_f890bf67_a831_43e1_8717_7a6dbc7526fb\" class=\"ms-WPBody noindex \">\n<div id=\"ctl00_ctl48_g_f890bf67_a831_43e1_8717_7a6dbc7526fb\">\n<div id=\"postagem\">\n<div class=\"largura-coluna-principal\">\n<div class=\"ms-blog-postBody\">\n<div class=\"ms-rtestate-field\" dir=\"\">\n<div class=\"ExternalClassC86779E2362847538C158A9032F74C97\">\n<p>O per\u00edodo das f\u00e9rias escolares chegou ao fim e, ao contr\u00e1rio do que muitos pensam, esse tamb\u00e9m \u00e9 um per\u00edodo que exige bastante cuidado e aten\u00e7\u00e3o no tr\u00e2nsito. Al\u00e9m de te explicar o porqu\u00ea, vamos dar uma por\u00e7\u00e3o de dicas para esse momento. Ficou curioso para conferir? Ent\u00e3o, \u00e9 s\u00f3 continuar acompanhando o nosso post! \ud83d\ude09<\/p>\n<p><strong>Acidentes de tr\u00e2nsito s\u00e3o a principal causa de morte de crian\u00e7as e adolescentes no Brasil<\/strong><br \/>\nDe acordo com a ONG Crian\u00e7a Segura, atualmente, os acidentes de tr\u00e2nsito s\u00e3o a principal causa de morte de crian\u00e7as e adolescentes com idades de cinco a 14 anos no Brasil. Todos os anos, cerca de 3,7 mil crian\u00e7as dessa faixa et\u00e1ria morrem e outras 113 mil s\u00e3o hospitalizadas em consequ\u00eancia de acidentes de tr\u00e2nsito no pa\u00eds. E se a gente te contasse que, ainda de acordo com essa ONG, do total dessas mortes, 36% ocorreram quando as crian\u00e7as estavam na condi\u00e7\u00e3o de ocupantes de ve\u00edculo e 30% foram devido a atropelamentos? A ONG Crian\u00e7a Segura monitora regularmente os dados relacionados a acidentes com crian\u00e7as que acontecem no Brasil, usando a plataforma de dados do Minist\u00e9rio da Sa\u00fade, o Datasus.<\/p>\n<p><strong>Mas por que as crian\u00e7as e adolescentes est\u00e3o t\u00e3o vulner\u00e1veis?<\/strong><br \/>\nIsso acontece porque seus corpos s\u00e3o mais fr\u00e1geis e ainda est\u00e3o em desenvolvimento, galera. Devido a pequena estatura, por exemplo, elas n\u00e3o enxergam por cima de carros estacionados e tamb\u00e9m ficam escondidas do campo de vis\u00e3o dos motoristas. Al\u00e9m disso, o campo de vis\u00e3o dos pequenos \u00e9 mais estreito que o dos adultos e, por isso, muitas vezes eles n\u00e3o veem um carro se aproximando, sendo incapazes de avaliar corretamente a dist\u00e2ncia. Isso se torna muito mais relevante quando analisamos o per\u00edodo de volta \u00e0s aulas, onde, naturalmente, mais crian\u00e7as circulam pelas ruas, n\u00e3o \u00e9 mesmo?<\/p>\n<p><strong>O que fazer para mudar essa realidade, especialmente no per\u00edodo de volta \u00e0s aulas?<\/strong><br \/>\nA resposta \u00e9 simples: preven\u00e7\u00e3o. Por isso, para evitar situa\u00e7\u00f5es de perigo, \u00e9 preciso redobrar a aten\u00e7\u00e3o, diminuindo a velocidade ao se aproximar de escolas, respeitando as leis e a sinaliza\u00e7\u00e3o, al\u00e9m da prefer\u00eancia dos pedestres na faixa. A gente aproveita para refor\u00e7ar que o cuidado tamb\u00e9m deve partir dos pr\u00f3prios estudantes, viu? Atitudes simples, mas que fazem toda a diferen\u00e7a, como embarcar e desembarcar sempre pelo lado da cal\u00e7ada, n\u00e3o se distrair com o uso do celular nas ruas, atravessar as vias preferencialmente na faixa de pedestres e menores de 10 anos andarem sempre acompanhados de adultos s\u00e3o alguns dos exemplos.<\/p>\n<p>Ah, para os papais, volta \u00e0s aulas \u00e9 o momento de n\u00e3o deixar a gentileza de lado, viu? Que tal, na hora de deixar ou buscar o seu filho na porta da escola, parar o carro um pouco mais distante da entrada e ir a p\u00e9 para evitar a fila dupla e atrapalhar outros motoristas? Fica a dica!<\/p>\n<table width=\"0\">\n<tbody>\n<tr>\n<td width=\"355\">Fonte : Newsletter da Seguradora L\u00edder-DPVATL\u00edder Fevereiro\/2019.<\/td>\n<td><\/td>\n<\/tr>\n<\/tbody>\n<\/table>\n<\/div>\n<\/div>\n<\/div>\n<\/div>\n<\/div>\n<\/div>\n<\/div>\n<\/div>\n<\/div>\n<\/div>\n<\/div>\n<\/div>\n<\/div>\n<\/div>\n<\/div>\n<\/div>\n<\/div>\n<\/div>\n<\/form>\n","protected":false},"excerpt":{"rendered":"<p>O per\u00edodo das f\u00e9rias escolares chegou ao fim e, ao contr\u00e1rio do que muitos pensam, esse tamb\u00e9m \u00e9 um per\u00edodo que exige bastante cuidado e aten\u00e7\u00e3o no tr\u00e2nsito. Al\u00e9m de te explicar o porqu\u00ea, vamos dar uma por\u00e7\u00e3o de dicas para esse momento. Ficou curioso para conferir? Ent\u00e3o, \u00e9 s\u00f3 continuar acompanhando o nosso post! [&hellip;]<\/p>\n","protected":false},"author":2,"featured_media":5661,"comment_status":"open","ping_status":"open","sticky":false,"template":"","format":"standard","meta":[],"categories":[147],"tags":[],"jetpack_featured_media_url":"https:\/\/insurancecorp.com.br\/pt\/wp-content\/uploads\/2019\/02\/Argo-8.png","yoast_head":"<!-- This site is optimized with the Yoast SEO plugin v14.8 - https:\/\/yoast.com\/wordpress\/plugins\/seo\/ -->\n<title>Por dentro do blog: Cuidado com as crian\u00e7as na volta \u00e0s aulas | Revista Insurance Corp | PT-BR<\/title>\n<meta name=\"robots\" content=\"index, follow\" \/>\n<meta name=\"googlebot\" content=\"index, follow, max-snippet:-1, max-image-preview:large, max-video-preview:-1\" \/>\n<meta name=\"bingbot\" content=\"index, follow, max-snippet:-1, max-image-preview:large, max-video-preview:-1\" \/>\n<link rel=\"canonical\" href=\"https:\/\/insurancecorp.com.br\/pt\/2019\/02\/12\/por-dentro-do-blog-cuidado-com-as-criancas-na-volta-as-aulas\/\" \/>\n<meta property=\"og:locale\" content=\"pt_BR\" \/>\n<meta property=\"og:type\" content=\"article\" \/>\n<meta property=\"og:title\" content=\"Por dentro do blog: Cuidado com as crian\u00e7as na volta \u00e0s aulas | Revista Insurance Corp | PT-BR\" \/>\n<meta property=\"og:description\" content=\"O per\u00edodo das f\u00e9rias escolares chegou ao fim e, ao contr\u00e1rio do que muitos pensam, esse tamb\u00e9m \u00e9 um per\u00edodo que exige bastante cuidado e aten\u00e7\u00e3o no tr\u00e2nsito. Al\u00e9m de te explicar o porqu\u00ea, vamos dar uma por\u00e7\u00e3o de dicas para esse momento. Ficou curioso para conferir? Ent\u00e3o, \u00e9 s\u00f3 continuar acompanhando o nosso post! [&hellip;]\" \/>\n<meta property=\"og:url\" content=\"https:\/\/insurancecorp.com.br\/pt\/2019\/02\/12\/por-dentro-do-blog-cuidado-com-as-criancas-na-volta-as-aulas\/\" \/>\n<meta property=\"og:site_name\" content=\"Revista Insurance Corp | PT-BR\" \/>\n<meta property=\"article:publisher\" content=\"https:\/\/www.facebook.com\/RevistaInsuranceCorp\/\" \/>\n<meta property=\"article:published_time\" content=\"2019-02-12T16:54:57+00:00\" \/>\n<meta property=\"og:image\" content=\"https:\/\/insurancecorp.com.br\/pt\/wp-content\/uploads\/2019\/02\/Argo-8.png\" \/>\n\t<meta property=\"og:image:width\" content=\"1000\" \/>\n\t<meta property=\"og:image:height\" content=\"707\" \/>\n<meta name=\"twitter:card\" content=\"summary\" \/>\n<script type=\"application\/ld+json\" class=\"yoast-schema-graph\">{\"@context\":\"https:\/\/schema.org\",\"@graph\":[{\"@type\":\"Organization\",\"@id\":\"https:\/\/insurancecorp.com.br\/pt\/#organization\",\"name\":\"Revista Insurance Corp\",\"url\":\"https:\/\/insurancecorp.com.br\/pt\/\",\"sameAs\":[\"https:\/\/www.facebook.com\/RevistaInsuranceCorp\/\"],\"logo\":{\"@type\":\"ImageObject\",\"@id\":\"https:\/\/insurancecorp.com.br\/pt\/#logo\",\"inLanguage\":\"pt-BR\",\"url\":\"\",\"caption\":\"Revista Insurance Corp\"},\"image\":{\"@id\":\"https:\/\/insurancecorp.com.br\/pt\/#logo\"}},{\"@type\":\"WebSite\",\"@id\":\"https:\/\/insurancecorp.com.br\/pt\/#website\",\"url\":\"https:\/\/insurancecorp.com.br\/pt\/\",\"name\":\"Revista Insurance Corp | PT-BR\",\"description\":\"A \\u00fanica revista bil\\u00edngue voltada ao mercado de seguro.\",\"publisher\":{\"@id\":\"https:\/\/insurancecorp.com.br\/pt\/#organization\"},\"potentialAction\":[{\"@type\":\"SearchAction\",\"target\":\"https:\/\/insurancecorp.com.br\/pt\/?s={search_term_string}\",\"query-input\":\"required name=search_term_string\"}],\"inLanguage\":\"pt-BR\"},{\"@type\":\"ImageObject\",\"@id\":\"https:\/\/insurancecorp.com.br\/pt\/2019\/02\/12\/por-dentro-do-blog-cuidado-com-as-criancas-na-volta-as-aulas\/#primaryimage\",\"inLanguage\":\"pt-BR\",\"url\":\"https:\/\/insurancecorp.com.br\/pt\/wp-content\/uploads\/2019\/02\/Argo-8.png\",\"width\":1000,\"height\":707},{\"@type\":\"WebPage\",\"@id\":\"https:\/\/insurancecorp.com.br\/pt\/2019\/02\/12\/por-dentro-do-blog-cuidado-com-as-criancas-na-volta-as-aulas\/#webpage\",\"url\":\"https:\/\/insurancecorp.com.br\/pt\/2019\/02\/12\/por-dentro-do-blog-cuidado-com-as-criancas-na-volta-as-aulas\/\",\"name\":\"Por dentro do blog: Cuidado com as crian\\u00e7as na volta \\u00e0s aulas | Revista Insurance Corp | PT-BR\",\"isPartOf\":{\"@id\":\"https:\/\/insurancecorp.com.br\/pt\/#website\"},\"primaryImageOfPage\":{\"@id\":\"https:\/\/insurancecorp.com.br\/pt\/2019\/02\/12\/por-dentro-do-blog-cuidado-com-as-criancas-na-volta-as-aulas\/#primaryimage\"},\"datePublished\":\"2019-02-12T16:54:57+00:00\",\"dateModified\":\"2019-02-12T16:54:57+00:00\",\"inLanguage\":\"pt-BR\",\"potentialAction\":[{\"@type\":\"ReadAction\",\"target\":[\"https:\/\/insurancecorp.com.br\/pt\/2019\/02\/12\/por-dentro-do-blog-cuidado-com-as-criancas-na-volta-as-aulas\/\"]}]},{\"@type\":\"Article\",\"@id\":\"https:\/\/insurancecorp.com.br\/pt\/2019\/02\/12\/por-dentro-do-blog-cuidado-com-as-criancas-na-volta-as-aulas\/#article\",\"isPartOf\":{\"@id\":\"https:\/\/insurancecorp.com.br\/pt\/2019\/02\/12\/por-dentro-do-blog-cuidado-com-as-criancas-na-volta-as-aulas\/#webpage\"},\"author\":{\"@id\":\"https:\/\/insurancecorp.com.br\/pt\/#\/schema\/person\/1b69c8cf325f0b7167f1b171f52df4af\"},\"headline\":\"Por dentro do blog: Cuidado com as crian\\u00e7as na volta \\u00e0s aulas\",\"datePublished\":\"2019-02-12T16:54:57+00:00\",\"dateModified\":\"2019-02-12T16:54:57+00:00\",\"mainEntityOfPage\":{\"@id\":\"https:\/\/insurancecorp.com.br\/pt\/2019\/02\/12\/por-dentro-do-blog-cuidado-com-as-criancas-na-volta-as-aulas\/#webpage\"},\"commentCount\":0,\"publisher\":{\"@id\":\"https:\/\/insurancecorp.com.br\/pt\/#organization\"},\"image\":{\"@id\":\"https:\/\/insurancecorp.com.br\/pt\/2019\/02\/12\/por-dentro-do-blog-cuidado-com-as-criancas-na-volta-as-aulas\/#primaryimage\"},\"articleSection\":\"L\\u00edder\",\"inLanguage\":\"pt-BR\",\"potentialAction\":[{\"@type\":\"CommentAction\",\"name\":\"Comment\",\"target\":[\"https:\/\/insurancecorp.com.br\/pt\/2019\/02\/12\/por-dentro-do-blog-cuidado-com-as-criancas-na-volta-as-aulas\/#respond\"]}]},{\"@type\":\"Person\",\"@id\":\"https:\/\/insurancecorp.com.br\/pt\/#\/schema\/person\/1b69c8cf325f0b7167f1b171f52df4af\",\"name\":\"Publica\\u00e7\\u00e3o\",\"image\":{\"@type\":\"ImageObject\",\"@id\":\"https:\/\/insurancecorp.com.br\/pt\/#personlogo\",\"inLanguage\":\"pt-BR\",\"url\":\"https:\/\/secure.gravatar.com\/avatar\/17226f1f60486eb25d4c6b301ffed37f?s=96&d=mm&r=g\",\"caption\":\"Publica\\u00e7\\u00e3o\"}}]}<\/script>\n<!-- \/ Yoast SEO plugin. -->","_links":{"self":[{"href":"https:\/\/insurancecorp.com.br\/pt\/wp-json\/wp\/v2\/posts\/5660"}],"collection":[{"href":"https:\/\/insurancecorp.com.br\/pt\/wp-json\/wp\/v2\/posts"}],"about":[{"href":"https:\/\/insurancecorp.com.br\/pt\/wp-json\/wp\/v2\/types\/post"}],"author":[{"embeddable":true,"href":"https:\/\/insurancecorp.com.br\/pt\/wp-json\/wp\/v2\/users\/2"}],"replies":[{"embeddable":true,"href":"https:\/\/insurancecorp.com.br\/pt\/wp-json\/wp\/v2\/comments?post=5660"}],"version-history":[{"count":1,"href":"https:\/\/insurancecorp.com.br\/pt\/wp-json\/wp\/v2\/posts\/5660\/revisions"}],"predecessor-version":[{"id":5662,"href":"https:\/\/insurancecorp.com.br\/pt\/wp-json\/wp\/v2\/posts\/5660\/revisions\/5662"}],"wp:featuredmedia":[{"embeddable":true,"href":"https:\/\/insurancecorp.com.br\/pt\/wp-json\/wp\/v2\/media\/5661"}],"wp:attachment":[{"href":"https:\/\/insurancecorp.com.br\/pt\/wp-json\/wp\/v2\/media?parent=5660"}],"wp:term":[{"taxonomy":"category","embeddable":true,"href":"https:\/\/insurancecorp.com.br\/pt\/wp-json\/wp\/v2\/categories?post=5660"},{"taxonomy":"post_tag","embeddable":true,"href":"https:\/\/insurancecorp.com.br\/pt\/wp-json\/wp\/v2\/tags?post=5660"}],"curies":[{"name":"wp","href":"https:\/\/api.w.org\/{rel}","templated":true}]}}