{"id":56596,"date":"2024-07-12T14:27:30","date_gmt":"2024-07-12T17:27:30","guid":{"rendered":"https:\/\/insurancecorp.com.br\/pt\/?p=56596"},"modified":"2024-07-12T14:27:30","modified_gmt":"2024-07-12T17:27:30","slug":"ans-investe-em-projetos-e-agenda-de-cooperacao-internacional","status":"publish","type":"post","link":"https:\/\/insurancecorp.com.br\/pt\/2024\/07\/12\/ans-investe-em-projetos-e-agenda-de-cooperacao-internacional\/","title":{"rendered":"ANS investe em projetos e agenda de coopera\u00e7\u00e3o internacional"},"content":{"rendered":"<p>A Ag\u00eancia Nacional de Sa\u00fade Suplementar (ANS) est\u00e1 intensificando suas parcerias internacionais, com o intuito de criar interc\u00e2mbio de informa\u00e7\u00f5es t\u00e9cnicas para oferecer melhorias regulat\u00f3rias e de fiscaliza\u00e7\u00e3o, diversidade de mecanismos de transpar\u00eancia e maior defesa aos consumidores de planos de sa\u00fade no Brasil. Para isso, a reguladora tem buscado projetos de coopera\u00e7\u00e3o, como os que est\u00e3o sendo firmados com os governos da Col\u00f4mbia e do Peru. Al\u00e9m disso, a partir de suas experi\u00eancias, a Ag\u00eancia tamb\u00e9m pode colaborar com as estruturas de sa\u00fade dos outros pa\u00edses, firmando seu benchmarking internacional.<\/p>\n<p>Prova disso \u00e9 que recentemente, durante a 606\u00aa Reuni\u00e3o da Diretoria Colegiada (DICOL), os diretores aprovaram projeto a ser desenvolvido no \u00e2mbito do acordo de coopera\u00e7\u00e3o t\u00e9cnica entre a Ag\u00eancia e o Minist\u00e9rio da Sa\u00fade e Prote\u00e7\u00e3o Social (MSPS) da Col\u00f4mbia, para a colabora\u00e7\u00e3o cient\u00edfica e t\u00e9cnica entre os pa\u00edses. A proposta \u00e9 que a ANS estabele\u00e7a uma parceria, assim como outras unidades do governo federal. A legalidade do Ajuste, que \u00e9 complementar a um amplo acordo que j\u00e1 est\u00e1 em vigor, j\u00e1 foi analisada pela Ag\u00eancia Brasileira de Coopera\u00e7\u00e3o (ABC), que considerou que o projeto entre ANS e MSPS possui pertin\u00eancia tem\u00e1tica e se est\u00e1 adequado \u00e0s prioridades nacionais.<\/p>\n<p>\u201cQueremos abrir as portas da ANS para novas ideias que possam agregar conhecimento e estimular as boas pr\u00e1ticas, contribuindo assim com a regula\u00e7\u00e3o do segmento de planos de sa\u00fade no pa\u00eds, aprimorando a qualidade dos servi\u00e7os para sociedade e garantindo os direitos dos consumidores\u201d, destaca o diretor-presidente da ANS, Paulo Rebello.<\/p>\n<p>Vale destacar que n\u00e3o \u00e9 de hoje a rela\u00e7\u00e3o entre a ANS e o governo colombiano. Desde 2019 s\u00e3o realizadas tratativas entre as duas na\u00e7\u00f5es, com a finalidade de identificar boas pr\u00e1ticas de ambos os lados para melhorar a qualidade da sa\u00fade, por meio de uma gest\u00e3o financeira adequada, que abranja custos e despesas eficientes. Em um primeiro momento, um projeto em parceria com a Superintend\u00eancia Nacional de Salud \u2013 Supersalud foi executado de 2021 a 2023 e teve como objeto o fortalecimento das capacidades t\u00e9cnicas da Supersalud na elabora\u00e7\u00e3o de indicadores estrat\u00e9gicos e de gest\u00e3o e fortalecimento da ANS na abordagem da tem\u00e1tica gastos em sa\u00fade. Encerrado o projeto com a Supersalud, agora a ANS empenha-se na parceria com o MSPS, sob novos temas.<\/p>\n<p>As experi\u00eancias e desafios em sa\u00fade dos dois pa\u00edses apresentam similaridades. O MSPS foi identificado pela ANS por sua experi\u00eancia em Modelos de Remunera\u00e7\u00e3o Baseados em Valor, bem como por vir dedicando esfor\u00e7os \u00e0 Aten\u00e7\u00e3o Prim\u00e1ria \u00e0 Sa\u00fade (APS). A partir da compreens\u00e3o sobre novos modelos de pagamento de prestadores de servi\u00e7os de sa\u00fade, baseado em resultados cl\u00ednicos e n\u00e3o cl\u00ednicos, a ANS tem ampliado os debates acerca da tem\u00e1tica, com objetivo de orientar o setor, apresentando formas de remunerar os prestadores de servi\u00e7o em substitui\u00e7\u00e3o ao Fee For Service exclusivo.<\/p>\n<p>Em estudo publicado pela revista The Economist, sobre modelos de remunera\u00e7\u00e3o, observou-se que a Col\u00f4mbia foi o \u00fanico pa\u00eds latino-americano estudado considerado como tendo um alinhamento moderado com os componentes de Value Based Healthcare (VBHC). Nesse sentido, a coopera\u00e7\u00e3o com o Minist\u00e9rio da Sa\u00fade e Prote\u00e7\u00e3o Social da Col\u00f4mbia pode contribuir para o fortalecimento das iniciativas empreendidas pela ANS no setor suplementar de sa\u00fade sobre Modelos de Remunera\u00e7\u00e3o Baseados em Valor.<\/p>\n<p>\u201cA estrutura\u00e7\u00e3o, a consolida\u00e7\u00e3o e a dissemina\u00e7\u00e3o de experi\u00eancias de modelos de remunera\u00e7\u00e3o, que efetivamente se caracterizam como baseadas em valor, continuam representando um grande desafio para o setor suplementar de sa\u00fade brasileiro, o que refor\u00e7a a import\u00e2ncia de firmar nossa rela\u00e7\u00e3o com a Col\u00f4mbia, j\u00e1 que eles v\u00eam no Brasil esse modelo sendo constru\u00eddo e podem trazer um olhar diferenciado\u201d, salienta Rebello.<\/p>\n<p>A Aten\u00e7\u00e3o Prim\u00e1ria \u00e0 Sa\u00fade (APS) \u00e9 outro foco da Ag\u00eancia na busca de interc\u00e2mbios internacionais. Isso porque desde 2017 a ANS tem estimulado as operadoras a estabelecerem um modelo de aten\u00e7\u00e3o baseado na APS para induzir melhorias no setor. Ainda que esse modelo, considerado o mais exitoso pela literatura na \u00e1rea, venha se expandindo na sa\u00fade suplementar brasileira, essa evolu\u00e7\u00e3o continua encontrando barreiras. Nesse contexto, dado que a realidade na organiza\u00e7\u00e3o assistencial na sa\u00fade suplementar brasileira ainda se encontra em processo de aprimoramento, \u00e9 fundamental que a ANS busque conhecer as experi\u00eancias internacionais por meio de parcerias. Assim, o desenvolvimento de projetos de coopera\u00e7\u00e3o t\u00e9cnica entre o Brasil e a Col\u00f4mbia pode propiciar novos insumos para o avan\u00e7o dos estudos e das a\u00e7\u00f5es regulat\u00f3rias relacionadas \u00e0 APS no setor suplementar brasileiro.<\/p>\n<p>J\u00e1 no Peru, o acordo de coopera\u00e7\u00e3o est\u00e1 sendo tratado junto \u00e0 Superintendencia Nacional de Salud (Susalud). O objetivo \u00e9 melhorar a gest\u00e3o da sa\u00fade suplementar no Brasil e fortalecer a gest\u00e3o da Susalud no sistema nacional de sa\u00fade peruano. A ANS foi reconhecida por sua experi\u00eancia na regi\u00e3o &#8211; incluindo Am\u00e9rica do Sul, Am\u00e9rica Central e Caribe &#8211; em mat\u00e9ria de regula\u00e7\u00e3o da sa\u00fade suplementar. J\u00e1 a Susalud busca experi\u00eancias para fortalecimento de suas capacidades t\u00e9cnicas com vistas ao seu estabelecimento como \u00f3rg\u00e3o regulador no Peru. Dessa forma, est\u00e1 sendo desenvolvido um projeto para possibilitar a troca de conhecimentos e de boas pr\u00e1ticas entre ambos os pa\u00edses.<\/p>\n<h2><strong>Agenda internacional\u00a0<\/strong><\/h2>\n<p>Al\u00e9m dos acordos de coopera\u00e7\u00e3o, a ANS tamb\u00e9m vem ampliando sua participa\u00e7\u00e3o em agendas especiais, onde ocorrem momentos de troca de experi\u00eancias internacionais em temas de grande relev\u00e2ncia para o segmento de sa\u00fade suplementar no pa\u00eds.<\/p>\n<p>Em mar\u00e7o deste ano, representantes da ANS participaram do simp\u00f3sio internacional sobre s\u00edndromes raras que causam anomalias no cr\u00e2nio e na face, chamadas de craniossinostose. Realizado no Hospital de Reabilita\u00e7\u00e3o de Anomalias Craniofaciais da Universidade de S\u00e3o Paulo (HURAC\/USP), o evento contou com a participa\u00e7\u00e3o de especialistas de hospitais pedi\u00e1tricos dos Estados Unidos e da Fran\u00e7a. O objetivo da Ag\u00eancia foi ampliar o acesso a informa\u00e7\u00f5es sobre o tema e colaborar para que mais crian\u00e7as possam ter o diagn\u00f3stico r\u00e1pido e maior chance de sucesso no tratamento. <a href=\"https:\/\/www.gov.br\/ans\/pt-br\/assuntos\/noticias\/sobre-ans\/ans-participa-de-simposio-cientifico-sobre-anomalias-no-cranio-e-face\" target=\"_blank\" rel=\"noopener noreferrer\">Clique e saiba mais<\/a>.<\/p>\n<p>No ano passado, a diretoria da ANS tamb\u00e9m promoveu um encontro com o professor da Harvard Medical School e refer\u00eancia mundial em Aten\u00e7\u00e3o Prim\u00e1ria \u00e0 Sa\u00fade (APS) Robert Janett, com forte atua\u00e7\u00e3o nos Estados Unidos, Am\u00e9rica Latina e \u00c1sia. Na ocasi\u00e3o, foram debatidos os principais desafios administrados, em especial o acompanhamento detalhado dos pacientes ao longo do tempo, e o aprimoramento do cuidado centrado na necessidade das pessoas. <a href=\"https:\/\/www.gov.br\/ans\/pt-br\/assuntos\/noticias\/sobre-ans\/ans-promove-encontro-sobre-atencao-primaria-a-saude\" target=\"_blank\" rel=\"noopener noreferrer\">Clique e confira<\/a>.<\/p>\n<p>Em 2022, a ANS esteve presente no F\u00f3rum Integra\u00e7\u00e3o Brasil Europa, realizado em Portugal. O evento teve por prop\u00f3sito promover, gerar e disseminar conhecimento para a integra\u00e7\u00e3o entre o Brasil e a Europa no que se refere aos desafios do desenvolvimento e aprimoramento da regula\u00e7\u00e3o estatal.<\/p>\n<p>Em outubro de 2023, a ANS tamb\u00e9m participou do webin\u00e1rio \u201cRegulaci\u00f3n del sector privado en salud con \u00e9nfasis en la funci\u00f3n de aseguramiento en las Am\u00e9ricas\u201d, realizado pela Organiza\u00e7\u00e3o Pan-Americana da Sa\u00fade (OPAS\/OMS), ao apresentar o cen\u00e1rio da sa\u00fade suplementar brasileira. O evento fez parte de uma s\u00e9rie de semin\u00e1rios virtuais sobre a Aten\u00e7\u00e3o Prim\u00e1ria \u00e0 Sa\u00fade (APS) e sua adapta\u00e7\u00e3o \u00e0s iniciativas de integra\u00e7\u00e3o de servi\u00e7os em sa\u00fade na Regi\u00e3o das Am\u00e9ricas. <a href=\"https:\/\/www.paho.org\/es\/sistemas-servicios-salud\/serie-seminarios-virtuales-sobre-atencion-primaria-salud\" target=\"_blank\" rel=\"noopener noreferrer\">Clique e saiba mais<\/a> sobre o semin\u00e1rio.<\/p>\n<p>Em novembro do mesmo ano, a ANS esteve representada na XIV Reuni\u00e3o da Rede de Avalia\u00e7\u00e3o de Tecnologias em Sa\u00fade das Am\u00e9ricas e a Reuni\u00e3o da Rede de Guias e Pol\u00edticas Informadas por Evid\u00eancia, realizado na Jamaica.<\/p>\n<p>Al\u00e9m das parcerias citadas acima, a ANS tamb\u00e9m \u00e9 filiada \u00e0 Associa\u00e7\u00e3o Brasileira de Ag\u00eancias Reguladoras (ABAR), uma entidade de direito privado, sem fins lucrativos, que promove a colabora\u00e7\u00e3o entre ag\u00eancias reguladoras e diversas inst\u00e2ncias dos poderes p\u00fablicos. Sob essa tutela, a Ag\u00eancia tem maior espa\u00e7o para estabelecer outros interc\u00e2mbios internacionais.<\/p>\n<h2><strong>Redes de relacionamento\u00a0<\/strong><\/h2>\n<p>A ANS tamb\u00e9m participa de duas redes internacionais de entidades de avalia\u00e7\u00e3o de tecnologias em sa\u00fade (ATS), a Red de Evaluaci\u00f3n de Tecnolog\u00edas Sanitarias (RedETSA), formada por minist\u00e9rios de sa\u00fade, autoridades reguladoras, ag\u00eancias de avalia\u00e7\u00e3o de tecnologias em sa\u00fade, centros colaboradores da OMS e da OPAS e institui\u00e7\u00f5es de educa\u00e7\u00e3o e investiga\u00e7\u00e3o na regi\u00e3o das Am\u00e9ricas; e a Rede Internacional de Ag\u00eancias de Avalia\u00e7\u00e3o de Tecnologias de Sa\u00fade (International Network of Agencies for Health Technology Assessment \u2013 Inahta ), composta por ag\u00eancias de ATS de v\u00e1rios pa\u00edses.<\/p>\n<p>A Ag\u00eancia ainda est\u00e1 envolvida no acordo Brasil-Estados Unidos de Com\u00e9rcio e Coopera\u00e7\u00e3o Econ\u00f4mica (ATEC), que prev\u00ea a realiza\u00e7\u00e3o de atividades entre os dois pa\u00edses na \u00e1rea regulat\u00f3ria, participando de webin\u00e1rios e eventos dedicados \u00e0 implementa\u00e7\u00e3o das Boas Pr\u00e1ticas Regulat\u00f3rias.<\/p>\n<p><strong>Assessoria de Imprensa &#8211; ANS<\/strong><\/p>\n","protected":false},"excerpt":{"rendered":"<p>A Ag\u00eancia Nacional de Sa\u00fade Suplementar (ANS) est\u00e1 intensificando suas parcerias internacionais, com o intuito de criar interc\u00e2mbio de informa\u00e7\u00f5es t\u00e9cnicas para oferecer melhorias regulat\u00f3rias e de fiscaliza\u00e7\u00e3o, diversidade de mecanismos de transpar\u00eancia e maior defesa aos consumidores de planos de sa\u00fade no Brasil. Para isso, a reguladora tem buscado projetos de coopera\u00e7\u00e3o, como os [&hellip;]<\/p>\n","protected":false},"author":2,"featured_media":1268,"comment_status":"open","ping_status":"open","sticky":false,"template":"","format":"standard","meta":[],"categories":[380],"tags":[779,11374,2580,3406,1356],"jetpack_featured_media_url":"https:\/\/insurancecorp.com.br\/pt\/wp-content\/uploads\/2017\/10\/gerenciamento-de-riscos-sa\u00fade.jpg","yoast_head":"<!-- This site is optimized with the Yoast SEO plugin v14.8 - https:\/\/yoast.com\/wordpress\/plugins\/seo\/ -->\n<title>ANS investe em projetos e agenda de coopera\u00e7\u00e3o internacional | Revista Insurance Corp | PT-BR<\/title>\n<meta name=\"robots\" content=\"index, follow\" \/>\n<meta name=\"googlebot\" content=\"index, follow, max-snippet:-1, max-image-preview:large, max-video-preview:-1\" \/>\n<meta name=\"bingbot\" content=\"index, follow, max-snippet:-1, max-image-preview:large, max-video-preview:-1\" \/>\n<link rel=\"canonical\" href=\"https:\/\/insurancecorp.com.br\/pt\/2024\/07\/12\/ans-investe-em-projetos-e-agenda-de-cooperacao-internacional\/\" \/>\n<meta property=\"og:locale\" content=\"pt_BR\" \/>\n<meta property=\"og:type\" content=\"article\" \/>\n<meta property=\"og:title\" content=\"ANS investe em projetos e agenda de coopera\u00e7\u00e3o internacional | Revista Insurance Corp | PT-BR\" \/>\n<meta property=\"og:description\" content=\"A Ag\u00eancia Nacional de Sa\u00fade Suplementar (ANS) est\u00e1 intensificando suas parcerias internacionais, com o intuito de criar interc\u00e2mbio de informa\u00e7\u00f5es t\u00e9cnicas para oferecer melhorias regulat\u00f3rias e de fiscaliza\u00e7\u00e3o, diversidade de mecanismos de transpar\u00eancia e maior defesa aos consumidores de planos de sa\u00fade no Brasil. Para isso, a reguladora tem buscado projetos de coopera\u00e7\u00e3o, como os [&hellip;]\" \/>\n<meta property=\"og:url\" content=\"https:\/\/insurancecorp.com.br\/pt\/2024\/07\/12\/ans-investe-em-projetos-e-agenda-de-cooperacao-internacional\/\" \/>\n<meta property=\"og:site_name\" content=\"Revista Insurance Corp | PT-BR\" \/>\n<meta property=\"article:publisher\" content=\"https:\/\/www.facebook.com\/RevistaInsuranceCorp\/\" \/>\n<meta property=\"article:published_time\" content=\"2024-07-12T17:27:30+00:00\" \/>\n<meta property=\"og:image\" content=\"https:\/\/insurancecorp.com.br\/pt\/wp-content\/uploads\/2017\/10\/gerenciamento-de-riscos-sa\u00fade.jpg\" \/>\n\t<meta property=\"og:image:width\" content=\"1500\" \/>\n\t<meta property=\"og:image:height\" content=\"973\" \/>\n<meta name=\"twitter:card\" content=\"summary\" \/>\n<script type=\"application\/ld+json\" class=\"yoast-schema-graph\">{\"@context\":\"https:\/\/schema.org\",\"@graph\":[{\"@type\":\"Organization\",\"@id\":\"https:\/\/insurancecorp.com.br\/pt\/#organization\",\"name\":\"Revista Insurance Corp\",\"url\":\"https:\/\/insurancecorp.com.br\/pt\/\",\"sameAs\":[\"https:\/\/www.facebook.com\/RevistaInsuranceCorp\/\"],\"logo\":{\"@type\":\"ImageObject\",\"@id\":\"https:\/\/insurancecorp.com.br\/pt\/#logo\",\"inLanguage\":\"pt-BR\",\"url\":\"\",\"caption\":\"Revista Insurance Corp\"},\"image\":{\"@id\":\"https:\/\/insurancecorp.com.br\/pt\/#logo\"}},{\"@type\":\"WebSite\",\"@id\":\"https:\/\/insurancecorp.com.br\/pt\/#website\",\"url\":\"https:\/\/insurancecorp.com.br\/pt\/\",\"name\":\"Revista Insurance Corp | PT-BR\",\"description\":\"A \\u00fanica revista bil\\u00edngue voltada ao mercado de seguro.\",\"publisher\":{\"@id\":\"https:\/\/insurancecorp.com.br\/pt\/#organization\"},\"potentialAction\":[{\"@type\":\"SearchAction\",\"target\":\"https:\/\/insurancecorp.com.br\/pt\/?s={search_term_string}\",\"query-input\":\"required name=search_term_string\"}],\"inLanguage\":\"pt-BR\"},{\"@type\":\"ImageObject\",\"@id\":\"https:\/\/insurancecorp.com.br\/pt\/2024\/07\/12\/ans-investe-em-projetos-e-agenda-de-cooperacao-internacional\/#primaryimage\",\"inLanguage\":\"pt-BR\",\"url\":\"https:\/\/insurancecorp.com.br\/pt\/wp-content\/uploads\/2017\/10\/gerenciamento-de-riscos-sa\\u00fade.jpg\",\"width\":1500,\"height\":973},{\"@type\":\"WebPage\",\"@id\":\"https:\/\/insurancecorp.com.br\/pt\/2024\/07\/12\/ans-investe-em-projetos-e-agenda-de-cooperacao-internacional\/#webpage\",\"url\":\"https:\/\/insurancecorp.com.br\/pt\/2024\/07\/12\/ans-investe-em-projetos-e-agenda-de-cooperacao-internacional\/\",\"name\":\"ANS investe em projetos e agenda de coopera\\u00e7\\u00e3o internacional | Revista Insurance Corp | PT-BR\",\"isPartOf\":{\"@id\":\"https:\/\/insurancecorp.com.br\/pt\/#website\"},\"primaryImageOfPage\":{\"@id\":\"https:\/\/insurancecorp.com.br\/pt\/2024\/07\/12\/ans-investe-em-projetos-e-agenda-de-cooperacao-internacional\/#primaryimage\"},\"datePublished\":\"2024-07-12T17:27:30+00:00\",\"dateModified\":\"2024-07-12T17:27:30+00:00\",\"inLanguage\":\"pt-BR\",\"potentialAction\":[{\"@type\":\"ReadAction\",\"target\":[\"https:\/\/insurancecorp.com.br\/pt\/2024\/07\/12\/ans-investe-em-projetos-e-agenda-de-cooperacao-internacional\/\"]}]},{\"@type\":\"Article\",\"@id\":\"https:\/\/insurancecorp.com.br\/pt\/2024\/07\/12\/ans-investe-em-projetos-e-agenda-de-cooperacao-internacional\/#article\",\"isPartOf\":{\"@id\":\"https:\/\/insurancecorp.com.br\/pt\/2024\/07\/12\/ans-investe-em-projetos-e-agenda-de-cooperacao-internacional\/#webpage\"},\"author\":{\"@id\":\"https:\/\/insurancecorp.com.br\/pt\/#\/schema\/person\/1b69c8cf325f0b7167f1b171f52df4af\"},\"headline\":\"ANS investe em projetos e agenda de coopera\\u00e7\\u00e3o internacional\",\"datePublished\":\"2024-07-12T17:27:30+00:00\",\"dateModified\":\"2024-07-12T17:27:30+00:00\",\"mainEntityOfPage\":{\"@id\":\"https:\/\/insurancecorp.com.br\/pt\/2024\/07\/12\/ans-investe-em-projetos-e-agenda-de-cooperacao-internacional\/#webpage\"},\"commentCount\":0,\"publisher\":{\"@id\":\"https:\/\/insurancecorp.com.br\/pt\/#organization\"},\"image\":{\"@id\":\"https:\/\/insurancecorp.com.br\/pt\/2024\/07\/12\/ans-investe-em-projetos-e-agenda-de-cooperacao-internacional\/#primaryimage\"},\"keywords\":\"ans,coopera\\u00e7\\u00e3o internacional,parcerias,relacionamento,sa\\u00fade\",\"articleSection\":\"ANS\",\"inLanguage\":\"pt-BR\",\"potentialAction\":[{\"@type\":\"CommentAction\",\"name\":\"Comment\",\"target\":[\"https:\/\/insurancecorp.com.br\/pt\/2024\/07\/12\/ans-investe-em-projetos-e-agenda-de-cooperacao-internacional\/#respond\"]}]},{\"@type\":\"Person\",\"@id\":\"https:\/\/insurancecorp.com.br\/pt\/#\/schema\/person\/1b69c8cf325f0b7167f1b171f52df4af\",\"name\":\"Publica\\u00e7\\u00e3o\",\"image\":{\"@type\":\"ImageObject\",\"@id\":\"https:\/\/insurancecorp.com.br\/pt\/#personlogo\",\"inLanguage\":\"pt-BR\",\"url\":\"https:\/\/secure.gravatar.com\/avatar\/17226f1f60486eb25d4c6b301ffed37f?s=96&d=mm&r=g\",\"caption\":\"Publica\\u00e7\\u00e3o\"}}]}<\/script>\n<!-- \/ Yoast SEO plugin. -->","_links":{"self":[{"href":"https:\/\/insurancecorp.com.br\/pt\/wp-json\/wp\/v2\/posts\/56596"}],"collection":[{"href":"https:\/\/insurancecorp.com.br\/pt\/wp-json\/wp\/v2\/posts"}],"about":[{"href":"https:\/\/insurancecorp.com.br\/pt\/wp-json\/wp\/v2\/types\/post"}],"author":[{"embeddable":true,"href":"https:\/\/insurancecorp.com.br\/pt\/wp-json\/wp\/v2\/users\/2"}],"replies":[{"embeddable":true,"href":"https:\/\/insurancecorp.com.br\/pt\/wp-json\/wp\/v2\/comments?post=56596"}],"version-history":[{"count":1,"href":"https:\/\/insurancecorp.com.br\/pt\/wp-json\/wp\/v2\/posts\/56596\/revisions"}],"predecessor-version":[{"id":56597,"href":"https:\/\/insurancecorp.com.br\/pt\/wp-json\/wp\/v2\/posts\/56596\/revisions\/56597"}],"wp:featuredmedia":[{"embeddable":true,"href":"https:\/\/insurancecorp.com.br\/pt\/wp-json\/wp\/v2\/media\/1268"}],"wp:attachment":[{"href":"https:\/\/insurancecorp.com.br\/pt\/wp-json\/wp\/v2\/media?parent=56596"}],"wp:term":[{"taxonomy":"category","embeddable":true,"href":"https:\/\/insurancecorp.com.br\/pt\/wp-json\/wp\/v2\/categories?post=56596"},{"taxonomy":"post_tag","embeddable":true,"href":"https:\/\/insurancecorp.com.br\/pt\/wp-json\/wp\/v2\/tags?post=56596"}],"curies":[{"name":"wp","href":"https:\/\/api.w.org\/{rel}","templated":true}]}}