{"id":5622,"date":"2019-02-11T11:23:40","date_gmt":"2019-02-11T13:23:40","guid":{"rendered":"https:\/\/insurancecorp.com.br\/pt\/?p=5622"},"modified":"2019-02-11T11:23:40","modified_gmt":"2019-02-11T13:23:40","slug":"tarcisio-godoy-e-o-novo-diretor-geral-da-escola-nacional-de-seguros","status":"publish","type":"post","link":"https:\/\/insurancecorp.com.br\/pt\/2019\/02\/11\/tarcisio-godoy-e-o-novo-diretor-geral-da-escola-nacional-de-seguros\/","title":{"rendered":"Tarc\u00edsio Godoy \u00e9 o novo diretor geral da Escola Nacional de Seguros"},"content":{"rendered":"<p>Principal institui\u00e7\u00e3o de forma\u00e7\u00e3o e capacita\u00e7\u00e3o dos profissionais de seguros em todo o Pa\u00eds, a Escola Nacional de Seguros tem novo diretor geral: Tarc\u00edsio Jos\u00e9 Massote de Godoy. O nome do executivo foi referendado em reuni\u00e3o do Conselho de Administra\u00e7\u00e3o da Institui\u00e7\u00e3o.<\/p>\n<p>Tarc\u00edsio Godoy chega para substituir Renato Campos Martins Filho, que estava na Escola desde 2005 e, nesse per\u00edodo, deu uma grande contribui\u00e7\u00e3o para a expans\u00e3o das atividades educacionais.<\/p>\n<div class=\"column-70 left\">\n<div class=\"text-noticie\">\n<p>Para o presidente da Escola, Robert Bittar, Tarc\u00edsio Godoy dar\u00e1 uma valiosa contribui\u00e7\u00e3o para a expans\u00e3o das atividades da Institui\u00e7\u00e3o. \u201c\u00c9 um executivo com grande experi\u00eancia no setor de seguros e tem no dinamismo uma de suas caracter\u00edsticas mais marcantes. Estou convicto de que o Tarc\u00edsio ajudar\u00e1 a Escola a ampliar sua participa\u00e7\u00e3o no mercado\u201d, declarou Bittar.<\/p>\n<p>Uma das principais metas do novo diretor ser\u00e1 fortalecer a vis\u00e3o de mercado da Escola, adotando uma postura mais proativa. \u201cVamos promover uma efetiva aproxima\u00e7\u00e3o com os diversos segmentos do setor, pois sabemos que existem gargalos na capacita\u00e7\u00e3o dos profissionais de seguros e a Escola tem programas para atender a todos os perfis\u201d, revela.<\/p>\n<p>Tarc\u00edsio Godoy assume o novo desafio profissional em um momento de grandes transforma\u00e7\u00f5es do mercado de trabalho, em especial na ind\u00fastria de seguros. O advento das insurtechs provocou uma verdadeira revolu\u00e7\u00e3o nas opera\u00e7\u00f5es do setor, obrigando os profissionais a se adaptar a uma nova realidade.<\/p>\n<p><strong>Moderniza\u00e7\u00e3o e novos cursos<\/strong><\/p>\n<p>Atenta a esse cen\u00e1rio, a Escola vem, continuamente, aprimorando seus programas educacionais e desenvolvendo outros, a fim de suprir as crescentes demandas por forma\u00e7\u00e3o especializada. Recentemente, o Curso para Habilita\u00e7\u00e3o de Corretores de Seguros passou por um amplo processo de moderniza\u00e7\u00e3o, que incluiu a total digitaliza\u00e7\u00e3o do material did\u00e1tico e o acr\u00e9scimo de disciplinas voltadas mais para o lado pr\u00e1tico da profiss\u00e3o, como Empreendedorismo.<\/p>\n<p>Outra iniciativa criada para auxiliar os Corretores de Seguros \u00e9 o in\u00e9dito Programa de Transforma\u00e7\u00e3o Digital para Corretores, previsto para ser lan\u00e7ado ainda neste ano. O curso ser\u00e1 baseado em princ\u00edpios t\u00e9cnicos e acad\u00eamicos de planejamento estrat\u00e9gico, gest\u00e3o comercial e marketing, segundo as principais tend\u00eancias e ferramentas inovadoras de mercado, como Google, Facebook, Instagram, Linkedin, ente outras.<\/p>\n<p>Segundo Godoy, o caminho da digitaliza\u00e7\u00e3o \u00e9 sem volta e continuar\u00e1 norteando a atua\u00e7\u00e3o no mundo corporativo. \u201cHoje o Corretor de Seguros j\u00e1 tem um perfil totalmente diferente do que tinha h\u00e1 10 anos. \u00c9 um profissional da era digital, que gerencia seus neg\u00f3cios em plataformas m\u00f3veis. Quem n\u00e3o estiver conectado e preparado para competir nesse novo ambiente ficar\u00e1 para tr\u00e1s. E a Escola est\u00e1 pronta para dar a sua contribui\u00e7\u00e3o ofertando os programas que a categoria necessita\u201d.<\/p>\n<p><strong>Investimento em Inova\u00e7\u00e3o<\/strong><\/p>\n<p>O tema Inova\u00e7\u00e3o ser\u00e1, de fato, a pauta do ano na Escola Nacional de Seguros. Em parceria com a Universidade Nova de Lisboa (Jurisnova), a Institui\u00e7\u00e3o ir\u00e1 promover, na capital portuguesa, um novo Programa de Treinamento no Exterior, sobre \u201cInova\u00e7\u00e3o em Seguros \u2013 A Ind\u00fastria em Transi\u00e7\u00e3o\u201d. As aulas acontecer\u00e3o no final de junho.<\/p>\n<p>No \u00e2mbito do Ensino Superior, o MBA Executivo em Neg\u00f3cios de Seguros ganhar\u00e1 uma nova \u00e1rea de especializa\u00e7\u00e3o, sobre Inova\u00e7\u00e3o em Seguros; j\u00e1 o Centro de Pesquisa e Economia do Seguro (CPES) adotar\u00e1 o assunto como uma das principais linhas de pesquisa em 2019.<\/p>\n<p>\u201cMuito tem sido falado sobre inova\u00e7\u00e3o, disrup\u00e7\u00e3o,\u00a0<em>insurtechs<\/em>,\u00a0<em>blockchain<\/em>\u00a0e outros termos. S\u00e3o conceitos novos e mais sofisticados, que merecem ser melhor explicados. Vamos provocar debates e criar programas para aprofundar a discuss\u00e3o e fazer o mercado entender esse momento de grandes transforma\u00e7\u00f5es pelo qual estamos passando\u201d, revela Godoy.<\/p>\n<p><strong>Tarc\u00edsio Jos\u00e9 Massote de Godoy<\/strong><\/p>\n<p>Natural de Campo Belo (MG), Tarc\u00edsio Jos\u00e9 Massote de Godoy \u00e9 mestre em Economia do Setor P\u00fablico pela Universidade de Bras\u00edlia, com especializa\u00e7\u00e3o em Sistemas de Previd\u00eancias pela Wharton School, da Universidade da Pensilv\u00e2nia \u2013 EUA, e em Economia pelo Instituto Minerva, da Universidade George Washington \u2013 EUA.<\/p>\n<p>Executivo com larga experi\u00eancia nas \u00e1reas de Seguros, Previd\u00eancia e Finan\u00e7as, Godoy ocupou importantes cargos p\u00fablicos, como o de secret\u00e1rio do Tesouro Nacional e secret\u00e1rio executivo do Minist\u00e9rio da Fazenda, este \u00faltimo nas gest\u00f5es dos ministros Joaquim Levy e Henrique Meirelles.<\/p>\n<p>Tamb\u00e9m teve posi\u00e7\u00f5es de destaque na ind\u00fastria de seguros. Foi presidente da Brasilprev, diretor executivo da Bradesco Seguros e Previd\u00eancia, diretor geral da Bradesco Auto e RE, e presidente do IRB Brasil RE. Antes de chegar \u00e0 Escola Nacional de Seguros atuava como conselheiro de empresas e consultor independente.<\/p>\n<\/div>\n<div class=\"bottom\"><strong>Fonte: Boletim Informativo da ENS &#8211; 08\/02\/2019<\/strong><\/div>\n<\/div>\n","protected":false},"excerpt":{"rendered":"<p>Principal institui\u00e7\u00e3o de forma\u00e7\u00e3o e capacita\u00e7\u00e3o dos profissionais de seguros em todo o Pa\u00eds, a Escola Nacional de Seguros tem novo diretor geral: Tarc\u00edsio Jos\u00e9 Massote de Godoy. O nome do executivo foi referendado em reuni\u00e3o do Conselho de Administra\u00e7\u00e3o da Institui\u00e7\u00e3o. Tarc\u00edsio Godoy chega para substituir Renato Campos Martins Filho, que estava na Escola [&hellip;]<\/p>\n","protected":false},"author":2,"featured_media":5623,"comment_status":"open","ping_status":"open","sticky":false,"template":"","format":"standard","meta":[],"categories":[118],"tags":[],"jetpack_featured_media_url":"https:\/\/insurancecorp.com.br\/pt\/wp-content\/uploads\/2019\/02\/Argo-4.png","yoast_head":"<!-- This site is optimized with the Yoast SEO plugin v14.8 - https:\/\/yoast.com\/wordpress\/plugins\/seo\/ -->\n<title>Tarc\u00edsio Godoy \u00e9 o novo diretor geral da Escola Nacional de Seguros | Revista Insurance Corp | PT-BR<\/title>\n<meta name=\"robots\" content=\"index, follow\" \/>\n<meta name=\"googlebot\" content=\"index, follow, max-snippet:-1, max-image-preview:large, max-video-preview:-1\" \/>\n<meta name=\"bingbot\" content=\"index, follow, max-snippet:-1, max-image-preview:large, max-video-preview:-1\" \/>\n<link rel=\"canonical\" href=\"https:\/\/insurancecorp.com.br\/pt\/2019\/02\/11\/tarcisio-godoy-e-o-novo-diretor-geral-da-escola-nacional-de-seguros\/\" \/>\n<meta property=\"og:locale\" content=\"pt_BR\" \/>\n<meta property=\"og:type\" content=\"article\" \/>\n<meta property=\"og:title\" content=\"Tarc\u00edsio Godoy \u00e9 o novo diretor geral da Escola Nacional de Seguros | Revista Insurance Corp | PT-BR\" \/>\n<meta property=\"og:description\" content=\"Principal institui\u00e7\u00e3o de forma\u00e7\u00e3o e capacita\u00e7\u00e3o dos profissionais de seguros em todo o Pa\u00eds, a Escola Nacional de Seguros tem novo diretor geral: Tarc\u00edsio Jos\u00e9 Massote de Godoy. O nome do executivo foi referendado em reuni\u00e3o do Conselho de Administra\u00e7\u00e3o da Institui\u00e7\u00e3o. Tarc\u00edsio Godoy chega para substituir Renato Campos Martins Filho, que estava na Escola [&hellip;]\" \/>\n<meta property=\"og:url\" content=\"https:\/\/insurancecorp.com.br\/pt\/2019\/02\/11\/tarcisio-godoy-e-o-novo-diretor-geral-da-escola-nacional-de-seguros\/\" \/>\n<meta property=\"og:site_name\" content=\"Revista Insurance Corp | PT-BR\" \/>\n<meta property=\"article:publisher\" content=\"https:\/\/www.facebook.com\/RevistaInsuranceCorp\/\" \/>\n<meta property=\"article:published_time\" content=\"2019-02-11T13:23:40+00:00\" \/>\n<meta property=\"og:image\" content=\"https:\/\/insurancecorp.com.br\/pt\/wp-content\/uploads\/2019\/02\/Argo-4.png\" \/>\n\t<meta property=\"og:image:width\" content=\"860\" \/>\n\t<meta property=\"og:image:height\" content=\"617\" \/>\n<meta name=\"twitter:card\" content=\"summary\" \/>\n<script type=\"application\/ld+json\" class=\"yoast-schema-graph\">{\"@context\":\"https:\/\/schema.org\",\"@graph\":[{\"@type\":\"Organization\",\"@id\":\"https:\/\/insurancecorp.com.br\/pt\/#organization\",\"name\":\"Revista Insurance Corp\",\"url\":\"https:\/\/insurancecorp.com.br\/pt\/\",\"sameAs\":[\"https:\/\/www.facebook.com\/RevistaInsuranceCorp\/\"],\"logo\":{\"@type\":\"ImageObject\",\"@id\":\"https:\/\/insurancecorp.com.br\/pt\/#logo\",\"inLanguage\":\"pt-BR\",\"url\":\"\",\"caption\":\"Revista Insurance Corp\"},\"image\":{\"@id\":\"https:\/\/insurancecorp.com.br\/pt\/#logo\"}},{\"@type\":\"WebSite\",\"@id\":\"https:\/\/insurancecorp.com.br\/pt\/#website\",\"url\":\"https:\/\/insurancecorp.com.br\/pt\/\",\"name\":\"Revista Insurance Corp | PT-BR\",\"description\":\"A \\u00fanica revista bil\\u00edngue voltada ao mercado de seguro.\",\"publisher\":{\"@id\":\"https:\/\/insurancecorp.com.br\/pt\/#organization\"},\"potentialAction\":[{\"@type\":\"SearchAction\",\"target\":\"https:\/\/insurancecorp.com.br\/pt\/?s={search_term_string}\",\"query-input\":\"required name=search_term_string\"}],\"inLanguage\":\"pt-BR\"},{\"@type\":\"ImageObject\",\"@id\":\"https:\/\/insurancecorp.com.br\/pt\/2019\/02\/11\/tarcisio-godoy-e-o-novo-diretor-geral-da-escola-nacional-de-seguros\/#primaryimage\",\"inLanguage\":\"pt-BR\",\"url\":\"https:\/\/insurancecorp.com.br\/pt\/wp-content\/uploads\/2019\/02\/Argo-4.png\",\"width\":860,\"height\":617},{\"@type\":\"WebPage\",\"@id\":\"https:\/\/insurancecorp.com.br\/pt\/2019\/02\/11\/tarcisio-godoy-e-o-novo-diretor-geral-da-escola-nacional-de-seguros\/#webpage\",\"url\":\"https:\/\/insurancecorp.com.br\/pt\/2019\/02\/11\/tarcisio-godoy-e-o-novo-diretor-geral-da-escola-nacional-de-seguros\/\",\"name\":\"Tarc\\u00edsio Godoy \\u00e9 o novo diretor geral da Escola Nacional de Seguros | Revista Insurance Corp | PT-BR\",\"isPartOf\":{\"@id\":\"https:\/\/insurancecorp.com.br\/pt\/#website\"},\"primaryImageOfPage\":{\"@id\":\"https:\/\/insurancecorp.com.br\/pt\/2019\/02\/11\/tarcisio-godoy-e-o-novo-diretor-geral-da-escola-nacional-de-seguros\/#primaryimage\"},\"datePublished\":\"2019-02-11T13:23:40+00:00\",\"dateModified\":\"2019-02-11T13:23:40+00:00\",\"inLanguage\":\"pt-BR\",\"potentialAction\":[{\"@type\":\"ReadAction\",\"target\":[\"https:\/\/insurancecorp.com.br\/pt\/2019\/02\/11\/tarcisio-godoy-e-o-novo-diretor-geral-da-escola-nacional-de-seguros\/\"]}]},{\"@type\":\"Article\",\"@id\":\"https:\/\/insurancecorp.com.br\/pt\/2019\/02\/11\/tarcisio-godoy-e-o-novo-diretor-geral-da-escola-nacional-de-seguros\/#article\",\"isPartOf\":{\"@id\":\"https:\/\/insurancecorp.com.br\/pt\/2019\/02\/11\/tarcisio-godoy-e-o-novo-diretor-geral-da-escola-nacional-de-seguros\/#webpage\"},\"author\":{\"@id\":\"https:\/\/insurancecorp.com.br\/pt\/#\/schema\/person\/1b69c8cf325f0b7167f1b171f52df4af\"},\"headline\":\"Tarc\\u00edsio Godoy \\u00e9 o novo diretor geral da Escola Nacional de Seguros\",\"datePublished\":\"2019-02-11T13:23:40+00:00\",\"dateModified\":\"2019-02-11T13:23:40+00:00\",\"mainEntityOfPage\":{\"@id\":\"https:\/\/insurancecorp.com.br\/pt\/2019\/02\/11\/tarcisio-godoy-e-o-novo-diretor-geral-da-escola-nacional-de-seguros\/#webpage\"},\"commentCount\":0,\"publisher\":{\"@id\":\"https:\/\/insurancecorp.com.br\/pt\/#organization\"},\"image\":{\"@id\":\"https:\/\/insurancecorp.com.br\/pt\/2019\/02\/11\/tarcisio-godoy-e-o-novo-diretor-geral-da-escola-nacional-de-seguros\/#primaryimage\"},\"articleSection\":\"Escola Nacional de Seguros\",\"inLanguage\":\"pt-BR\",\"potentialAction\":[{\"@type\":\"CommentAction\",\"name\":\"Comment\",\"target\":[\"https:\/\/insurancecorp.com.br\/pt\/2019\/02\/11\/tarcisio-godoy-e-o-novo-diretor-geral-da-escola-nacional-de-seguros\/#respond\"]}]},{\"@type\":\"Person\",\"@id\":\"https:\/\/insurancecorp.com.br\/pt\/#\/schema\/person\/1b69c8cf325f0b7167f1b171f52df4af\",\"name\":\"Publica\\u00e7\\u00e3o\",\"image\":{\"@type\":\"ImageObject\",\"@id\":\"https:\/\/insurancecorp.com.br\/pt\/#personlogo\",\"inLanguage\":\"pt-BR\",\"url\":\"https:\/\/secure.gravatar.com\/avatar\/17226f1f60486eb25d4c6b301ffed37f?s=96&d=mm&r=g\",\"caption\":\"Publica\\u00e7\\u00e3o\"}}]}<\/script>\n<!-- \/ Yoast SEO plugin. -->","_links":{"self":[{"href":"https:\/\/insurancecorp.com.br\/pt\/wp-json\/wp\/v2\/posts\/5622"}],"collection":[{"href":"https:\/\/insurancecorp.com.br\/pt\/wp-json\/wp\/v2\/posts"}],"about":[{"href":"https:\/\/insurancecorp.com.br\/pt\/wp-json\/wp\/v2\/types\/post"}],"author":[{"embeddable":true,"href":"https:\/\/insurancecorp.com.br\/pt\/wp-json\/wp\/v2\/users\/2"}],"replies":[{"embeddable":true,"href":"https:\/\/insurancecorp.com.br\/pt\/wp-json\/wp\/v2\/comments?post=5622"}],"version-history":[{"count":1,"href":"https:\/\/insurancecorp.com.br\/pt\/wp-json\/wp\/v2\/posts\/5622\/revisions"}],"predecessor-version":[{"id":5624,"href":"https:\/\/insurancecorp.com.br\/pt\/wp-json\/wp\/v2\/posts\/5622\/revisions\/5624"}],"wp:featuredmedia":[{"embeddable":true,"href":"https:\/\/insurancecorp.com.br\/pt\/wp-json\/wp\/v2\/media\/5623"}],"wp:attachment":[{"href":"https:\/\/insurancecorp.com.br\/pt\/wp-json\/wp\/v2\/media?parent=5622"}],"wp:term":[{"taxonomy":"category","embeddable":true,"href":"https:\/\/insurancecorp.com.br\/pt\/wp-json\/wp\/v2\/categories?post=5622"},{"taxonomy":"post_tag","embeddable":true,"href":"https:\/\/insurancecorp.com.br\/pt\/wp-json\/wp\/v2\/tags?post=5622"}],"curies":[{"name":"wp","href":"https:\/\/api.w.org\/{rel}","templated":true}]}}