{"id":41571,"date":"2023-03-21T10:17:54","date_gmt":"2023-03-21T13:17:54","guid":{"rendered":"https:\/\/insurancecorp.com.br\/pt\/?p=41571"},"modified":"2023-03-21T10:19:45","modified_gmt":"2023-03-21T13:19:45","slug":"cinco-tendencias-para-a-capacitacao-de-pessoas","status":"publish","type":"post","link":"https:\/\/insurancecorp.com.br\/pt\/2023\/03\/21\/cinco-tendencias-para-a-capacitacao-de-pessoas\/","title":{"rendered":"Cinco tend\u00eancias para a capacita\u00e7\u00e3o de pessoas"},"content":{"rendered":"<p>As oportunidades de capacita\u00e7\u00e3o e desenvolvimento s\u00e3o crit\u00e9rios importantes na hora de escolher, permanecer ou mudar de emprego para 92% dos trabalhadores brasileiros, de acordo com Pesquisa Workmonitor, realizada pela randstad, em 2022, com mais de 30 mil pessoas ao redor do mundo. Nesse sentido, \u00e9 importante ter um olhar cada vez mais atento das empresas para com os seus funcion\u00e1rios. Dada a relev\u00e2ncia do tema para o desenvolvimento profissional das pessoas e, consequentemente, para a prosperidade do neg\u00f3cio, em qual dire\u00e7\u00e3o as empresas devem focar seus projetos de capacita\u00e7\u00e3o? Valdirene Soares Secato (foto), Diretora de Recursos Humanos, Ouvidoria e Sustentabilidade do Grupo Bradesco Seguros, aponta abaixo algumas das tend\u00eancias para o mercado em 2023:<\/p>\n<p><strong>1 \u2013 Trilhas de aprendizagem<\/strong><br \/>\nPor oferecer diversos conte\u00fados sequenciais que buscam ensinar com maior profundidade sobre um determinado tema, as trilhas de aprendizagem t\u00eam se mostrado grande aliada do desenvolvimento profissional. Esse modelo apresenta uma variedade de formatos e tamanhos, podendo envolver textos, palestras, entrevistas, podcasts entre outros. A apresenta\u00e7\u00e3o em partes tamb\u00e9m facilita na hora do consumo, sendo que o funcion\u00e1rio pode se dedicar ao treinamento, adaptando assim o aprendizado a sua rotina.<\/p>\n<p><strong>2 \u2013 Nanolearning<\/strong><br \/>\nCom a disputa cada vez mais acirrada pela aten\u00e7\u00e3o, dados os in\u00fameros est\u00edmulos que recebemos a todo instante, criar conte\u00fados relevantes, que se encaixem em curtos espa\u00e7os, \u00e9 um grande desafio. Surge a\u00ed o nanolearning, que consiste em doses de conhecimento que podem ser encontradas em diversos formatos, pensadas para serem consumidas em at\u00e9 dois minutos.<\/p>\n<p>De acordo com pesquisa da Microsoft Corp, o tempo m\u00e9dio de concentra\u00e7\u00e3o hoje \u00e9 de apenas oito segundos, quatro a menos do que a m\u00e9dia nos anos 2000. Por isso, formatos curtos est\u00e3o florescendo no mercado. Mas n\u00e3o se engane: n\u00e3o \u00e9 apenas produzir conte\u00fado deste tipo, o material deve ser pensado como complementar a outras modalidades e deve ser coeso com o todo, permitindo que o funcion\u00e1rio o utilize para aprender alguma novidade r\u00e1pida ou fortalecer o conhecimento em outras \u00e1reas.<\/p>\n<p><strong>3 &#8211; Gamifica\u00e7\u00e3o<\/strong><br \/>\nNovamente aqui entramos na disputa pela aten\u00e7\u00e3o. N\u00e3o podemos nos negar a ver as aceleradas mudan\u00e7as que aconteceram nas \u00faltimas d\u00e9cadas e continuar produzindo educa\u00e7\u00e3o corporativa como se fazia nos anos 80. A gamifica\u00e7\u00e3o, como o pr\u00f3prio nome diz, consiste em transformar conte\u00fados educativos em jogos. Com isso, o material fica mais din\u00e2mico, interativo e cresce a fixa\u00e7\u00e3o do aprendizado.<\/p>\n<p><strong>4 \u2013 Capacita\u00e7\u00e3o remota<\/strong><br \/>\nA capacita\u00e7\u00e3o deve estar onde o funcion\u00e1rio est\u00e1. Quanto mais simples o acesso, maior o interesse e capilaridade do ensino dentro de sua organiza\u00e7\u00e3o. Por mais que os cursos presenciais sejam importantes e estejam voltando com tudo, disponibilizar conte\u00fado remoto, para ser acessado onde o funcion\u00e1rio quiser e quando quiser \u2013 notebook, tablet ou celular \u2013 aumenta a chance da sua organiza\u00e7\u00e3o ter sucesso na captura desta aten\u00e7\u00e3o do funcion\u00e1rio e em seu aprendizado.<\/p>\n<p><strong>5 &#8211; Humaniza\u00e7\u00e3o<\/strong><br \/>\nA \u00e1rea de Recursos Humanos deve fornecer conte\u00fados n\u00e3o apenas t\u00e9cnicos (hard skills), mas que tamb\u00e9m foquem nas rela\u00e7\u00f5es interpessoais (soft skills). A humaniza\u00e7\u00e3o, empatia, o saber ouvir e se comunicar, \u00e9 algo fundamental para o bom andamento de uma empresa, que deve fornecer capacita\u00e7\u00e3o neste sentido para os seus funcion\u00e1rios.<\/p>\n<p><strong>Edelman<\/strong><\/p>\n","protected":false},"excerpt":{"rendered":"<p>As oportunidades de capacita\u00e7\u00e3o e desenvolvimento s\u00e3o crit\u00e9rios importantes na hora de escolher, permanecer ou mudar de emprego para 92% dos trabalhadores brasileiros, de acordo com Pesquisa Workmonitor, realizada pela randstad, em 2022, com mais de 30 mil pessoas ao redor do mundo. Nesse sentido, \u00e9 importante ter um olhar cada vez mais atento das [&hellip;]<\/p>\n","protected":false},"author":2,"featured_media":41572,"comment_status":"open","ping_status":"open","sticky":false,"template":"","format":"standard","meta":[],"categories":[413],"tags":[610,7323,7322],"jetpack_featured_media_url":"https:\/\/insurancecorp.com.br\/pt\/wp-content\/uploads\/2023\/03\/Valdirene-Soares-scaled-e1679404635900.jpg","yoast_head":"<!-- This site is optimized with the Yoast SEO plugin v14.8 - https:\/\/yoast.com\/wordpress\/plugins\/seo\/ -->\n<title>Cinco tend\u00eancias para a capacita\u00e7\u00e3o de pessoas | Revista Insurance Corp | PT-BR<\/title>\n<meta name=\"robots\" content=\"index, follow\" \/>\n<meta name=\"googlebot\" content=\"index, follow, max-snippet:-1, max-image-preview:large, max-video-preview:-1\" \/>\n<meta name=\"bingbot\" content=\"index, follow, max-snippet:-1, max-image-preview:large, max-video-preview:-1\" \/>\n<link rel=\"canonical\" href=\"https:\/\/insurancecorp.com.br\/pt\/2023\/03\/21\/cinco-tendencias-para-a-capacitacao-de-pessoas\/\" \/>\n<meta property=\"og:locale\" content=\"pt_BR\" \/>\n<meta property=\"og:type\" content=\"article\" \/>\n<meta property=\"og:title\" content=\"Cinco tend\u00eancias para a capacita\u00e7\u00e3o de pessoas | Revista Insurance Corp | PT-BR\" \/>\n<meta property=\"og:description\" content=\"As oportunidades de capacita\u00e7\u00e3o e desenvolvimento s\u00e3o crit\u00e9rios importantes na hora de escolher, permanecer ou mudar de emprego para 92% dos trabalhadores brasileiros, de acordo com Pesquisa Workmonitor, realizada pela randstad, em 2022, com mais de 30 mil pessoas ao redor do mundo. Nesse sentido, \u00e9 importante ter um olhar cada vez mais atento das [&hellip;]\" \/>\n<meta property=\"og:url\" content=\"https:\/\/insurancecorp.com.br\/pt\/2023\/03\/21\/cinco-tendencias-para-a-capacitacao-de-pessoas\/\" \/>\n<meta property=\"og:site_name\" content=\"Revista Insurance Corp | PT-BR\" \/>\n<meta property=\"article:publisher\" content=\"https:\/\/www.facebook.com\/RevistaInsuranceCorp\/\" \/>\n<meta property=\"article:published_time\" content=\"2023-03-21T13:17:54+00:00\" \/>\n<meta property=\"article:modified_time\" content=\"2023-03-21T13:19:45+00:00\" \/>\n<meta property=\"og:image\" content=\"https:\/\/insurancecorp.com.br\/pt\/wp-content\/uploads\/2023\/03\/Valdirene-Soares-scaled-e1679404635900.jpg\" \/>\n\t<meta property=\"og:image:width\" content=\"2560\" \/>\n\t<meta property=\"og:image:height\" content=\"1337\" \/>\n<meta name=\"twitter:card\" content=\"summary\" \/>\n<script type=\"application\/ld+json\" class=\"yoast-schema-graph\">{\"@context\":\"https:\/\/schema.org\",\"@graph\":[{\"@type\":\"Organization\",\"@id\":\"https:\/\/insurancecorp.com.br\/pt\/#organization\",\"name\":\"Revista Insurance Corp\",\"url\":\"https:\/\/insurancecorp.com.br\/pt\/\",\"sameAs\":[\"https:\/\/www.facebook.com\/RevistaInsuranceCorp\/\"],\"logo\":{\"@type\":\"ImageObject\",\"@id\":\"https:\/\/insurancecorp.com.br\/pt\/#logo\",\"inLanguage\":\"pt-BR\",\"url\":\"\",\"caption\":\"Revista Insurance Corp\"},\"image\":{\"@id\":\"https:\/\/insurancecorp.com.br\/pt\/#logo\"}},{\"@type\":\"WebSite\",\"@id\":\"https:\/\/insurancecorp.com.br\/pt\/#website\",\"url\":\"https:\/\/insurancecorp.com.br\/pt\/\",\"name\":\"Revista Insurance Corp | PT-BR\",\"description\":\"A \\u00fanica revista bil\\u00edngue voltada ao mercado de seguro.\",\"publisher\":{\"@id\":\"https:\/\/insurancecorp.com.br\/pt\/#organization\"},\"potentialAction\":[{\"@type\":\"SearchAction\",\"target\":\"https:\/\/insurancecorp.com.br\/pt\/?s={search_term_string}\",\"query-input\":\"required name=search_term_string\"}],\"inLanguage\":\"pt-BR\"},{\"@type\":\"ImageObject\",\"@id\":\"https:\/\/insurancecorp.com.br\/pt\/2023\/03\/21\/cinco-tendencias-para-a-capacitacao-de-pessoas\/#primaryimage\",\"inLanguage\":\"pt-BR\",\"url\":\"https:\/\/insurancecorp.com.br\/pt\/wp-content\/uploads\/2023\/03\/Valdirene-Soares-scaled-e1679404635900.jpg\",\"width\":2560,\"height\":1337},{\"@type\":\"WebPage\",\"@id\":\"https:\/\/insurancecorp.com.br\/pt\/2023\/03\/21\/cinco-tendencias-para-a-capacitacao-de-pessoas\/#webpage\",\"url\":\"https:\/\/insurancecorp.com.br\/pt\/2023\/03\/21\/cinco-tendencias-para-a-capacitacao-de-pessoas\/\",\"name\":\"Cinco tend\\u00eancias para a capacita\\u00e7\\u00e3o de pessoas | Revista Insurance Corp | PT-BR\",\"isPartOf\":{\"@id\":\"https:\/\/insurancecorp.com.br\/pt\/#website\"},\"primaryImageOfPage\":{\"@id\":\"https:\/\/insurancecorp.com.br\/pt\/2023\/03\/21\/cinco-tendencias-para-a-capacitacao-de-pessoas\/#primaryimage\"},\"datePublished\":\"2023-03-21T13:17:54+00:00\",\"dateModified\":\"2023-03-21T13:19:45+00:00\",\"inLanguage\":\"pt-BR\",\"potentialAction\":[{\"@type\":\"ReadAction\",\"target\":[\"https:\/\/insurancecorp.com.br\/pt\/2023\/03\/21\/cinco-tendencias-para-a-capacitacao-de-pessoas\/\"]}]},{\"@type\":\"Article\",\"@id\":\"https:\/\/insurancecorp.com.br\/pt\/2023\/03\/21\/cinco-tendencias-para-a-capacitacao-de-pessoas\/#article\",\"isPartOf\":{\"@id\":\"https:\/\/insurancecorp.com.br\/pt\/2023\/03\/21\/cinco-tendencias-para-a-capacitacao-de-pessoas\/#webpage\"},\"author\":{\"@id\":\"https:\/\/insurancecorp.com.br\/pt\/#\/schema\/person\/1b69c8cf325f0b7167f1b171f52df4af\"},\"headline\":\"Cinco tend\\u00eancias para a capacita\\u00e7\\u00e3o de pessoas\",\"datePublished\":\"2023-03-21T13:17:54+00:00\",\"dateModified\":\"2023-03-21T13:19:45+00:00\",\"mainEntityOfPage\":{\"@id\":\"https:\/\/insurancecorp.com.br\/pt\/2023\/03\/21\/cinco-tendencias-para-a-capacitacao-de-pessoas\/#webpage\"},\"commentCount\":0,\"publisher\":{\"@id\":\"https:\/\/insurancecorp.com.br\/pt\/#organization\"},\"image\":{\"@id\":\"https:\/\/insurancecorp.com.br\/pt\/2023\/03\/21\/cinco-tendencias-para-a-capacitacao-de-pessoas\/#primaryimage\"},\"keywords\":\"bradesco seguros,capacita\\u00e7\\u00e3o de pessoas,cinco tend\\u00eancias\",\"articleSection\":\"Bradesco Seguros\",\"inLanguage\":\"pt-BR\",\"potentialAction\":[{\"@type\":\"CommentAction\",\"name\":\"Comment\",\"target\":[\"https:\/\/insurancecorp.com.br\/pt\/2023\/03\/21\/cinco-tendencias-para-a-capacitacao-de-pessoas\/#respond\"]}]},{\"@type\":\"Person\",\"@id\":\"https:\/\/insurancecorp.com.br\/pt\/#\/schema\/person\/1b69c8cf325f0b7167f1b171f52df4af\",\"name\":\"Publica\\u00e7\\u00e3o\",\"image\":{\"@type\":\"ImageObject\",\"@id\":\"https:\/\/insurancecorp.com.br\/pt\/#personlogo\",\"inLanguage\":\"pt-BR\",\"url\":\"https:\/\/secure.gravatar.com\/avatar\/17226f1f60486eb25d4c6b301ffed37f?s=96&d=mm&r=g\",\"caption\":\"Publica\\u00e7\\u00e3o\"}}]}<\/script>\n<!-- \/ Yoast SEO plugin. -->","_links":{"self":[{"href":"https:\/\/insurancecorp.com.br\/pt\/wp-json\/wp\/v2\/posts\/41571"}],"collection":[{"href":"https:\/\/insurancecorp.com.br\/pt\/wp-json\/wp\/v2\/posts"}],"about":[{"href":"https:\/\/insurancecorp.com.br\/pt\/wp-json\/wp\/v2\/types\/post"}],"author":[{"embeddable":true,"href":"https:\/\/insurancecorp.com.br\/pt\/wp-json\/wp\/v2\/users\/2"}],"replies":[{"embeddable":true,"href":"https:\/\/insurancecorp.com.br\/pt\/wp-json\/wp\/v2\/comments?post=41571"}],"version-history":[{"count":2,"href":"https:\/\/insurancecorp.com.br\/pt\/wp-json\/wp\/v2\/posts\/41571\/revisions"}],"predecessor-version":[{"id":41574,"href":"https:\/\/insurancecorp.com.br\/pt\/wp-json\/wp\/v2\/posts\/41571\/revisions\/41574"}],"wp:featuredmedia":[{"embeddable":true,"href":"https:\/\/insurancecorp.com.br\/pt\/wp-json\/wp\/v2\/media\/41572"}],"wp:attachment":[{"href":"https:\/\/insurancecorp.com.br\/pt\/wp-json\/wp\/v2\/media?parent=41571"}],"wp:term":[{"taxonomy":"category","embeddable":true,"href":"https:\/\/insurancecorp.com.br\/pt\/wp-json\/wp\/v2\/categories?post=41571"},{"taxonomy":"post_tag","embeddable":true,"href":"https:\/\/insurancecorp.com.br\/pt\/wp-json\/wp\/v2\/tags?post=41571"}],"curies":[{"name":"wp","href":"https:\/\/api.w.org\/{rel}","templated":true}]}}