{"id":41529,"date":"2023-03-20T18:11:41","date_gmt":"2023-03-20T21:11:41","guid":{"rendered":"https:\/\/insurancecorp.com.br\/pt\/?p=41529"},"modified":"2023-03-20T18:11:41","modified_gmt":"2023-03-20T21:11:41","slug":"bradesco-seguros-promove-encontro-com-corretores-em-sao-paulo","status":"publish","type":"post","link":"https:\/\/insurancecorp.com.br\/pt\/2023\/03\/20\/bradesco-seguros-promove-encontro-com-corretores-em-sao-paulo\/","title":{"rendered":"Bradesco Seguros promove encontro com corretores em S\u00e3o Paulo"},"content":{"rendered":"<p>A Bradesco Seguros realizou, nos dias 16 e 17 de mar\u00e7o, o segundo compromisso da agenda de Encontros Comerciais da Companhia. O evento aconteceu em S\u00e3o Paulo (SP) e reuniu executivos da seguradora e corretores de seguros.<\/p>\n<p>O encontro, idealizado pelo diretor-presidente da Bradesco Auto\/RE, Ney Dias, \u00e9 uma forma de estreitar o relacionamento com seus principais parceiros, os corretores de seguros. O objetivo \u00e9 apresentar novidades em produtos e investimentos em novos canais de comunica\u00e7\u00e3o, servi\u00e7os e assist\u00eancias aos profissionais.<\/p>\n<p>Ney Dias e o diretor comercial da Bradesco Auto\/RE, Leonardo Freitas, destacaram a import\u00e2ncia do di\u00e1logo com os canais de distribui\u00e7\u00e3o de seguros. Segundo Freitas, o encontro demonstra o desejo da Bradesco Seguros de ir \u00e0 ponta conversar com a distribui\u00e7\u00e3o para constru\u00e7\u00e3o conjunta de uma companhia ainda melhor.<\/p>\n<p>Dias, por sua vez, enfatizou a import\u00e2ncia de promover melhorias para aumentar a efic\u00e1cia do trabalho dos corretores. \u201cPara otimizarmos a a\u00e7\u00e3o dos corretores, aprimoramos cada vez mais o nosso portal para que o trabalho possa ser agilizado. Quanto mais intelig\u00eancia de neg\u00f3cios os corretores tiverem, mais efic\u00e1cia alcan\u00e7ar\u00e3o, garantindo um crescimento sustent\u00e1vel da companhia\u201d, destacou o executivo.<\/p>\n<p>Al\u00e9m do diretor-presidente, Ney Dias, e do diretor comercial, Leonardo Freitas, tamb\u00e9m estiveram presentes no Encontro Comercial de S\u00e3o Paulo o diretor de Auto\/RE, Saint\u2019Clair Lima; os superintendentes executivos, Du\u00edlio Varnier e Luiz Carlos Gomes; o superintendente regional, Emanuel Paiva; o superintendente de neg\u00f3cios, Carlos Rodrigo Dias; e os gerentes de subscri\u00e7\u00e3o, Thiago Sousa e Vitor Magalh\u00e3es. A pr\u00f3xima edi\u00e7\u00e3o do encontro est\u00e1 prevista para maio.<\/p>\n<p><strong>Approach<\/strong><\/p>\n","protected":false},"excerpt":{"rendered":"<p>A Bradesco Seguros realizou, nos dias 16 e 17 de mar\u00e7o, o segundo compromisso da agenda de Encontros Comerciais da Companhia. O evento aconteceu em S\u00e3o Paulo (SP) e reuniu executivos da seguradora e corretores de seguros. O encontro, idealizado pelo diretor-presidente da Bradesco Auto\/RE, Ney Dias, \u00e9 uma forma de estreitar o relacionamento com [&hellip;]<\/p>\n","protected":false},"author":2,"featured_media":41530,"comment_status":"open","ping_status":"open","sticky":false,"template":"","format":"standard","meta":[],"categories":[413],"tags":[610,1680,3919,657],"jetpack_featured_media_url":"https:\/\/insurancecorp.com.br\/pt\/wp-content\/uploads\/2023\/03\/1-89-e1679346368806.jpg","yoast_head":"<!-- This site is optimized with the Yoast SEO plugin v14.8 - https:\/\/yoast.com\/wordpress\/plugins\/seo\/ -->\n<title>Bradesco Seguros promove encontro com corretores em S\u00e3o Paulo | Revista Insurance Corp | PT-BR<\/title>\n<meta name=\"robots\" content=\"index, follow\" \/>\n<meta name=\"googlebot\" content=\"index, follow, max-snippet:-1, max-image-preview:large, max-video-preview:-1\" \/>\n<meta name=\"bingbot\" content=\"index, follow, max-snippet:-1, max-image-preview:large, max-video-preview:-1\" \/>\n<link rel=\"canonical\" href=\"https:\/\/insurancecorp.com.br\/pt\/2023\/03\/20\/bradesco-seguros-promove-encontro-com-corretores-em-sao-paulo\/\" \/>\n<meta property=\"og:locale\" content=\"pt_BR\" \/>\n<meta property=\"og:type\" content=\"article\" \/>\n<meta property=\"og:title\" content=\"Bradesco Seguros promove encontro com corretores em S\u00e3o Paulo | Revista Insurance Corp | PT-BR\" \/>\n<meta property=\"og:description\" content=\"A Bradesco Seguros realizou, nos dias 16 e 17 de mar\u00e7o, o segundo compromisso da agenda de Encontros Comerciais da Companhia. O evento aconteceu em S\u00e3o Paulo (SP) e reuniu executivos da seguradora e corretores de seguros. O encontro, idealizado pelo diretor-presidente da Bradesco Auto\/RE, Ney Dias, \u00e9 uma forma de estreitar o relacionamento com [&hellip;]\" \/>\n<meta property=\"og:url\" content=\"https:\/\/insurancecorp.com.br\/pt\/2023\/03\/20\/bradesco-seguros-promove-encontro-com-corretores-em-sao-paulo\/\" \/>\n<meta property=\"og:site_name\" content=\"Revista Insurance Corp | PT-BR\" \/>\n<meta property=\"article:publisher\" content=\"https:\/\/www.facebook.com\/RevistaInsuranceCorp\/\" \/>\n<meta property=\"article:published_time\" content=\"2023-03-20T21:11:41+00:00\" \/>\n<meta property=\"og:image\" content=\"https:\/\/insurancecorp.com.br\/pt\/wp-content\/uploads\/2023\/03\/1-89-e1679346368806.jpg\" \/>\n\t<meta property=\"og:image:width\" content=\"800\" \/>\n\t<meta property=\"og:image:height\" content=\"466\" \/>\n<meta name=\"twitter:card\" content=\"summary\" \/>\n<script type=\"application\/ld+json\" class=\"yoast-schema-graph\">{\"@context\":\"https:\/\/schema.org\",\"@graph\":[{\"@type\":\"Organization\",\"@id\":\"https:\/\/insurancecorp.com.br\/pt\/#organization\",\"name\":\"Revista Insurance Corp\",\"url\":\"https:\/\/insurancecorp.com.br\/pt\/\",\"sameAs\":[\"https:\/\/www.facebook.com\/RevistaInsuranceCorp\/\"],\"logo\":{\"@type\":\"ImageObject\",\"@id\":\"https:\/\/insurancecorp.com.br\/pt\/#logo\",\"inLanguage\":\"pt-BR\",\"url\":\"\",\"caption\":\"Revista Insurance Corp\"},\"image\":{\"@id\":\"https:\/\/insurancecorp.com.br\/pt\/#logo\"}},{\"@type\":\"WebSite\",\"@id\":\"https:\/\/insurancecorp.com.br\/pt\/#website\",\"url\":\"https:\/\/insurancecorp.com.br\/pt\/\",\"name\":\"Revista Insurance Corp | PT-BR\",\"description\":\"A \\u00fanica revista bil\\u00edngue voltada ao mercado de seguro.\",\"publisher\":{\"@id\":\"https:\/\/insurancecorp.com.br\/pt\/#organization\"},\"potentialAction\":[{\"@type\":\"SearchAction\",\"target\":\"https:\/\/insurancecorp.com.br\/pt\/?s={search_term_string}\",\"query-input\":\"required name=search_term_string\"}],\"inLanguage\":\"pt-BR\"},{\"@type\":\"ImageObject\",\"@id\":\"https:\/\/insurancecorp.com.br\/pt\/2023\/03\/20\/bradesco-seguros-promove-encontro-com-corretores-em-sao-paulo\/#primaryimage\",\"inLanguage\":\"pt-BR\",\"url\":\"https:\/\/insurancecorp.com.br\/pt\/wp-content\/uploads\/2023\/03\/1-89-e1679346368806.jpg\",\"width\":800,\"height\":466},{\"@type\":\"WebPage\",\"@id\":\"https:\/\/insurancecorp.com.br\/pt\/2023\/03\/20\/bradesco-seguros-promove-encontro-com-corretores-em-sao-paulo\/#webpage\",\"url\":\"https:\/\/insurancecorp.com.br\/pt\/2023\/03\/20\/bradesco-seguros-promove-encontro-com-corretores-em-sao-paulo\/\",\"name\":\"Bradesco Seguros promove encontro com corretores em S\\u00e3o Paulo | Revista Insurance Corp | PT-BR\",\"isPartOf\":{\"@id\":\"https:\/\/insurancecorp.com.br\/pt\/#website\"},\"primaryImageOfPage\":{\"@id\":\"https:\/\/insurancecorp.com.br\/pt\/2023\/03\/20\/bradesco-seguros-promove-encontro-com-corretores-em-sao-paulo\/#primaryimage\"},\"datePublished\":\"2023-03-20T21:11:41+00:00\",\"dateModified\":\"2023-03-20T21:11:41+00:00\",\"inLanguage\":\"pt-BR\",\"potentialAction\":[{\"@type\":\"ReadAction\",\"target\":[\"https:\/\/insurancecorp.com.br\/pt\/2023\/03\/20\/bradesco-seguros-promove-encontro-com-corretores-em-sao-paulo\/\"]}]},{\"@type\":\"Article\",\"@id\":\"https:\/\/insurancecorp.com.br\/pt\/2023\/03\/20\/bradesco-seguros-promove-encontro-com-corretores-em-sao-paulo\/#article\",\"isPartOf\":{\"@id\":\"https:\/\/insurancecorp.com.br\/pt\/2023\/03\/20\/bradesco-seguros-promove-encontro-com-corretores-em-sao-paulo\/#webpage\"},\"author\":{\"@id\":\"https:\/\/insurancecorp.com.br\/pt\/#\/schema\/person\/1b69c8cf325f0b7167f1b171f52df4af\"},\"headline\":\"Bradesco Seguros promove encontro com corretores em S\\u00e3o Paulo\",\"datePublished\":\"2023-03-20T21:11:41+00:00\",\"dateModified\":\"2023-03-20T21:11:41+00:00\",\"mainEntityOfPage\":{\"@id\":\"https:\/\/insurancecorp.com.br\/pt\/2023\/03\/20\/bradesco-seguros-promove-encontro-com-corretores-em-sao-paulo\/#webpage\"},\"commentCount\":0,\"publisher\":{\"@id\":\"https:\/\/insurancecorp.com.br\/pt\/#organization\"},\"image\":{\"@id\":\"https:\/\/insurancecorp.com.br\/pt\/2023\/03\/20\/bradesco-seguros-promove-encontro-com-corretores-em-sao-paulo\/#primaryimage\"},\"keywords\":\"bradesco seguros,corretores de seguros,encontro,S\\u00e3o Paulo\",\"articleSection\":\"Bradesco Seguros\",\"inLanguage\":\"pt-BR\",\"potentialAction\":[{\"@type\":\"CommentAction\",\"name\":\"Comment\",\"target\":[\"https:\/\/insurancecorp.com.br\/pt\/2023\/03\/20\/bradesco-seguros-promove-encontro-com-corretores-em-sao-paulo\/#respond\"]}]},{\"@type\":\"Person\",\"@id\":\"https:\/\/insurancecorp.com.br\/pt\/#\/schema\/person\/1b69c8cf325f0b7167f1b171f52df4af\",\"name\":\"Publica\\u00e7\\u00e3o\",\"image\":{\"@type\":\"ImageObject\",\"@id\":\"https:\/\/insurancecorp.com.br\/pt\/#personlogo\",\"inLanguage\":\"pt-BR\",\"url\":\"https:\/\/secure.gravatar.com\/avatar\/17226f1f60486eb25d4c6b301ffed37f?s=96&d=mm&r=g\",\"caption\":\"Publica\\u00e7\\u00e3o\"}}]}<\/script>\n<!-- \/ Yoast SEO plugin. -->","_links":{"self":[{"href":"https:\/\/insurancecorp.com.br\/pt\/wp-json\/wp\/v2\/posts\/41529"}],"collection":[{"href":"https:\/\/insurancecorp.com.br\/pt\/wp-json\/wp\/v2\/posts"}],"about":[{"href":"https:\/\/insurancecorp.com.br\/pt\/wp-json\/wp\/v2\/types\/post"}],"author":[{"embeddable":true,"href":"https:\/\/insurancecorp.com.br\/pt\/wp-json\/wp\/v2\/users\/2"}],"replies":[{"embeddable":true,"href":"https:\/\/insurancecorp.com.br\/pt\/wp-json\/wp\/v2\/comments?post=41529"}],"version-history":[{"count":1,"href":"https:\/\/insurancecorp.com.br\/pt\/wp-json\/wp\/v2\/posts\/41529\/revisions"}],"predecessor-version":[{"id":41531,"href":"https:\/\/insurancecorp.com.br\/pt\/wp-json\/wp\/v2\/posts\/41529\/revisions\/41531"}],"wp:featuredmedia":[{"embeddable":true,"href":"https:\/\/insurancecorp.com.br\/pt\/wp-json\/wp\/v2\/media\/41530"}],"wp:attachment":[{"href":"https:\/\/insurancecorp.com.br\/pt\/wp-json\/wp\/v2\/media?parent=41529"}],"wp:term":[{"taxonomy":"category","embeddable":true,"href":"https:\/\/insurancecorp.com.br\/pt\/wp-json\/wp\/v2\/categories?post=41529"},{"taxonomy":"post_tag","embeddable":true,"href":"https:\/\/insurancecorp.com.br\/pt\/wp-json\/wp\/v2\/tags?post=41529"}],"curies":[{"name":"wp","href":"https:\/\/api.w.org\/{rel}","templated":true}]}}