{"id":40792,"date":"2023-02-22T18:43:24","date_gmt":"2023-02-22T21:43:24","guid":{"rendered":"https:\/\/insurancecorp.com.br\/pt\/?p=40792"},"modified":"2023-02-22T18:43:24","modified_gmt":"2023-02-22T21:43:24","slug":"plano-de-emergencia-da-zurich-atende-clientes-e-populacao-do-litoral-norte","status":"publish","type":"post","link":"https:\/\/insurancecorp.com.br\/pt\/2023\/02\/22\/plano-de-emergencia-da-zurich-atende-clientes-e-populacao-do-litoral-norte\/","title":{"rendered":"Plano de emerg\u00eancia da Zurich atende clientes e popula\u00e7\u00e3o do Litoral Norte"},"content":{"rendered":"<p>Desde domingo, dia 19, a Seguradora Zurich deu in\u00edcio a um protocolo de emerg\u00eancia para atender clientes e a popula\u00e7\u00e3o do Litoral Norte de S\u00e3o Paulo das cidades de Bertioga, S\u00e3o Sebasti\u00e3o, Caraguatatuba, Ubatuba e Ilhabela. A regi\u00e3o foi atingida por fortes chuvas no final de semana. Com o cen\u00e1rio de urg\u00eancia, a seguradora acionou imediatamente seu parceiro de assist\u00eancia autom\u00f3vel e resid\u00eancia, que destacou 65 posi\u00e7\u00f5es para priorizar atendimento de chamadas ligadas aos sinistros na regi\u00e3o. Cerca de 140 guinchos j\u00e1 foram acionados.<\/p>\n<p>A cidade mais atingida foi S\u00e3o Sebasti\u00e3o. A Zurich, por meio de duas parceiras, enviou ainda 10 peritos ao local.<\/p>\n<p>\u201cA Zurich se solidariza com as fam\u00edlias em situa\u00e7\u00e3o de vulnerabilidade no litoral, por isso, al\u00e9m do nosso atendimento aos segurados, tamb\u00e9m prestamos apoio log\u00edstico como deslocamento de t\u00e1xi para sa\u00edda das \u00e1reas atingidas e envio de equipamentos pr\u00f3prios para tirar carros das lamas\u201d, enfatiza Jos\u00e9 Carlos Silva, Diretor de Opera\u00e7\u00f5es de Sinistros da Seguradora Zurich.<\/p>\n<p>Al\u00e9m das medidas emergenciais, o time de Sinistros da seguradora est\u00e1 priorizando todos os processos de vistoria, visando agilizar o pagamento de poss\u00edveis indeniza\u00e7\u00f5es.<\/p>\n<p>\u201cH\u00e1 uma busca constante em estarmos sempre preparados para atender momentos cr\u00edticos como este. Nossa miss\u00e3o \u00e9 estar ainda mais pr\u00f3ximos dos nossos clientes, oferecendo um atendimento \u00e1gil e eficiente. Atuamos em tudo o que for poss\u00edvel para trazer seguran\u00e7a e acolhimento aos nossos segurados e \u00e0 popula\u00e7\u00e3o do Litoral Norte de S\u00e3o Paulo\u201d, finaliza Jos\u00e9 Carlos.<\/p>\n<p><strong>Conte\u00fado Comunica\u00e7\u00e3o<\/strong><\/p>\n<p><strong>Foto:<\/strong> Gazeta de S\u00e3o Paulo<\/p>\n","protected":false},"excerpt":{"rendered":"<p>Desde domingo, dia 19, a Seguradora Zurich deu in\u00edcio a um protocolo de emerg\u00eancia para atender clientes e a popula\u00e7\u00e3o do Litoral Norte de S\u00e3o Paulo das cidades de Bertioga, S\u00e3o Sebasti\u00e3o, Caraguatatuba, Ubatuba e Ilhabela. A regi\u00e3o foi atingida por fortes chuvas no final de semana. Com o cen\u00e1rio de urg\u00eancia, a seguradora acionou [&hellip;]<\/p>\n","protected":false},"author":2,"featured_media":40793,"comment_status":"open","ping_status":"open","sticky":false,"template":"","format":"standard","meta":[],"categories":[523],"tags":[2184,7042,7043,755],"jetpack_featured_media_url":"https:\/\/insurancecorp.com.br\/pt\/wp-content\/uploads\/2023\/02\/1-83.jpg","yoast_head":"<!-- This site is optimized with the Yoast SEO plugin v14.8 - https:\/\/yoast.com\/wordpress\/plugins\/seo\/ -->\n<title>Plano de emerg\u00eancia da Zurich atende clientes e popula\u00e7\u00e3o do Litoral Norte | Revista Insurance Corp | PT-BR<\/title>\n<meta name=\"robots\" content=\"index, follow\" \/>\n<meta name=\"googlebot\" content=\"index, follow, max-snippet:-1, max-image-preview:large, max-video-preview:-1\" \/>\n<meta name=\"bingbot\" content=\"index, follow, max-snippet:-1, max-image-preview:large, max-video-preview:-1\" \/>\n<link rel=\"canonical\" href=\"https:\/\/insurancecorp.com.br\/pt\/2023\/02\/22\/plano-de-emergencia-da-zurich-atende-clientes-e-populacao-do-litoral-norte\/\" \/>\n<meta property=\"og:locale\" content=\"pt_BR\" \/>\n<meta property=\"og:type\" content=\"article\" \/>\n<meta property=\"og:title\" content=\"Plano de emerg\u00eancia da Zurich atende clientes e popula\u00e7\u00e3o do Litoral Norte | Revista Insurance Corp | PT-BR\" \/>\n<meta property=\"og:description\" content=\"Desde domingo, dia 19, a Seguradora Zurich deu in\u00edcio a um protocolo de emerg\u00eancia para atender clientes e a popula\u00e7\u00e3o do Litoral Norte de S\u00e3o Paulo das cidades de Bertioga, S\u00e3o Sebasti\u00e3o, Caraguatatuba, Ubatuba e Ilhabela. A regi\u00e3o foi atingida por fortes chuvas no final de semana. Com o cen\u00e1rio de urg\u00eancia, a seguradora acionou [&hellip;]\" \/>\n<meta property=\"og:url\" content=\"https:\/\/insurancecorp.com.br\/pt\/2023\/02\/22\/plano-de-emergencia-da-zurich-atende-clientes-e-populacao-do-litoral-norte\/\" \/>\n<meta property=\"og:site_name\" content=\"Revista Insurance Corp | PT-BR\" \/>\n<meta property=\"article:publisher\" content=\"https:\/\/www.facebook.com\/RevistaInsuranceCorp\/\" \/>\n<meta property=\"article:published_time\" content=\"2023-02-22T21:43:24+00:00\" \/>\n<meta property=\"og:image\" content=\"https:\/\/insurancecorp.com.br\/pt\/wp-content\/uploads\/2023\/02\/1-83.jpg\" \/>\n\t<meta property=\"og:image:width\" content=\"920\" \/>\n\t<meta property=\"og:image:height\" content=\"614\" \/>\n<meta name=\"twitter:card\" content=\"summary\" \/>\n<script type=\"application\/ld+json\" class=\"yoast-schema-graph\">{\"@context\":\"https:\/\/schema.org\",\"@graph\":[{\"@type\":\"Organization\",\"@id\":\"https:\/\/insurancecorp.com.br\/pt\/#organization\",\"name\":\"Revista Insurance Corp\",\"url\":\"https:\/\/insurancecorp.com.br\/pt\/\",\"sameAs\":[\"https:\/\/www.facebook.com\/RevistaInsuranceCorp\/\"],\"logo\":{\"@type\":\"ImageObject\",\"@id\":\"https:\/\/insurancecorp.com.br\/pt\/#logo\",\"inLanguage\":\"pt-BR\",\"url\":\"\",\"caption\":\"Revista Insurance Corp\"},\"image\":{\"@id\":\"https:\/\/insurancecorp.com.br\/pt\/#logo\"}},{\"@type\":\"WebSite\",\"@id\":\"https:\/\/insurancecorp.com.br\/pt\/#website\",\"url\":\"https:\/\/insurancecorp.com.br\/pt\/\",\"name\":\"Revista Insurance Corp | PT-BR\",\"description\":\"A \\u00fanica revista bil\\u00edngue voltada ao mercado de seguro.\",\"publisher\":{\"@id\":\"https:\/\/insurancecorp.com.br\/pt\/#organization\"},\"potentialAction\":[{\"@type\":\"SearchAction\",\"target\":\"https:\/\/insurancecorp.com.br\/pt\/?s={search_term_string}\",\"query-input\":\"required name=search_term_string\"}],\"inLanguage\":\"pt-BR\"},{\"@type\":\"ImageObject\",\"@id\":\"https:\/\/insurancecorp.com.br\/pt\/2023\/02\/22\/plano-de-emergencia-da-zurich-atende-clientes-e-populacao-do-litoral-norte\/#primaryimage\",\"inLanguage\":\"pt-BR\",\"url\":\"https:\/\/insurancecorp.com.br\/pt\/wp-content\/uploads\/2023\/02\/1-83.jpg\",\"width\":920,\"height\":614},{\"@type\":\"WebPage\",\"@id\":\"https:\/\/insurancecorp.com.br\/pt\/2023\/02\/22\/plano-de-emergencia-da-zurich-atende-clientes-e-populacao-do-litoral-norte\/#webpage\",\"url\":\"https:\/\/insurancecorp.com.br\/pt\/2023\/02\/22\/plano-de-emergencia-da-zurich-atende-clientes-e-populacao-do-litoral-norte\/\",\"name\":\"Plano de emerg\\u00eancia da Zurich atende clientes e popula\\u00e7\\u00e3o do Litoral Norte | Revista Insurance Corp | PT-BR\",\"isPartOf\":{\"@id\":\"https:\/\/insurancecorp.com.br\/pt\/#website\"},\"primaryImageOfPage\":{\"@id\":\"https:\/\/insurancecorp.com.br\/pt\/2023\/02\/22\/plano-de-emergencia-da-zurich-atende-clientes-e-populacao-do-litoral-norte\/#primaryimage\"},\"datePublished\":\"2023-02-22T21:43:24+00:00\",\"dateModified\":\"2023-02-22T21:43:24+00:00\",\"inLanguage\":\"pt-BR\",\"potentialAction\":[{\"@type\":\"ReadAction\",\"target\":[\"https:\/\/insurancecorp.com.br\/pt\/2023\/02\/22\/plano-de-emergencia-da-zurich-atende-clientes-e-populacao-do-litoral-norte\/\"]}]},{\"@type\":\"Article\",\"@id\":\"https:\/\/insurancecorp.com.br\/pt\/2023\/02\/22\/plano-de-emergencia-da-zurich-atende-clientes-e-populacao-do-litoral-norte\/#article\",\"isPartOf\":{\"@id\":\"https:\/\/insurancecorp.com.br\/pt\/2023\/02\/22\/plano-de-emergencia-da-zurich-atende-clientes-e-populacao-do-litoral-norte\/#webpage\"},\"author\":{\"@id\":\"https:\/\/insurancecorp.com.br\/pt\/#\/schema\/person\/1b69c8cf325f0b7167f1b171f52df4af\"},\"headline\":\"Plano de emerg\\u00eancia da Zurich atende clientes e popula\\u00e7\\u00e3o do Litoral Norte\",\"datePublished\":\"2023-02-22T21:43:24+00:00\",\"dateModified\":\"2023-02-22T21:43:24+00:00\",\"mainEntityOfPage\":{\"@id\":\"https:\/\/insurancecorp.com.br\/pt\/2023\/02\/22\/plano-de-emergencia-da-zurich-atende-clientes-e-populacao-do-litoral-norte\/#webpage\"},\"commentCount\":0,\"publisher\":{\"@id\":\"https:\/\/insurancecorp.com.br\/pt\/#organization\"},\"image\":{\"@id\":\"https:\/\/insurancecorp.com.br\/pt\/2023\/02\/22\/plano-de-emergencia-da-zurich-atende-clientes-e-populacao-do-litoral-norte\/#primaryimage\"},\"keywords\":\"clientes,Plano de emerg\\u00eancia,popula\\u00e7\\u00e3o Litoral norte,Zurich\",\"articleSection\":\"Zurich no Brasil\",\"inLanguage\":\"pt-BR\",\"potentialAction\":[{\"@type\":\"CommentAction\",\"name\":\"Comment\",\"target\":[\"https:\/\/insurancecorp.com.br\/pt\/2023\/02\/22\/plano-de-emergencia-da-zurich-atende-clientes-e-populacao-do-litoral-norte\/#respond\"]}]},{\"@type\":\"Person\",\"@id\":\"https:\/\/insurancecorp.com.br\/pt\/#\/schema\/person\/1b69c8cf325f0b7167f1b171f52df4af\",\"name\":\"Publica\\u00e7\\u00e3o\",\"image\":{\"@type\":\"ImageObject\",\"@id\":\"https:\/\/insurancecorp.com.br\/pt\/#personlogo\",\"inLanguage\":\"pt-BR\",\"url\":\"https:\/\/secure.gravatar.com\/avatar\/17226f1f60486eb25d4c6b301ffed37f?s=96&d=mm&r=g\",\"caption\":\"Publica\\u00e7\\u00e3o\"}}]}<\/script>\n<!-- \/ Yoast SEO plugin. -->","_links":{"self":[{"href":"https:\/\/insurancecorp.com.br\/pt\/wp-json\/wp\/v2\/posts\/40792"}],"collection":[{"href":"https:\/\/insurancecorp.com.br\/pt\/wp-json\/wp\/v2\/posts"}],"about":[{"href":"https:\/\/insurancecorp.com.br\/pt\/wp-json\/wp\/v2\/types\/post"}],"author":[{"embeddable":true,"href":"https:\/\/insurancecorp.com.br\/pt\/wp-json\/wp\/v2\/users\/2"}],"replies":[{"embeddable":true,"href":"https:\/\/insurancecorp.com.br\/pt\/wp-json\/wp\/v2\/comments?post=40792"}],"version-history":[{"count":1,"href":"https:\/\/insurancecorp.com.br\/pt\/wp-json\/wp\/v2\/posts\/40792\/revisions"}],"predecessor-version":[{"id":40794,"href":"https:\/\/insurancecorp.com.br\/pt\/wp-json\/wp\/v2\/posts\/40792\/revisions\/40794"}],"wp:featuredmedia":[{"embeddable":true,"href":"https:\/\/insurancecorp.com.br\/pt\/wp-json\/wp\/v2\/media\/40793"}],"wp:attachment":[{"href":"https:\/\/insurancecorp.com.br\/pt\/wp-json\/wp\/v2\/media?parent=40792"}],"wp:term":[{"taxonomy":"category","embeddable":true,"href":"https:\/\/insurancecorp.com.br\/pt\/wp-json\/wp\/v2\/categories?post=40792"},{"taxonomy":"post_tag","embeddable":true,"href":"https:\/\/insurancecorp.com.br\/pt\/wp-json\/wp\/v2\/tags?post=40792"}],"curies":[{"name":"wp","href":"https:\/\/api.w.org\/{rel}","templated":true}]}}