{"id":37998,"date":"2022-10-28T11:49:37","date_gmt":"2022-10-28T14:49:37","guid":{"rendered":"https:\/\/insurancecorp.com.br\/pt\/?p=37998"},"modified":"2022-10-28T11:49:37","modified_gmt":"2022-10-28T14:49:37","slug":"com-foco-na-longevidade-bradesco-saude-desenvolve-linha-de-cuidado-para-segurados-com-mais-de-60-anos","status":"publish","type":"post","link":"https:\/\/insurancecorp.com.br\/pt\/2022\/10\/28\/com-foco-na-longevidade-bradesco-saude-desenvolve-linha-de-cuidado-para-segurados-com-mais-de-60-anos\/","title":{"rendered":"Com foco na longevidade, Bradesco Sa\u00fade desenvolve linha de cuidado para segurados com mais de 60 anos"},"content":{"rendered":"<p>Para contribuir com a longevidade saud\u00e1vel de seus benefici\u00e1rios, a Bradesco Sa\u00fade oferece uma linha de cuidados preventivos voltada para atender \u00e0s necessidades dos pacientes com mais de 60 anos. O programa \u00e9 uma iniciativa recente, desenvolvida inicialmente para uma das empresas parceiras da operadora.<\/p>\n<p>Com menos de um ano de opera\u00e7\u00e3o, o projeto j\u00e1 obteve uma redu\u00e7\u00e3o de 25% de idas ao pronto-socorro por parte dos benefici\u00e1rios registrados na iniciativa. Oferecendo cuidado constante e conectando m\u00e9dico e paciente, por meio, principalmente, da preven\u00e7\u00e3o, o modelo registrou que mais da metade dos benefici\u00e1rios s\u00e3o do sexo masculino, correspondendo a cerca de 64%, enquanto as pacientes do sexo feminino representam 36%.<\/p>\n<p>O modelo personalizado de acompanhamento visa atender uma parcela da sociedade que segue em constante crescimento. Segundo o IBGE, nos \u00faltimos dez anos, a popula\u00e7\u00e3o com 60 anos ou mais cresceu quase 40%, ultrapassando mais 31 milh\u00f5es de brasileiros.<\/p>\n<p>\u201cCom o envelhecimento da popula\u00e7\u00e3o brasileira e a invers\u00e3o da pir\u00e2mide et\u00e1ria, a medicina preventiva torna-se ainda mais importante. Foi pensando na preven\u00e7\u00e3o, que \u00e9 um dos principais pilares da Bradesco Sa\u00fade, e nas necessidades \u00fanicas dos pacientes acima de 60 anos que o programa foi criado. A iniciativa tem como objetivo assegurar a manuten\u00e7\u00e3o de todas as capacidades do benefici\u00e1rio, com uma linha de cuidados especifica, provendo tamb\u00e9m a interven\u00e7\u00e3o necess\u00e1ria no tempo adequado\u201d, diz Maria Beatriz Padilha, superintendente executiva da Bradesco Sa\u00fade.<\/p>\n<p>O envelhecimento depende de diversos fatores e, segundo a Sociedade Brasileira de Geriatria e Gerontologia (SBGG), 60% s\u00e3o determinados pelos h\u00e1bitos de vida, sendo os outros 40% divididos igualmente entre fatores gen\u00e9ticos e ambientais. Pensando nas escolhas de cada indiv\u00edduo na constru\u00e7\u00e3o da sua qualidade de vida, o programa busca promover a ado\u00e7\u00e3o de h\u00e1bitos saud\u00e1veis, por meio do modelo de atendimento adequado e preventivo.<\/p>\n<p>A iniciativa faz parte do Juntos Pela Sa\u00fade \u2013 programa de qualidade de vida oferecido \u00e0s empresas clientes da Bradesco Sa\u00fade, com diversas a\u00e7\u00f5es e iniciativas que visam o bem-estar f\u00edsico e emocional dos benefici\u00e1rios, estimulando a ado\u00e7\u00e3o de estilo de vida saud\u00e1vel.<\/p>\n<p><strong>Approach Comunica\u00e7\u00e3o<\/strong><\/p>\n","protected":false},"excerpt":{"rendered":"<p>Para contribuir com a longevidade saud\u00e1vel de seus benefici\u00e1rios, a Bradesco Sa\u00fade oferece uma linha de cuidados preventivos voltada para atender \u00e0s necessidades dos pacientes com mais de 60 anos. O programa \u00e9 uma iniciativa recente, desenvolvida inicialmente para uma das empresas parceiras da operadora. Com menos de um ano de opera\u00e7\u00e3o, o projeto j\u00e1 [&hellip;]<\/p>\n","protected":false},"author":2,"featured_media":37999,"comment_status":"open","ping_status":"open","sticky":false,"template":"","format":"standard","meta":[],"categories":[413],"tags":[610,5915,5913,5914],"jetpack_featured_media_url":"https:\/\/insurancecorp.com.br\/pt\/wp-content\/uploads\/2022\/10\/BB-Mapfre_2017-1-scaled-e1666968522507.jpg","yoast_head":"<!-- This site is optimized with the Yoast SEO plugin v14.8 - https:\/\/yoast.com\/wordpress\/plugins\/seo\/ -->\n<title>Com foco na longevidade, Bradesco Sa\u00fade desenvolve linha de cuidado para segurados com mais de 60 anos | Revista Insurance Corp | PT-BR<\/title>\n<meta name=\"robots\" content=\"index, follow\" \/>\n<meta name=\"googlebot\" content=\"index, follow, max-snippet:-1, max-image-preview:large, max-video-preview:-1\" \/>\n<meta name=\"bingbot\" content=\"index, follow, max-snippet:-1, max-image-preview:large, max-video-preview:-1\" \/>\n<link rel=\"canonical\" href=\"https:\/\/insurancecorp.com.br\/pt\/2022\/10\/28\/com-foco-na-longevidade-bradesco-saude-desenvolve-linha-de-cuidado-para-segurados-com-mais-de-60-anos\/\" \/>\n<meta property=\"og:locale\" content=\"pt_BR\" \/>\n<meta property=\"og:type\" content=\"article\" \/>\n<meta property=\"og:title\" content=\"Com foco na longevidade, Bradesco Sa\u00fade desenvolve linha de cuidado para segurados com mais de 60 anos | Revista Insurance Corp | PT-BR\" \/>\n<meta property=\"og:description\" content=\"Para contribuir com a longevidade saud\u00e1vel de seus benefici\u00e1rios, a Bradesco Sa\u00fade oferece uma linha de cuidados preventivos voltada para atender \u00e0s necessidades dos pacientes com mais de 60 anos. O programa \u00e9 uma iniciativa recente, desenvolvida inicialmente para uma das empresas parceiras da operadora. Com menos de um ano de opera\u00e7\u00e3o, o projeto j\u00e1 [&hellip;]\" \/>\n<meta property=\"og:url\" content=\"https:\/\/insurancecorp.com.br\/pt\/2022\/10\/28\/com-foco-na-longevidade-bradesco-saude-desenvolve-linha-de-cuidado-para-segurados-com-mais-de-60-anos\/\" \/>\n<meta property=\"og:site_name\" content=\"Revista Insurance Corp | PT-BR\" \/>\n<meta property=\"article:publisher\" content=\"https:\/\/www.facebook.com\/RevistaInsuranceCorp\/\" \/>\n<meta property=\"article:published_time\" content=\"2022-10-28T14:49:37+00:00\" \/>\n<meta property=\"og:image\" content=\"https:\/\/insurancecorp.com.br\/pt\/wp-content\/uploads\/2022\/10\/BB-Mapfre_2017-1-scaled-e1666968522507.jpg\" \/>\n\t<meta property=\"og:image:width\" content=\"1707\" \/>\n\t<meta property=\"og:image:height\" content=\"1075\" \/>\n<meta name=\"twitter:card\" content=\"summary\" \/>\n<script type=\"application\/ld+json\" class=\"yoast-schema-graph\">{\"@context\":\"https:\/\/schema.org\",\"@graph\":[{\"@type\":\"Organization\",\"@id\":\"https:\/\/insurancecorp.com.br\/pt\/#organization\",\"name\":\"Revista Insurance Corp\",\"url\":\"https:\/\/insurancecorp.com.br\/pt\/\",\"sameAs\":[\"https:\/\/www.facebook.com\/RevistaInsuranceCorp\/\"],\"logo\":{\"@type\":\"ImageObject\",\"@id\":\"https:\/\/insurancecorp.com.br\/pt\/#logo\",\"inLanguage\":\"pt-BR\",\"url\":\"\",\"caption\":\"Revista Insurance Corp\"},\"image\":{\"@id\":\"https:\/\/insurancecorp.com.br\/pt\/#logo\"}},{\"@type\":\"WebSite\",\"@id\":\"https:\/\/insurancecorp.com.br\/pt\/#website\",\"url\":\"https:\/\/insurancecorp.com.br\/pt\/\",\"name\":\"Revista Insurance Corp | PT-BR\",\"description\":\"A \\u00fanica revista bil\\u00edngue voltada ao mercado de seguro.\",\"publisher\":{\"@id\":\"https:\/\/insurancecorp.com.br\/pt\/#organization\"},\"potentialAction\":[{\"@type\":\"SearchAction\",\"target\":\"https:\/\/insurancecorp.com.br\/pt\/?s={search_term_string}\",\"query-input\":\"required name=search_term_string\"}],\"inLanguage\":\"pt-BR\"},{\"@type\":\"ImageObject\",\"@id\":\"https:\/\/insurancecorp.com.br\/pt\/2022\/10\/28\/com-foco-na-longevidade-bradesco-saude-desenvolve-linha-de-cuidado-para-segurados-com-mais-de-60-anos\/#primaryimage\",\"inLanguage\":\"pt-BR\",\"url\":\"https:\/\/insurancecorp.com.br\/pt\/wp-content\/uploads\/2022\/10\/BB-Mapfre_2017-1-scaled-e1666968522507.jpg\",\"width\":1707,\"height\":1075},{\"@type\":\"WebPage\",\"@id\":\"https:\/\/insurancecorp.com.br\/pt\/2022\/10\/28\/com-foco-na-longevidade-bradesco-saude-desenvolve-linha-de-cuidado-para-segurados-com-mais-de-60-anos\/#webpage\",\"url\":\"https:\/\/insurancecorp.com.br\/pt\/2022\/10\/28\/com-foco-na-longevidade-bradesco-saude-desenvolve-linha-de-cuidado-para-segurados-com-mais-de-60-anos\/\",\"name\":\"Com foco na longevidade, Bradesco Sa\\u00fade desenvolve linha de cuidado para segurados com mais de 60 anos | Revista Insurance Corp | PT-BR\",\"isPartOf\":{\"@id\":\"https:\/\/insurancecorp.com.br\/pt\/#website\"},\"primaryImageOfPage\":{\"@id\":\"https:\/\/insurancecorp.com.br\/pt\/2022\/10\/28\/com-foco-na-longevidade-bradesco-saude-desenvolve-linha-de-cuidado-para-segurados-com-mais-de-60-anos\/#primaryimage\"},\"datePublished\":\"2022-10-28T14:49:37+00:00\",\"dateModified\":\"2022-10-28T14:49:37+00:00\",\"inLanguage\":\"pt-BR\",\"potentialAction\":[{\"@type\":\"ReadAction\",\"target\":[\"https:\/\/insurancecorp.com.br\/pt\/2022\/10\/28\/com-foco-na-longevidade-bradesco-saude-desenvolve-linha-de-cuidado-para-segurados-com-mais-de-60-anos\/\"]}]},{\"@type\":\"Article\",\"@id\":\"https:\/\/insurancecorp.com.br\/pt\/2022\/10\/28\/com-foco-na-longevidade-bradesco-saude-desenvolve-linha-de-cuidado-para-segurados-com-mais-de-60-anos\/#article\",\"isPartOf\":{\"@id\":\"https:\/\/insurancecorp.com.br\/pt\/2022\/10\/28\/com-foco-na-longevidade-bradesco-saude-desenvolve-linha-de-cuidado-para-segurados-com-mais-de-60-anos\/#webpage\"},\"author\":{\"@id\":\"https:\/\/insurancecorp.com.br\/pt\/#\/schema\/person\/1b69c8cf325f0b7167f1b171f52df4af\"},\"headline\":\"Com foco na longevidade, Bradesco Sa\\u00fade desenvolve linha de cuidado para segurados com mais de 60 anos\",\"datePublished\":\"2022-10-28T14:49:37+00:00\",\"dateModified\":\"2022-10-28T14:49:37+00:00\",\"mainEntityOfPage\":{\"@id\":\"https:\/\/insurancecorp.com.br\/pt\/2022\/10\/28\/com-foco-na-longevidade-bradesco-saude-desenvolve-linha-de-cuidado-para-segurados-com-mais-de-60-anos\/#webpage\"},\"commentCount\":0,\"publisher\":{\"@id\":\"https:\/\/insurancecorp.com.br\/pt\/#organization\"},\"image\":{\"@id\":\"https:\/\/insurancecorp.com.br\/pt\/2022\/10\/28\/com-foco-na-longevidade-bradesco-saude-desenvolve-linha-de-cuidado-para-segurados-com-mais-de-60-anos\/#primaryimage\"},\"keywords\":\"bradesco seguros,com mais de 60 anos,foco longevidade,linha de segurados\",\"articleSection\":\"Bradesco Seguros\",\"inLanguage\":\"pt-BR\",\"potentialAction\":[{\"@type\":\"CommentAction\",\"name\":\"Comment\",\"target\":[\"https:\/\/insurancecorp.com.br\/pt\/2022\/10\/28\/com-foco-na-longevidade-bradesco-saude-desenvolve-linha-de-cuidado-para-segurados-com-mais-de-60-anos\/#respond\"]}]},{\"@type\":\"Person\",\"@id\":\"https:\/\/insurancecorp.com.br\/pt\/#\/schema\/person\/1b69c8cf325f0b7167f1b171f52df4af\",\"name\":\"Publica\\u00e7\\u00e3o\",\"image\":{\"@type\":\"ImageObject\",\"@id\":\"https:\/\/insurancecorp.com.br\/pt\/#personlogo\",\"inLanguage\":\"pt-BR\",\"url\":\"https:\/\/secure.gravatar.com\/avatar\/17226f1f60486eb25d4c6b301ffed37f?s=96&d=mm&r=g\",\"caption\":\"Publica\\u00e7\\u00e3o\"}}]}<\/script>\n<!-- \/ Yoast SEO plugin. -->","_links":{"self":[{"href":"https:\/\/insurancecorp.com.br\/pt\/wp-json\/wp\/v2\/posts\/37998"}],"collection":[{"href":"https:\/\/insurancecorp.com.br\/pt\/wp-json\/wp\/v2\/posts"}],"about":[{"href":"https:\/\/insurancecorp.com.br\/pt\/wp-json\/wp\/v2\/types\/post"}],"author":[{"embeddable":true,"href":"https:\/\/insurancecorp.com.br\/pt\/wp-json\/wp\/v2\/users\/2"}],"replies":[{"embeddable":true,"href":"https:\/\/insurancecorp.com.br\/pt\/wp-json\/wp\/v2\/comments?post=37998"}],"version-history":[{"count":1,"href":"https:\/\/insurancecorp.com.br\/pt\/wp-json\/wp\/v2\/posts\/37998\/revisions"}],"predecessor-version":[{"id":38000,"href":"https:\/\/insurancecorp.com.br\/pt\/wp-json\/wp\/v2\/posts\/37998\/revisions\/38000"}],"wp:featuredmedia":[{"embeddable":true,"href":"https:\/\/insurancecorp.com.br\/pt\/wp-json\/wp\/v2\/media\/37999"}],"wp:attachment":[{"href":"https:\/\/insurancecorp.com.br\/pt\/wp-json\/wp\/v2\/media?parent=37998"}],"wp:term":[{"taxonomy":"category","embeddable":true,"href":"https:\/\/insurancecorp.com.br\/pt\/wp-json\/wp\/v2\/categories?post=37998"},{"taxonomy":"post_tag","embeddable":true,"href":"https:\/\/insurancecorp.com.br\/pt\/wp-json\/wp\/v2\/tags?post=37998"}],"curies":[{"name":"wp","href":"https:\/\/api.w.org\/{rel}","templated":true}]}}