{"id":37824,"date":"2022-10-17T20:29:23","date_gmt":"2022-10-17T23:29:23","guid":{"rendered":"https:\/\/insurancecorp.com.br\/pt\/?p=37824"},"modified":"2022-10-17T20:29:45","modified_gmt":"2022-10-17T23:29:45","slug":"grupo-bradesco-seguros-promove-mais-uma-edicao-do-festival-da-inovacao","status":"publish","type":"post","link":"https:\/\/insurancecorp.com.br\/pt\/2022\/10\/17\/grupo-bradesco-seguros-promove-mais-uma-edicao-do-festival-da-inovacao\/","title":{"rendered":"Grupo Bradesco Seguros promove mais uma edi\u00e7\u00e3o do Festival da Inova\u00e7\u00e3o"},"content":{"rendered":"<p>Entre os dias 18 e 21 de outubro, o Grupo Bradesco Seguros\u00a0promover\u00e1\u00a0o Festival da Inova\u00e7\u00e3o. Com o tema \u2018#Conex\u00f5es\u2019, o evento, aberto para a popula\u00e7\u00e3o em geral, ser\u00e1 on-line, gratuito e tem como objetivo estimular\u00a0<em>insights<\/em>\u00a0sobre como a inova\u00e7\u00e3o pode revolucionar o universo de seguros.<\/p>\n<p>Mediador do painel \u2018Inova\u00e7\u00e3o pelos quatro cantos do mundo\u2019 (18\/10, 10h) e diretor de Digital, CRM, Pesquisa e Inova\u00e7\u00e3o do Grupo, Fabio Dragone explica que o tema escolhido refor\u00e7a a import\u00e2ncia da troca de experi\u00eancias entre \u00e1reas distintas para alcan\u00e7ar mudan\u00e7as relevantes. \u201cA programa\u00e7\u00e3o do Festival foi cuidadosamente pensada para abranger temas importantes de Inova\u00e7\u00e3o e com um time diverso de palestrantes que enriquecer\u00e3o nossas conversas. O Grupo Bradesco Seguros espera que todo conhecimento trocado e adquirido no evento contribua para aprimorar o mercado de seguros\u201d.<\/p>\n<p>O evento conta com palestrantes especialistas e reconhecidos em suas \u00e1reas. Dentre alguns confirmados est\u00e3o: Iber\u00ea Ten\u00f3rio, jornalista e criador do canal no\u00a0<em>YouTube Manual do Mundo;\u00a0<\/em>Gisele Raulik, s\u00f3cia da\u00a0<em>DUCO Driving Design Strategies<\/em><em>,\u00a0<\/em>empresa de consultoria em gest\u00e3o estrat\u00e9gica e pesquisa em design; Edu Lyra, fundador e CEO do\u00a0<em>Instituto Gerando Falc\u00f5es<\/em><em>.<\/em><\/p>\n<p>Tamb\u00e9m estar\u00e3o no evento Karen Santos, destaque na lista Forbes Under 30 e fundadora da edtech\u00a0<em>\u201c<\/em><em>UX para Minas Pretas<\/em><em>\u201d<\/em>; Silvio Meira, cientista e professor em\u00e9rito\u00a0do\u00a0Centro de Inform\u00e1tica da UFPE; e Beia Carvalho, presidente da<em>\u00a05 Yea<\/em><em>rs From Now\u00ae<\/em><em>,\u00a0<\/em>um espa\u00e7o de reflex\u00e3o sobre o futuro dos neg\u00f3cios. O Festival tamb\u00e9m contar\u00e1 com executivos do Grupo Bradesco Seguros.<\/p>\n<p><strong>A programa\u00e7\u00e3o completa e os ingressos gratuitos est\u00e3o no site da\u00a0<a href=\"https:\/\/nam12.safelinks.protection.outlook.com\/?url=https%3A%2F%2Fwww.sympla.com.br%2Fevento-online%2Ffestival-da-inovacao-2022-bradesco-seguros%2F1751665&amp;data=05%7C01%7CBruna.Santos%40edelman.com%7Cb49c17dda69740e7f97f08daae0180fd%7Cb824bfb3918e43c2bb1cdcc1ba40a82b%7C0%7C0%7C638013618755649199%7CUnknown%7CTWFpbGZsb3d8eyJWIjoiMC4wLjAwMDAiLCJQIjoiV2luMzIiLCJBTiI6Ik1haWwiLCJXVCI6Mn0%3D%7C3000%7C%7C%7C&amp;sdata=jRc1v1IzRjWuO975hn%2BPrP8RRSxrtEROI8d6ekaU2f0%3D&amp;reserved=0\" target=\"_blank\" rel=\"noopener noreferrer\">Sympla<\/a>.<\/strong><\/p>\n<p><u>Servi\u00e7o:<\/u><\/p>\n<p>Festival da Inova\u00e7\u00e3o 2022 Bradesco Seguros<\/p>\n<p>De 18 a 21 de outubro<\/p>\n<p>Ingressos gratuitos pelo site\u00a0<a href=\"https:\/\/nam12.safelinks.protection.outlook.com\/?url=https%3A%2F%2Fwww.sympla.com.br%2Fevento-online%2Ffestival-da-inovacao-2022-bradesco-seguros%2F1751665&amp;data=05%7C01%7CBruna.Santos%40edelman.com%7Cb49c17dda69740e7f97f08daae0180fd%7Cb824bfb3918e43c2bb1cdcc1ba40a82b%7C0%7C0%7C638013618755805463%7CUnknown%7CTWFpbGZsb3d8eyJWIjoiMC4wLjAwMDAiLCJQIjoiV2luMzIiLCJBTiI6Ik1haWwiLCJXVCI6Mn0%3D%7C3000%7C%7C%7C&amp;sdata=9ZwKj2cAHlHLnHSL6c%2BUI7tiNknr8af7rtN02Q9VKCA%3D&amp;reserved=0\" target=\"_blank\" rel=\"noopener noreferrer\">Sympla<\/a><\/p>\n<p>Programa\u00e7\u00e3o:\u00a0<a href=\"https:\/\/nam12.safelinks.protection.outlook.com\/?url=https%3A%2F%2Fwww.festivaldainovacao.com.br%2F&amp;data=05%7C01%7CBruna.Santos%40edelman.com%7Cb49c17dda69740e7f97f08daae0180fd%7Cb824bfb3918e43c2bb1cdcc1ba40a82b%7C0%7C0%7C638013618755805463%7CUnknown%7CTWFpbGZsb3d8eyJWIjoiMC4wLjAwMDAiLCJQIjoiV2luMzIiLCJBTiI6Ik1haWwiLCJXVCI6Mn0%3D%7C3000%7C%7C%7C&amp;sdata=yiFz%2FAq2NM5C7tbhFgxm21C7lmezK7vsIexvYSPvtJc%3D&amp;reserved=0\" target=\"_blank\" rel=\"noopener noreferrer\">festivaldainovacao.com.br<\/a><\/p>\n<p><strong>Eldeman<\/strong><\/p>\n","protected":false},"excerpt":{"rendered":"<p>Entre os dias 18 e 21 de outubro, o Grupo Bradesco Seguros\u00a0promover\u00e1\u00a0o Festival da Inova\u00e7\u00e3o. Com o tema \u2018#Conex\u00f5es\u2019, o evento, aberto para a popula\u00e7\u00e3o em geral, ser\u00e1 on-line, gratuito e tem como objetivo estimular\u00a0insights\u00a0sobre como a inova\u00e7\u00e3o pode revolucionar o universo de seguros. Mediador do painel \u2018Inova\u00e7\u00e3o pelos quatro cantos do mundo\u2019 (18\/10, 10h) [&hellip;]<\/p>\n","protected":false},"author":2,"featured_media":37826,"comment_status":"open","ping_status":"open","sticky":false,"template":"","format":"standard","meta":[],"categories":[413],"tags":[],"jetpack_featured_media_url":"https:\/\/insurancecorp.com.br\/pt\/wp-content\/uploads\/2022\/10\/Abecor-Diretoria-20.jpg","yoast_head":"<!-- This site is optimized with the Yoast SEO plugin v14.8 - https:\/\/yoast.com\/wordpress\/plugins\/seo\/ -->\n<title>Grupo Bradesco Seguros promove mais uma edi\u00e7\u00e3o do Festival da Inova\u00e7\u00e3o | Revista Insurance Corp | PT-BR<\/title>\n<meta name=\"robots\" content=\"index, follow\" \/>\n<meta name=\"googlebot\" content=\"index, follow, max-snippet:-1, max-image-preview:large, max-video-preview:-1\" \/>\n<meta name=\"bingbot\" content=\"index, follow, max-snippet:-1, max-image-preview:large, max-video-preview:-1\" \/>\n<link rel=\"canonical\" href=\"https:\/\/insurancecorp.com.br\/pt\/2022\/10\/17\/grupo-bradesco-seguros-promove-mais-uma-edicao-do-festival-da-inovacao\/\" \/>\n<meta property=\"og:locale\" content=\"pt_BR\" \/>\n<meta property=\"og:type\" content=\"article\" \/>\n<meta property=\"og:title\" content=\"Grupo Bradesco Seguros promove mais uma edi\u00e7\u00e3o do Festival da Inova\u00e7\u00e3o | Revista Insurance Corp | PT-BR\" \/>\n<meta property=\"og:description\" content=\"Entre os dias 18 e 21 de outubro, o Grupo Bradesco Seguros\u00a0promover\u00e1\u00a0o Festival da Inova\u00e7\u00e3o. Com o tema \u2018#Conex\u00f5es\u2019, o evento, aberto para a popula\u00e7\u00e3o em geral, ser\u00e1 on-line, gratuito e tem como objetivo estimular\u00a0insights\u00a0sobre como a inova\u00e7\u00e3o pode revolucionar o universo de seguros. Mediador do painel \u2018Inova\u00e7\u00e3o pelos quatro cantos do mundo\u2019 (18\/10, 10h) [&hellip;]\" \/>\n<meta property=\"og:url\" content=\"https:\/\/insurancecorp.com.br\/pt\/2022\/10\/17\/grupo-bradesco-seguros-promove-mais-uma-edicao-do-festival-da-inovacao\/\" \/>\n<meta property=\"og:site_name\" content=\"Revista Insurance Corp | PT-BR\" \/>\n<meta property=\"article:publisher\" content=\"https:\/\/www.facebook.com\/RevistaInsuranceCorp\/\" \/>\n<meta property=\"article:published_time\" content=\"2022-10-17T23:29:23+00:00\" \/>\n<meta property=\"article:modified_time\" content=\"2022-10-17T23:29:45+00:00\" \/>\n<meta property=\"og:image\" content=\"https:\/\/insurancecorp.com.br\/pt\/wp-content\/uploads\/2022\/10\/Abecor-Diretoria-20.jpg\" \/>\n\t<meta property=\"og:image:width\" content=\"778\" \/>\n\t<meta property=\"og:image:height\" content=\"437\" \/>\n<meta name=\"twitter:card\" content=\"summary\" \/>\n<script type=\"application\/ld+json\" class=\"yoast-schema-graph\">{\"@context\":\"https:\/\/schema.org\",\"@graph\":[{\"@type\":\"Organization\",\"@id\":\"https:\/\/insurancecorp.com.br\/pt\/#organization\",\"name\":\"Revista Insurance Corp\",\"url\":\"https:\/\/insurancecorp.com.br\/pt\/\",\"sameAs\":[\"https:\/\/www.facebook.com\/RevistaInsuranceCorp\/\"],\"logo\":{\"@type\":\"ImageObject\",\"@id\":\"https:\/\/insurancecorp.com.br\/pt\/#logo\",\"inLanguage\":\"pt-BR\",\"url\":\"\",\"caption\":\"Revista Insurance Corp\"},\"image\":{\"@id\":\"https:\/\/insurancecorp.com.br\/pt\/#logo\"}},{\"@type\":\"WebSite\",\"@id\":\"https:\/\/insurancecorp.com.br\/pt\/#website\",\"url\":\"https:\/\/insurancecorp.com.br\/pt\/\",\"name\":\"Revista Insurance Corp | PT-BR\",\"description\":\"A \\u00fanica revista bil\\u00edngue voltada ao mercado de seguro.\",\"publisher\":{\"@id\":\"https:\/\/insurancecorp.com.br\/pt\/#organization\"},\"potentialAction\":[{\"@type\":\"SearchAction\",\"target\":\"https:\/\/insurancecorp.com.br\/pt\/?s={search_term_string}\",\"query-input\":\"required name=search_term_string\"}],\"inLanguage\":\"pt-BR\"},{\"@type\":\"ImageObject\",\"@id\":\"https:\/\/insurancecorp.com.br\/pt\/2022\/10\/17\/grupo-bradesco-seguros-promove-mais-uma-edicao-do-festival-da-inovacao\/#primaryimage\",\"inLanguage\":\"pt-BR\",\"url\":\"https:\/\/insurancecorp.com.br\/pt\/wp-content\/uploads\/2022\/10\/Abecor-Diretoria-20.jpg\",\"width\":778,\"height\":437},{\"@type\":\"WebPage\",\"@id\":\"https:\/\/insurancecorp.com.br\/pt\/2022\/10\/17\/grupo-bradesco-seguros-promove-mais-uma-edicao-do-festival-da-inovacao\/#webpage\",\"url\":\"https:\/\/insurancecorp.com.br\/pt\/2022\/10\/17\/grupo-bradesco-seguros-promove-mais-uma-edicao-do-festival-da-inovacao\/\",\"name\":\"Grupo Bradesco Seguros promove mais uma edi\\u00e7\\u00e3o do Festival da Inova\\u00e7\\u00e3o | Revista Insurance Corp | PT-BR\",\"isPartOf\":{\"@id\":\"https:\/\/insurancecorp.com.br\/pt\/#website\"},\"primaryImageOfPage\":{\"@id\":\"https:\/\/insurancecorp.com.br\/pt\/2022\/10\/17\/grupo-bradesco-seguros-promove-mais-uma-edicao-do-festival-da-inovacao\/#primaryimage\"},\"datePublished\":\"2022-10-17T23:29:23+00:00\",\"dateModified\":\"2022-10-17T23:29:45+00:00\",\"inLanguage\":\"pt-BR\",\"potentialAction\":[{\"@type\":\"ReadAction\",\"target\":[\"https:\/\/insurancecorp.com.br\/pt\/2022\/10\/17\/grupo-bradesco-seguros-promove-mais-uma-edicao-do-festival-da-inovacao\/\"]}]},{\"@type\":\"Article\",\"@id\":\"https:\/\/insurancecorp.com.br\/pt\/2022\/10\/17\/grupo-bradesco-seguros-promove-mais-uma-edicao-do-festival-da-inovacao\/#article\",\"isPartOf\":{\"@id\":\"https:\/\/insurancecorp.com.br\/pt\/2022\/10\/17\/grupo-bradesco-seguros-promove-mais-uma-edicao-do-festival-da-inovacao\/#webpage\"},\"author\":{\"@id\":\"https:\/\/insurancecorp.com.br\/pt\/#\/schema\/person\/1b69c8cf325f0b7167f1b171f52df4af\"},\"headline\":\"Grupo Bradesco Seguros promove mais uma edi\\u00e7\\u00e3o do Festival da Inova\\u00e7\\u00e3o\",\"datePublished\":\"2022-10-17T23:29:23+00:00\",\"dateModified\":\"2022-10-17T23:29:45+00:00\",\"mainEntityOfPage\":{\"@id\":\"https:\/\/insurancecorp.com.br\/pt\/2022\/10\/17\/grupo-bradesco-seguros-promove-mais-uma-edicao-do-festival-da-inovacao\/#webpage\"},\"commentCount\":0,\"publisher\":{\"@id\":\"https:\/\/insurancecorp.com.br\/pt\/#organization\"},\"image\":{\"@id\":\"https:\/\/insurancecorp.com.br\/pt\/2022\/10\/17\/grupo-bradesco-seguros-promove-mais-uma-edicao-do-festival-da-inovacao\/#primaryimage\"},\"articleSection\":\"Bradesco Seguros\",\"inLanguage\":\"pt-BR\",\"potentialAction\":[{\"@type\":\"CommentAction\",\"name\":\"Comment\",\"target\":[\"https:\/\/insurancecorp.com.br\/pt\/2022\/10\/17\/grupo-bradesco-seguros-promove-mais-uma-edicao-do-festival-da-inovacao\/#respond\"]}]},{\"@type\":\"Person\",\"@id\":\"https:\/\/insurancecorp.com.br\/pt\/#\/schema\/person\/1b69c8cf325f0b7167f1b171f52df4af\",\"name\":\"Publica\\u00e7\\u00e3o\",\"image\":{\"@type\":\"ImageObject\",\"@id\":\"https:\/\/insurancecorp.com.br\/pt\/#personlogo\",\"inLanguage\":\"pt-BR\",\"url\":\"https:\/\/secure.gravatar.com\/avatar\/17226f1f60486eb25d4c6b301ffed37f?s=96&d=mm&r=g\",\"caption\":\"Publica\\u00e7\\u00e3o\"}}]}<\/script>\n<!-- \/ Yoast SEO plugin. -->","_links":{"self":[{"href":"https:\/\/insurancecorp.com.br\/pt\/wp-json\/wp\/v2\/posts\/37824"}],"collection":[{"href":"https:\/\/insurancecorp.com.br\/pt\/wp-json\/wp\/v2\/posts"}],"about":[{"href":"https:\/\/insurancecorp.com.br\/pt\/wp-json\/wp\/v2\/types\/post"}],"author":[{"embeddable":true,"href":"https:\/\/insurancecorp.com.br\/pt\/wp-json\/wp\/v2\/users\/2"}],"replies":[{"embeddable":true,"href":"https:\/\/insurancecorp.com.br\/pt\/wp-json\/wp\/v2\/comments?post=37824"}],"version-history":[{"count":1,"href":"https:\/\/insurancecorp.com.br\/pt\/wp-json\/wp\/v2\/posts\/37824\/revisions"}],"predecessor-version":[{"id":37827,"href":"https:\/\/insurancecorp.com.br\/pt\/wp-json\/wp\/v2\/posts\/37824\/revisions\/37827"}],"wp:featuredmedia":[{"embeddable":true,"href":"https:\/\/insurancecorp.com.br\/pt\/wp-json\/wp\/v2\/media\/37826"}],"wp:attachment":[{"href":"https:\/\/insurancecorp.com.br\/pt\/wp-json\/wp\/v2\/media?parent=37824"}],"wp:term":[{"taxonomy":"category","embeddable":true,"href":"https:\/\/insurancecorp.com.br\/pt\/wp-json\/wp\/v2\/categories?post=37824"},{"taxonomy":"post_tag","embeddable":true,"href":"https:\/\/insurancecorp.com.br\/pt\/wp-json\/wp\/v2\/tags?post=37824"}],"curies":[{"name":"wp","href":"https:\/\/api.w.org\/{rel}","templated":true}]}}